{"id":3749,"date":"2022-03-28T14:12:05","date_gmt":"2022-03-28T12:12:05","guid":{"rendered":"https:\/\/aschaffenburgzweinull.stadtarchiv-digital.de\/?p=3749"},"modified":"2022-03-28T14:12:05","modified_gmt":"2022-03-28T12:12:05","slug":"badergasse","status":"publish","type":"post","link":"https:\/\/aschaffenburgzweinull.stadtarchiv-digital.de\/badergasse\/","title":{"rendered":"Badergasse"},"content":{"rendered":"<p>Die in der Unterstadt gelegene Badergasse verbindet in ostwestlicher Richtung Herstallstra\u00dfe und Ro\u00dfmarkt miteinander. Sie f\u00e4llt nach Westen leicht ab. Der Name der Gasse soll von den hier einst ans\u00e4ssigen Barbieren abgeleitet sein, die auch Badestuben unterhielten. Die fr\u00fcheste sichere Nennung einer Badstube in dieser Gasse stammt aus dem Jahr 1471. Neben den Badstuben gab es hier auch Tuchf\u00e4rber, Gerber und Seifensieder. Diese waren wohl vor allem auf der Seite des Welzbaches, also auf der s\u00fcdlichen Seite zu finden. Zwischen Ro\u00dfmarkt und der Einm\u00fcndung der Riesengasse befanden sich seit dem 15. Jh. der Hof der Grafen von Rieneck und gegen\u00fcber wohl eine Gruppe kleinb\u00fcrgerlicher Anwesen des 18. und 19. Jh. Der \u00fcbrige Teil der Stra\u00dfe war laut Grimm um 1800 mit Scheunen, Werkst\u00e4tten und G\u00e4rten besetzt. Noch heute zeigt die Badergasse keine einheitlich geschlossene Bebauung.<\/p>\n<p><strong>Badergasse 1<\/strong><\/p>\n<p>Mit einer bronzenen Gedenktafel erinnert die Stadt an den am 13. Januar 1819 in dem um 1825 errichteten Haus seines Vaters, des Seilermeisters Karl Hettinger, Badergasse 1 geborenen Franz Leonhard Hettinger. Der Theologe war eines von sieben Kindern der Familie Hettinger, von denen er als einziger das Gymnasium besuchte und anschlie\u00dfend in W\u00fcrzburg Theologie studierte. Im Alter von 30 Jahren ging Hettinger nach Rom, wo er 1843 zum Priester geweiht wurde. Zur\u00fcck in Franken arbeitete er als Kaplan, Subregens und lehrte als Professor in W\u00fcrzburg. 1868 ging er erneut nach Rom und beteiligte sich dort an der Vorbereitung des Ersten Vatikanischen Konzils. Daraufhin bot ihm Papst Pius IX. eine Stelle als Kurienkardinal an, die er wegen seines angeschlagenen Gesundheitszustandes ablehnte. Neben der Anbringung der Tafel ehrte die Stadt den Theologen mit der Ehrenb\u00fcrgerw\u00fcrde und benannte eine Stra\u00dfe nach dem erfolgreichen Sohn der Stadt.<\/p>\n<p><strong>Badergasse 7<\/strong><\/p>\n<p>Auf dem Grundst\u00fcck befinden sich zwei Geb\u00e4ude. Der zweigeschossige Walmdachbau war urspr\u00fcnglich eine Scheune. 1806 kaufte der Weinwirt Adam V\u00f6lker die mit der Scheune bebaute Fl\u00e4che des Anwesens Badergasse 5 von B\u00e4ckermeister Heinrich Knecht und baute die Scheune unter Beibehaltung des Gew\u00f6lbekellers und der Grundmauern zu einem Wohnhaus aus. Das Obergeschoss ist Fachwerk. Das gesamte Geb\u00e4ude ist verputzt. Der St.-Elisabethenverein e.V., der zun\u00e4chst sein Domizil in der Karlstra\u00dfe 92 nahe der Kapuzinerkirche hatte, war seit 1893 Eigent\u00fcmer des Anwesens. Der 1850 gegr\u00fcndete Verein hatte sich \u201edie Betreuung und materielle Hilfeleistung f\u00fcr Kranke und Bed\u00fcrftige\u201c der zu dieser Zeit ca. 6.000 Einwohner z\u00e4hlenden Stadt zum Ziel gesetzt. 1860 wurden in der Krankenpflege erfahrene Krankenschwestern der Niederbronner \u201eSchwestern des G\u00f6ttlichen Erl\u00f6sers\u201c aus dem Elsass nach Aschaffenburg berufen. Demnach wurde das Haus seit Ende des 19. Jh. als ambulante Krankenschwesternstation genutzt. Aufgrund wachsender Aufgaben und zunehmendem Personal wurde 1912\/13 auf dem Grundst\u00fcck ein weiteres Geb\u00e4ude errichtet, welches giebelst\u00e4ndig zur Riesengasse steht. Die Pl\u00e4ne dazu zeichnete Johann Scheuermann. Die Giebelfassade des ansonsten schlichten Mansardwalmdachbaus ist mit Gliederungen aus Rotsandstein versehen. An der Traufseite befindet sich ein breiter Zwerchgiebel, in der Riesengasse eine rundbogige Toreinfahrt mit Fu\u00dfg\u00e4ngerpforte. Im Verbindungsbau zwischen den beiden Geb\u00e4uden ist eine Kapelle untergebracht. Nachdem das Anwesen im Zweiten Weltkrieg durch Luftdruck und Artillerie besch\u00e4digt worden war, richtete man nach der Instandsetzung im Dachgeschoss Wohnungen f\u00fcr Fl\u00fcchtlinge ein. Die Sozialstation der ambulanten Krankenpflege wurde von der Caritas weitergef\u00fchrt. Die beiden H\u00e4user in der Badergasse 7 werden f\u00fcr Verwaltung und Pfleger\u00e4ume genutzt. In dem Anwesen hat sich einer der letzten innerst\u00e4dtischen G\u00e4rten erhalten.<\/p>\n<p>Quelle:<\/p>\n<p>Ina Gutzeit\/Hauke Kenzler: Kreisfreie Stadt Aschaffenburg. Ensembles, Baudenkm\u00e4ler, Bodendenkm\u00e4ler (Denkm\u00e4ler in Bayern. VI. Unterfranken, 71), M\u00fcnchen 2015. S. 12.<\/p>\n","protected":false},"excerpt":{"rendered":"<p>Die in der Unterstadt gelegene Badergasse verbindet in ostwestlicher Richtung Herstallstra\u00dfe und Ro\u00dfmarkt miteinander. Sie f\u00e4llt nach Westen leicht ab. Der Name der Gasse soll von den hier einst ans\u00e4ssigen [&hellip;]<\/p>\n","protected":false},"author":3,"featured_media":0,"comment_status":"open","ping_status":"open","sticky":false,"template":"","format":"standard","meta":{"_acf_changed":false,"footnotes":""},"categories":[542],"tags":[693,725,137,185,242,543,544,554,558,600,636,637,645,649,656],"post-format":[2],"post-content":[3,67],"class_list":["post-3749","post","type-post","status-publish","format-standard","hentry","category-baudenkmal","tag-gewoelbekeller","tag-gedenktafel","tag-kirche","tag-gasthaus","tag-verein","tag-babier","tag-badestube","tag-theologie","tag-kapelle","tag-franz-leonhard-hettinger","tag-johann-scheuermann","tag-walmdach","tag-mansarddach","tag-fachwerk","tag-kapuziner","format-information","content-image","content-text","project-denkmaltopographie"],"acf":[],"yoast_head":"<!-- This site is optimized with the Yoast SEO plugin v27.4 - https:\/\/yoast.com\/product\/yoast-seo-wordpress\/ -->\n<title>Badergasse - Aschaffenburg<\/title>\n<meta name=\"robots\" content=\"index, follow, max-snippet:-1, max-image-preview:large, max-video-preview:-1\" \/>\n<link rel=\"canonical\" href=\"https:\/\/aschaffenburgzweinull.stadtarchiv-digital.de\/badergasse\/\" \/>\n<meta property=\"og:locale\" content=\"de_DE\" \/>\n<meta property=\"og:type\" content=\"article\" \/>\n<meta property=\"og:title\" content=\"Badergasse - Aschaffenburg\" \/>\n<meta property=\"og:description\" content=\"Die in der Unterstadt gelegene Badergasse verbindet in ostwestlicher Richtung Herstallstra\u00dfe und Ro\u00dfmarkt miteinander. Sie f\u00e4llt nach Westen leicht ab. Der Name der Gasse soll von den hier einst ans\u00e4ssigen [&hellip;]\" \/>\n<meta property=\"og:url\" content=\"https:\/\/aschaffenburgzweinull.stadtarchiv-digital.de\/badergasse\/\" \/>\n<meta property=\"og:site_name\" content=\"Aschaffenburg\" \/>\n<meta property=\"article:published_time\" content=\"2022-03-28T12:12:05+00:00\" \/>\n<meta property=\"og:image\" content=\"https:\/\/aschaffenburgzweinull.stadtarchiv-digital.de\/wp-content\/uploads\/2020\/07\/Logo-Stadtarchiv-Aschaffenburg.png\" \/>\n\t<meta property=\"og:image:width\" content=\"379\" \/>\n\t<meta property=\"og:image:height\" content=\"70\" \/>\n\t<meta property=\"og:image:type\" content=\"image\/png\" \/>\n<meta name=\"author\" content=\"Aschaffenburg_2.0\" \/>\n<meta name=\"twitter:card\" content=\"summary_large_image\" \/>\n<meta name=\"twitter:label1\" content=\"Verfasst von\" \/>\n\t<meta name=\"twitter:data1\" content=\"Aschaffenburg_2.0\" \/>\n\t<meta name=\"twitter:label2\" content=\"Gesch\u00e4tzte Lesezeit\" \/>\n\t<meta name=\"twitter:data2\" content=\"4\u00a0Minuten\" \/>\n<script type=\"application\/ld+json\" class=\"yoast-schema-graph\">{\"@context\":\"https:\\\/\\\/schema.org\",\"@graph\":[{\"@type\":\"Article\",\"@id\":\"https:\\\/\\\/aschaffenburgzweinull.stadtarchiv-digital.de\\\/badergasse\\\/#article\",\"isPartOf\":{\"@id\":\"https:\\\/\\\/aschaffenburgzweinull.stadtarchiv-digital.de\\\/badergasse\\\/\"},\"author\":{\"name\":\"Aschaffenburg_2.0\",\"@id\":\"https:\\\/\\\/aschaffenburgzweinull.stadtarchiv-digital.de\\\/#\\\/schema\\\/person\\\/6620dad05f894110a34e3afd3c3cf3ff\"},\"headline\":\"Badergasse\",\"datePublished\":\"2022-03-28T12:12:05+00:00\",\"mainEntityOfPage\":{\"@id\":\"https:\\\/\\\/aschaffenburgzweinull.stadtarchiv-digital.de\\\/badergasse\\\/\"},\"wordCount\":597,\"commentCount\":0,\"keywords\":[\"Gew\u00f6lbekeller\",\"Gedenktafel\",\"Kirche\",\"Gasthaus\",\"Verein\",\"Babier\",\"Badestube\",\"Theologie\",\"Kapelle\",\"Franz Leonhard Hettinger\",\"Johann Scheuermann\",\"Walmdach\",\"Mansarddach\",\"Fachwerk\",\"Kapuziner\"],\"articleSection\":[\"Baudenkmal\"],\"inLanguage\":\"de\",\"potentialAction\":[{\"@type\":\"CommentAction\",\"name\":\"Comment\",\"target\":[\"https:\\\/\\\/aschaffenburgzweinull.stadtarchiv-digital.de\\\/badergasse\\\/#respond\"]}]},{\"@type\":\"WebPage\",\"@id\":\"https:\\\/\\\/aschaffenburgzweinull.stadtarchiv-digital.de\\\/badergasse\\\/\",\"url\":\"https:\\\/\\\/aschaffenburgzweinull.stadtarchiv-digital.de\\\/badergasse\\\/\",\"name\":\"Badergasse - Aschaffenburg\",\"isPartOf\":{\"@id\":\"https:\\\/\\\/aschaffenburgzweinull.stadtarchiv-digital.de\\\/#website\"},\"datePublished\":\"2022-03-28T12:12:05+00:00\",\"author\":{\"@id\":\"https:\\\/\\\/aschaffenburgzweinull.stadtarchiv-digital.de\\\/#\\\/schema\\\/person\\\/6620dad05f894110a34e3afd3c3cf3ff\"},\"breadcrumb\":{\"@id\":\"https:\\\/\\\/aschaffenburgzweinull.stadtarchiv-digital.de\\\/badergasse\\\/#breadcrumb\"},\"inLanguage\":\"de\",\"potentialAction\":[{\"@type\":\"ReadAction\",\"target\":[\"https:\\\/\\\/aschaffenburgzweinull.stadtarchiv-digital.de\\\/badergasse\\\/\"]}]},{\"@type\":\"BreadcrumbList\",\"@id\":\"https:\\\/\\\/aschaffenburgzweinull.stadtarchiv-digital.de\\\/badergasse\\\/#breadcrumb\",\"itemListElement\":[{\"@type\":\"ListItem\",\"position\":1,\"name\":\"Startseite\",\"item\":\"https:\\\/\\\/aschaffenburgzweinull.stadtarchiv-digital.de\\\/\"},{\"@type\":\"ListItem\",\"position\":2,\"name\":\"Badergasse\"}]},{\"@type\":\"WebSite\",\"@id\":\"https:\\\/\\\/aschaffenburgzweinull.stadtarchiv-digital.de\\\/#website\",\"url\":\"https:\\\/\\\/aschaffenburgzweinull.stadtarchiv-digital.de\\\/\",\"name\":\"Aschaffenburg\",\"description\":\"2.0\",\"potentialAction\":[{\"@type\":\"SearchAction\",\"target\":{\"@type\":\"EntryPoint\",\"urlTemplate\":\"https:\\\/\\\/aschaffenburgzweinull.stadtarchiv-digital.de\\\/?s={search_term_string}\"},\"query-input\":{\"@type\":\"PropertyValueSpecification\",\"valueRequired\":true,\"valueName\":\"search_term_string\"}}],\"inLanguage\":\"de\"},{\"@type\":\"Person\",\"@id\":\"https:\\\/\\\/aschaffenburgzweinull.stadtarchiv-digital.de\\\/#\\\/schema\\\/person\\\/6620dad05f894110a34e3afd3c3cf3ff\",\"name\":\"Aschaffenburg_2.0\",\"url\":\"https:\\\/\\\/aschaffenburgzweinull.stadtarchiv-digital.de\\\/author\\\/aschaffenburg_2-0\\\/\"}]}<\/script>\n<!-- \/ Yoast SEO plugin. -->","yoast_head_json":{"title":"Badergasse - Aschaffenburg","robots":{"index":"index","follow":"follow","max-snippet":"max-snippet:-1","max-image-preview":"max-image-preview:large","max-video-preview":"max-video-preview:-1"},"canonical":"https:\/\/aschaffenburgzweinull.stadtarchiv-digital.de\/badergasse\/","og_locale":"de_DE","og_type":"article","og_title":"Badergasse - Aschaffenburg","og_description":"Die in der Unterstadt gelegene Badergasse verbindet in ostwestlicher Richtung Herstallstra\u00dfe und Ro\u00dfmarkt miteinander. Sie f\u00e4llt nach Westen leicht ab. Der Name der Gasse soll von den hier einst ans\u00e4ssigen [&hellip;]","og_url":"https:\/\/aschaffenburgzweinull.stadtarchiv-digital.de\/badergasse\/","og_site_name":"Aschaffenburg","article_published_time":"2022-03-28T12:12:05+00:00","og_image":[{"width":379,"height":70,"url":"https:\/\/aschaffenburgzweinull.stadtarchiv-digital.de\/wp-content\/uploads\/2020\/07\/Logo-Stadtarchiv-Aschaffenburg.png","type":"image\/png"}],"author":"Aschaffenburg_2.0","twitter_card":"summary_large_image","twitter_misc":{"Verfasst von":"Aschaffenburg_2.0","Gesch\u00e4tzte Lesezeit":"4\u00a0Minuten"},"schema":{"@context":"https:\/\/schema.org","@graph":[{"@type":"Article","@id":"https:\/\/aschaffenburgzweinull.stadtarchiv-digital.de\/badergasse\/#article","isPartOf":{"@id":"https:\/\/aschaffenburgzweinull.stadtarchiv-digital.de\/badergasse\/"},"author":{"name":"Aschaffenburg_2.0","@id":"https:\/\/aschaffenburgzweinull.stadtarchiv-digital.de\/#\/schema\/person\/6620dad05f894110a34e3afd3c3cf3ff"},"headline":"Badergasse","datePublished":"2022-03-28T12:12:05+00:00","mainEntityOfPage":{"@id":"https:\/\/aschaffenburgzweinull.stadtarchiv-digital.de\/badergasse\/"},"wordCount":597,"commentCount":0,"keywords":["Gew\u00f6lbekeller","Gedenktafel","Kirche","Gasthaus","Verein","Babier","Badestube","Theologie","Kapelle","Franz Leonhard Hettinger","Johann Scheuermann","Walmdach","Mansarddach","Fachwerk","Kapuziner"],"articleSection":["Baudenkmal"],"inLanguage":"de","potentialAction":[{"@type":"CommentAction","name":"Comment","target":["https:\/\/aschaffenburgzweinull.stadtarchiv-digital.de\/badergasse\/#respond"]}]},{"@type":"WebPage","@id":"https:\/\/aschaffenburgzweinull.stadtarchiv-digital.de\/badergasse\/","url":"https:\/\/aschaffenburgzweinull.stadtarchiv-digital.de\/badergasse\/","name":"Badergasse - Aschaffenburg","isPartOf":{"@id":"https:\/\/aschaffenburgzweinull.stadtarchiv-digital.de\/#website"},"datePublished":"2022-03-28T12:12:05+00:00","author":{"@id":"https:\/\/aschaffenburgzweinull.stadtarchiv-digital.de\/#\/schema\/person\/6620dad05f894110a34e3afd3c3cf3ff"},"breadcrumb":{"@id":"https:\/\/aschaffenburgzweinull.stadtarchiv-digital.de\/badergasse\/#breadcrumb"},"inLanguage":"de","potentialAction":[{"@type":"ReadAction","target":["https:\/\/aschaffenburgzweinull.stadtarchiv-digital.de\/badergasse\/"]}]},{"@type":"BreadcrumbList","@id":"https:\/\/aschaffenburgzweinull.stadtarchiv-digital.de\/badergasse\/#breadcrumb","itemListElement":[{"@type":"ListItem","position":1,"name":"Startseite","item":"https:\/\/aschaffenburgzweinull.stadtarchiv-digital.de\/"},{"@type":"ListItem","position":2,"name":"Badergasse"}]},{"@type":"WebSite","@id":"https:\/\/aschaffenburgzweinull.stadtarchiv-digital.de\/#website","url":"https:\/\/aschaffenburgzweinull.stadtarchiv-digital.de\/","name":"Aschaffenburg","description":"2.0","potentialAction":[{"@type":"SearchAction","target":{"@type":"EntryPoint","urlTemplate":"https:\/\/aschaffenburgzweinull.stadtarchiv-digital.de\/?s={search_term_string}"},"query-input":{"@type":"PropertyValueSpecification","valueRequired":true,"valueName":"search_term_string"}}],"inLanguage":"de"},{"@type":"Person","@id":"https:\/\/aschaffenburgzweinull.stadtarchiv-digital.de\/#\/schema\/person\/6620dad05f894110a34e3afd3c3cf3ff","name":"Aschaffenburg_2.0","url":"https:\/\/aschaffenburgzweinull.stadtarchiv-digital.de\/author\/aschaffenburg_2-0\/"}]}},"_links":{"self":[{"href":"https:\/\/aschaffenburgzweinull.stadtarchiv-digital.de\/data\/wp\/v2\/posts\/3749","targetHints":{"allow":["GET"]}}],"collection":[{"href":"https:\/\/aschaffenburgzweinull.stadtarchiv-digital.de\/data\/wp\/v2\/posts"}],"about":[{"href":"https:\/\/aschaffenburgzweinull.stadtarchiv-digital.de\/data\/wp\/v2\/types\/post"}],"author":[{"embeddable":true,"href":"https:\/\/aschaffenburgzweinull.stadtarchiv-digital.de\/data\/wp\/v2\/users\/3"}],"replies":[{"embeddable":true,"href":"https:\/\/aschaffenburgzweinull.stadtarchiv-digital.de\/data\/wp\/v2\/comments?post=3749"}],"version-history":[{"count":4,"href":"https:\/\/aschaffenburgzweinull.stadtarchiv-digital.de\/data\/wp\/v2\/posts\/3749\/revisions"}],"predecessor-version":[{"id":4933,"href":"https:\/\/aschaffenburgzweinull.stadtarchiv-digital.de\/data\/wp\/v2\/posts\/3749\/revisions\/4933"}],"wp:attachment":[{"href":"https:\/\/aschaffenburgzweinull.stadtarchiv-digital.de\/data\/wp\/v2\/media?parent=3749"}],"wp:term":[{"taxonomy":"category","embeddable":true,"href":"https:\/\/aschaffenburgzweinull.stadtarchiv-digital.de\/data\/wp\/v2\/categories?post=3749"},{"taxonomy":"post_tag","embeddable":true,"href":"https:\/\/aschaffenburgzweinull.stadtarchiv-digital.de\/data\/wp\/v2\/tags?post=3749"},{"taxonomy":"format","embeddable":true,"href":"https:\/\/aschaffenburgzweinull.stadtarchiv-digital.de\/data\/wp\/v2\/post-format?post=3749"},{"taxonomy":"content","embeddable":true,"href":"https:\/\/aschaffenburgzweinull.stadtarchiv-digital.de\/data\/wp\/v2\/post-content?post=3749"}],"curies":[{"name":"wp","href":"https:\/\/api.w.org\/{rel}","templated":true}]}}