{"id":3534,"date":"2021-12-17T15:39:40","date_gmt":"2021-12-17T14:39:40","guid":{"rendered":"https:\/\/aschaffenburgzweinull.stadtarchiv-digital.de\/?p=3534"},"modified":"2022-01-19T22:16:30","modified_gmt":"2022-01-19T21:16:30","slug":"kriegsweihnacht-1942-43","status":"publish","type":"post","link":"https:\/\/aschaffenburgzweinull.stadtarchiv-digital.de\/kriegsweihnacht-1942-43\/","title":{"rendered":"Kriegsweihnacht 1942\/43"},"content":{"rendered":"<p>Zur Weihnachtszeit wurde im Stadtlabor &#8222;Aschaffenburg 2.0&#8220; ein <a href=\"https:\/\/aschaffenburgzweinull.stadtarchiv-digital.de\/sammlungsaufruf-zur-weihnachtszeit\/\">Sammlungsaufruf zum Thema Weihnachten<\/a> gestartet. Einige der eingereichten Geschichten und Erinnerungen k\u00f6nnen hier und in weiteren Beitr\u00e4gen nun gelesen werden.<\/p>\n<p><strong>von Gertrud Fleckenstein (97 Jahre)<\/strong><\/p>\n<p>Damals waren wir drei unzertrennliche Freundinnen im sch\u00f6nsten Jugendalter, so um die 18, und Lehrlinge in Modeberufen, Modistin und Damenschneiderin. Zusammen gingen wir durch Dick und D\u00fcnn! Wir hatten wenig Freiraum, um uns zu entfalten, der Sog der Zeit riss uns mit. Unsere Jugendzeit wurde vom Krieg verschluckt, kein Tanz, kein Vergn\u00fcgen. Selbst der Kinofilm wurde vom Fliegeralarm abgew\u00fcrgt.<\/p>\n<p>Die Jungs in unserem Alter waren im Arbeitsdienst, oder bereits an der Front. Wir trafen unsere Schulkameraden nur bei kurzem Heimaturlaub f\u00fcr wenige Tage. Meist waren wir gemeinsam auf der \u201eAlmh\u00fctte\u201c in Schweinheim, oder am \u201eR\u00fcschelberg\u201c-H\u00e4uschen. Wir sa\u00dfen zusammen bei Wasserbier und sangen die neuesten Soldatenlieder, die ich mit der Mund- oder Ziehharmonika begleitete. Unsere Melodien klangen harmonisch durch die verdunkelten Fenster und T\u00fcren und zogen auch andere G\u00e4ste an. Unterbrochen wurden wir nur vom Dr\u00f6hnen der Bombengeschwader \u00fcber uns, dann wurden wir stumm, unsere Fronturlauber auch &#8211; unbegreiflich!<\/p>\n<p>Weit weg von der Stadt sahen wir die Scheinwerfer den Himmel absuchen, oder die \u201eChristb\u00e4ume\u201c, die ihr Ziel ausleuchteten. Drau\u00dfen in der Nacht hatten wir wenig Angst. Angst ja, mit der mussten wir leben. Wir sangen mit unseren Schulkameraden die Welt sch\u00f6n, aber in Wirklichkeit war die Welt eine b\u00f6se Fratze. Alles ist aus den Fugen geraten, was war richtig? Was war falsch? Nach jeder Bombenacht kam ein neuer Tag und das Licht am Ende des Tunnels wurde immer d\u00fcsterer.<\/p>\n<p>Wieder stand eine Kriegsweihnacht vor der T\u00fcr. Die Christb\u00e4ume ohne Kerzen, \u201eLametta\u201c lie\u00dfen die Bomben vom Himmel fallen und das Leben ging weiter.<\/p>\n<p>Nun komme ich eigentlich zum Herz meiner Geschichte:<\/p>\n<p>Wir, meine zwei Freundinnen und ich, bekamen einen besonderen Auftrag: Das Christkind zu vertreten. Nach kurzer Beratung stimmten wir zu. Maria war die Gr\u00f6\u00dfte und verk\u00f6rperte den Nikolaus, Anneliese das Christkind und ich, da ich Mundharmonika spielte, den Engel mit dem Gl\u00f6ckchen. An der Verkleidung wurde gebastelt, verworfen und das Unm\u00f6gliche m\u00f6glich gemacht. Annelieses Eltern halfen uns beim Anziehen. Wir sahen \u00fcberzeugend gut aus!<\/p>\n<p>Da es drau\u00dfen, wegen der Verdunkelung, stockfinster war, begleitete uns Annelieses Bruder mit dem Besenstiel. Er musste aber nicht einschreiten. Wir lie\u00dfen unsere Gl\u00f6ckchen kr\u00e4ftig bimmeln und pl\u00f6tzlich \u00f6ffneten sich verdunkelte Fenster und T\u00fcren! Man rief uns herein, informierte uns kurz im Treppenhaus \u00fcber Lob und Tadel der Kleinen. Unser Erscheinen war Angst und Freude, denn der Nikolaus war auch dabei! Wir sahen die strahlenden Kinderaugen, wir h\u00f6rten \u00e4ngstliche Gebete und sogar das \u201eVater unser\u201c! Aber wir bemerkten auch die heimlichen Tr\u00e4nen der Erwachsenen, die an ihre Halbwaisen dachten. Am Ende sang die ganze Familie unsere sch\u00f6nen alten Weihnachtslieder mit uns, meine Mundharmonika \u00fcberbr\u00fcckte die l\u00e4ngst vergessenen Texte.<\/p>\n<p>In dieser heiligen Nach f\u00fchrte uns unser Gl\u00f6ckchen noch in so manche Wohnstube, auch in die der Ausgebombten \u2013 kein Licht, kein Stern, nur kahle Weihnachtsb\u00e4ume. Wir wurden mit Pl\u00e4tzchen beschenkt und manchmal auch mit Geld, womit wir \u00fcberhaupt nicht gerechnet hatten.<\/p>\n<p>Wir teilten alles durch drei und kamen kurz vor Mitternacht heim. Ich wurde kr\u00e4ftig angeschimpft, denn der Heilige Abend bei uns daheim war vorbei. Der Gang zur Mitternachtsmesse verlief stumm. Am Ersten Weihnachtstag habe ich daheim von meinem n\u00e4chtlichen Erlebnis erz\u00e4hlt, von den strahlenden Kinderaugen, aber auch von den versteckten Tr\u00e4nen. Und man hat mich auch verstanden!<\/p>\n<p>Schade, Maria, der Nikolaus, und Anneliese, das Christkind, k\u00f6nnen meinen Bericht nicht mehr best\u00e4tigen, aber meine Gl\u00f6ckchen l\u00e4uten nun f\u00fcr sie!<\/p>\n<p>&nbsp;<\/p>\n","protected":false},"excerpt":{"rendered":"<p>Zur Weihnachtszeit wurde im Stadtlabor &#8222;Aschaffenburg 2.0&#8220; ein Sammlungsaufruf zum Thema Weihnachten gestartet. Einige der eingereichten Geschichten und Erinnerungen k\u00f6nnen hier und in weiteren Beitr\u00e4gen nun gelesen werden. von Gertrud [&hellip;]<\/p>\n","protected":false},"author":3,"featured_media":0,"comment_status":"open","ping_status":"open","sticky":false,"template":"","format":"standard","meta":{"_acf_changed":false,"footnotes":""},"categories":[38,41,42],"tags":[33,515],"post-format":[44],"post-content":[3,67],"class_list":["post-3534","post","type-post","status-publish","format-standard","hentry","category-geschichte","category-leben","category-persoenliches","tag-zweiter-weltkrieg","tag-weihnachten","format-beobachtung","content-image","content-text","project-stadtarchiv"],"acf":[],"yoast_head":"<!-- This site is optimized with the Yoast SEO plugin v27.4 - https:\/\/yoast.com\/product\/yoast-seo-wordpress\/ -->\n<title>Kriegsweihnacht 1942\/43 - Aschaffenburg<\/title>\n<meta name=\"robots\" content=\"index, follow, max-snippet:-1, max-image-preview:large, max-video-preview:-1\" \/>\n<link rel=\"canonical\" href=\"https:\/\/aschaffenburgzweinull.stadtarchiv-digital.de\/kriegsweihnacht-1942-43\/\" \/>\n<meta property=\"og:locale\" content=\"de_DE\" \/>\n<meta property=\"og:type\" content=\"article\" \/>\n<meta property=\"og:title\" content=\"Kriegsweihnacht 1942\/43 - Aschaffenburg\" \/>\n<meta property=\"og:description\" content=\"Zur Weihnachtszeit wurde im Stadtlabor &#8222;Aschaffenburg 2.0&#8220; ein Sammlungsaufruf zum Thema Weihnachten gestartet. Einige der eingereichten Geschichten und Erinnerungen k\u00f6nnen hier und in weiteren Beitr\u00e4gen nun gelesen werden. von Gertrud [&hellip;]\" \/>\n<meta property=\"og:url\" content=\"https:\/\/aschaffenburgzweinull.stadtarchiv-digital.de\/kriegsweihnacht-1942-43\/\" \/>\n<meta property=\"og:site_name\" content=\"Aschaffenburg\" \/>\n<meta property=\"article:published_time\" content=\"2021-12-17T14:39:40+00:00\" \/>\n<meta property=\"article:modified_time\" content=\"2022-01-19T21:16:30+00:00\" \/>\n<meta property=\"og:image\" content=\"https:\/\/aschaffenburgzweinull.stadtarchiv-digital.de\/wp-content\/uploads\/2020\/07\/Logo-Stadtarchiv-Aschaffenburg.png\" \/>\n\t<meta property=\"og:image:width\" content=\"379\" \/>\n\t<meta property=\"og:image:height\" content=\"70\" \/>\n\t<meta property=\"og:image:type\" content=\"image\/png\" \/>\n<meta name=\"author\" content=\"Aschaffenburg_2.0\" \/>\n<meta name=\"twitter:card\" content=\"summary_large_image\" \/>\n<meta name=\"twitter:label1\" content=\"Verfasst von\" \/>\n\t<meta name=\"twitter:data1\" content=\"Aschaffenburg_2.0\" \/>\n\t<meta name=\"twitter:label2\" content=\"Gesch\u00e4tzte Lesezeit\" \/>\n\t<meta name=\"twitter:data2\" content=\"3\u00a0Minuten\" \/>\n<script type=\"application\/ld+json\" class=\"yoast-schema-graph\">{\"@context\":\"https:\\\/\\\/schema.org\",\"@graph\":[{\"@type\":\"Article\",\"@id\":\"https:\\\/\\\/aschaffenburgzweinull.stadtarchiv-digital.de\\\/kriegsweihnacht-1942-43\\\/#article\",\"isPartOf\":{\"@id\":\"https:\\\/\\\/aschaffenburgzweinull.stadtarchiv-digital.de\\\/kriegsweihnacht-1942-43\\\/\"},\"author\":{\"name\":\"Aschaffenburg_2.0\",\"@id\":\"https:\\\/\\\/aschaffenburgzweinull.stadtarchiv-digital.de\\\/#\\\/schema\\\/person\\\/6620dad05f894110a34e3afd3c3cf3ff\"},\"headline\":\"Kriegsweihnacht 1942\\\/43\",\"datePublished\":\"2021-12-17T14:39:40+00:00\",\"dateModified\":\"2022-01-19T21:16:30+00:00\",\"mainEntityOfPage\":{\"@id\":\"https:\\\/\\\/aschaffenburgzweinull.stadtarchiv-digital.de\\\/kriegsweihnacht-1942-43\\\/\"},\"wordCount\":634,\"commentCount\":0,\"keywords\":[\"Zweiter Weltkrieg\",\"Weihnachten\"],\"articleSection\":[\"Geschichte\",\"Leben\",\"Pers\u00f6nliches\"],\"inLanguage\":\"de\",\"potentialAction\":[{\"@type\":\"CommentAction\",\"name\":\"Comment\",\"target\":[\"https:\\\/\\\/aschaffenburgzweinull.stadtarchiv-digital.de\\\/kriegsweihnacht-1942-43\\\/#respond\"]}]},{\"@type\":\"WebPage\",\"@id\":\"https:\\\/\\\/aschaffenburgzweinull.stadtarchiv-digital.de\\\/kriegsweihnacht-1942-43\\\/\",\"url\":\"https:\\\/\\\/aschaffenburgzweinull.stadtarchiv-digital.de\\\/kriegsweihnacht-1942-43\\\/\",\"name\":\"Kriegsweihnacht 1942\\\/43 - Aschaffenburg\",\"isPartOf\":{\"@id\":\"https:\\\/\\\/aschaffenburgzweinull.stadtarchiv-digital.de\\\/#website\"},\"datePublished\":\"2021-12-17T14:39:40+00:00\",\"dateModified\":\"2022-01-19T21:16:30+00:00\",\"author\":{\"@id\":\"https:\\\/\\\/aschaffenburgzweinull.stadtarchiv-digital.de\\\/#\\\/schema\\\/person\\\/6620dad05f894110a34e3afd3c3cf3ff\"},\"breadcrumb\":{\"@id\":\"https:\\\/\\\/aschaffenburgzweinull.stadtarchiv-digital.de\\\/kriegsweihnacht-1942-43\\\/#breadcrumb\"},\"inLanguage\":\"de\",\"potentialAction\":[{\"@type\":\"ReadAction\",\"target\":[\"https:\\\/\\\/aschaffenburgzweinull.stadtarchiv-digital.de\\\/kriegsweihnacht-1942-43\\\/\"]}]},{\"@type\":\"BreadcrumbList\",\"@id\":\"https:\\\/\\\/aschaffenburgzweinull.stadtarchiv-digital.de\\\/kriegsweihnacht-1942-43\\\/#breadcrumb\",\"itemListElement\":[{\"@type\":\"ListItem\",\"position\":1,\"name\":\"Startseite\",\"item\":\"https:\\\/\\\/aschaffenburgzweinull.stadtarchiv-digital.de\\\/\"},{\"@type\":\"ListItem\",\"position\":2,\"name\":\"Kriegsweihnacht 1942\\\/43\"}]},{\"@type\":\"WebSite\",\"@id\":\"https:\\\/\\\/aschaffenburgzweinull.stadtarchiv-digital.de\\\/#website\",\"url\":\"https:\\\/\\\/aschaffenburgzweinull.stadtarchiv-digital.de\\\/\",\"name\":\"Aschaffenburg\",\"description\":\"2.0\",\"potentialAction\":[{\"@type\":\"SearchAction\",\"target\":{\"@type\":\"EntryPoint\",\"urlTemplate\":\"https:\\\/\\\/aschaffenburgzweinull.stadtarchiv-digital.de\\\/?s={search_term_string}\"},\"query-input\":{\"@type\":\"PropertyValueSpecification\",\"valueRequired\":true,\"valueName\":\"search_term_string\"}}],\"inLanguage\":\"de\"},{\"@type\":\"Person\",\"@id\":\"https:\\\/\\\/aschaffenburgzweinull.stadtarchiv-digital.de\\\/#\\\/schema\\\/person\\\/6620dad05f894110a34e3afd3c3cf3ff\",\"name\":\"Aschaffenburg_2.0\",\"url\":\"https:\\\/\\\/aschaffenburgzweinull.stadtarchiv-digital.de\\\/author\\\/aschaffenburg_2-0\\\/\"}]}<\/script>\n<!-- \/ Yoast SEO plugin. -->","yoast_head_json":{"title":"Kriegsweihnacht 1942\/43 - Aschaffenburg","robots":{"index":"index","follow":"follow","max-snippet":"max-snippet:-1","max-image-preview":"max-image-preview:large","max-video-preview":"max-video-preview:-1"},"canonical":"https:\/\/aschaffenburgzweinull.stadtarchiv-digital.de\/kriegsweihnacht-1942-43\/","og_locale":"de_DE","og_type":"article","og_title":"Kriegsweihnacht 1942\/43 - Aschaffenburg","og_description":"Zur Weihnachtszeit wurde im Stadtlabor &#8222;Aschaffenburg 2.0&#8220; ein Sammlungsaufruf zum Thema Weihnachten gestartet. Einige der eingereichten Geschichten und Erinnerungen k\u00f6nnen hier und in weiteren Beitr\u00e4gen nun gelesen werden. von Gertrud [&hellip;]","og_url":"https:\/\/aschaffenburgzweinull.stadtarchiv-digital.de\/kriegsweihnacht-1942-43\/","og_site_name":"Aschaffenburg","article_published_time":"2021-12-17T14:39:40+00:00","article_modified_time":"2022-01-19T21:16:30+00:00","og_image":[{"width":379,"height":70,"url":"https:\/\/aschaffenburgzweinull.stadtarchiv-digital.de\/wp-content\/uploads\/2020\/07\/Logo-Stadtarchiv-Aschaffenburg.png","type":"image\/png"}],"author":"Aschaffenburg_2.0","twitter_card":"summary_large_image","twitter_misc":{"Verfasst von":"Aschaffenburg_2.0","Gesch\u00e4tzte Lesezeit":"3\u00a0Minuten"},"schema":{"@context":"https:\/\/schema.org","@graph":[{"@type":"Article","@id":"https:\/\/aschaffenburgzweinull.stadtarchiv-digital.de\/kriegsweihnacht-1942-43\/#article","isPartOf":{"@id":"https:\/\/aschaffenburgzweinull.stadtarchiv-digital.de\/kriegsweihnacht-1942-43\/"},"author":{"name":"Aschaffenburg_2.0","@id":"https:\/\/aschaffenburgzweinull.stadtarchiv-digital.de\/#\/schema\/person\/6620dad05f894110a34e3afd3c3cf3ff"},"headline":"Kriegsweihnacht 1942\/43","datePublished":"2021-12-17T14:39:40+00:00","dateModified":"2022-01-19T21:16:30+00:00","mainEntityOfPage":{"@id":"https:\/\/aschaffenburgzweinull.stadtarchiv-digital.de\/kriegsweihnacht-1942-43\/"},"wordCount":634,"commentCount":0,"keywords":["Zweiter Weltkrieg","Weihnachten"],"articleSection":["Geschichte","Leben","Pers\u00f6nliches"],"inLanguage":"de","potentialAction":[{"@type":"CommentAction","name":"Comment","target":["https:\/\/aschaffenburgzweinull.stadtarchiv-digital.de\/kriegsweihnacht-1942-43\/#respond"]}]},{"@type":"WebPage","@id":"https:\/\/aschaffenburgzweinull.stadtarchiv-digital.de\/kriegsweihnacht-1942-43\/","url":"https:\/\/aschaffenburgzweinull.stadtarchiv-digital.de\/kriegsweihnacht-1942-43\/","name":"Kriegsweihnacht 1942\/43 - Aschaffenburg","isPartOf":{"@id":"https:\/\/aschaffenburgzweinull.stadtarchiv-digital.de\/#website"},"datePublished":"2021-12-17T14:39:40+00:00","dateModified":"2022-01-19T21:16:30+00:00","author":{"@id":"https:\/\/aschaffenburgzweinull.stadtarchiv-digital.de\/#\/schema\/person\/6620dad05f894110a34e3afd3c3cf3ff"},"breadcrumb":{"@id":"https:\/\/aschaffenburgzweinull.stadtarchiv-digital.de\/kriegsweihnacht-1942-43\/#breadcrumb"},"inLanguage":"de","potentialAction":[{"@type":"ReadAction","target":["https:\/\/aschaffenburgzweinull.stadtarchiv-digital.de\/kriegsweihnacht-1942-43\/"]}]},{"@type":"BreadcrumbList","@id":"https:\/\/aschaffenburgzweinull.stadtarchiv-digital.de\/kriegsweihnacht-1942-43\/#breadcrumb","itemListElement":[{"@type":"ListItem","position":1,"name":"Startseite","item":"https:\/\/aschaffenburgzweinull.stadtarchiv-digital.de\/"},{"@type":"ListItem","position":2,"name":"Kriegsweihnacht 1942\/43"}]},{"@type":"WebSite","@id":"https:\/\/aschaffenburgzweinull.stadtarchiv-digital.de\/#website","url":"https:\/\/aschaffenburgzweinull.stadtarchiv-digital.de\/","name":"Aschaffenburg","description":"2.0","potentialAction":[{"@type":"SearchAction","target":{"@type":"EntryPoint","urlTemplate":"https:\/\/aschaffenburgzweinull.stadtarchiv-digital.de\/?s={search_term_string}"},"query-input":{"@type":"PropertyValueSpecification","valueRequired":true,"valueName":"search_term_string"}}],"inLanguage":"de"},{"@type":"Person","@id":"https:\/\/aschaffenburgzweinull.stadtarchiv-digital.de\/#\/schema\/person\/6620dad05f894110a34e3afd3c3cf3ff","name":"Aschaffenburg_2.0","url":"https:\/\/aschaffenburgzweinull.stadtarchiv-digital.de\/author\/aschaffenburg_2-0\/"}]}},"_links":{"self":[{"href":"https:\/\/aschaffenburgzweinull.stadtarchiv-digital.de\/data\/wp\/v2\/posts\/3534","targetHints":{"allow":["GET"]}}],"collection":[{"href":"https:\/\/aschaffenburgzweinull.stadtarchiv-digital.de\/data\/wp\/v2\/posts"}],"about":[{"href":"https:\/\/aschaffenburgzweinull.stadtarchiv-digital.de\/data\/wp\/v2\/types\/post"}],"author":[{"embeddable":true,"href":"https:\/\/aschaffenburgzweinull.stadtarchiv-digital.de\/data\/wp\/v2\/users\/3"}],"replies":[{"embeddable":true,"href":"https:\/\/aschaffenburgzweinull.stadtarchiv-digital.de\/data\/wp\/v2\/comments?post=3534"}],"version-history":[{"count":9,"href":"https:\/\/aschaffenburgzweinull.stadtarchiv-digital.de\/data\/wp\/v2\/posts\/3534\/revisions"}],"predecessor-version":[{"id":3595,"href":"https:\/\/aschaffenburgzweinull.stadtarchiv-digital.de\/data\/wp\/v2\/posts\/3534\/revisions\/3595"}],"wp:attachment":[{"href":"https:\/\/aschaffenburgzweinull.stadtarchiv-digital.de\/data\/wp\/v2\/media?parent=3534"}],"wp:term":[{"taxonomy":"category","embeddable":true,"href":"https:\/\/aschaffenburgzweinull.stadtarchiv-digital.de\/data\/wp\/v2\/categories?post=3534"},{"taxonomy":"post_tag","embeddable":true,"href":"https:\/\/aschaffenburgzweinull.stadtarchiv-digital.de\/data\/wp\/v2\/tags?post=3534"},{"taxonomy":"format","embeddable":true,"href":"https:\/\/aschaffenburgzweinull.stadtarchiv-digital.de\/data\/wp\/v2\/post-format?post=3534"},{"taxonomy":"content","embeddable":true,"href":"https:\/\/aschaffenburgzweinull.stadtarchiv-digital.de\/data\/wp\/v2\/post-content?post=3534"}],"curies":[{"name":"wp","href":"https:\/\/api.w.org\/{rel}","templated":true}]}}