{"id":3355,"date":"2021-11-24T12:34:22","date_gmt":"2021-11-24T11:34:22","guid":{"rendered":"https:\/\/aschaffenburgzweinull.stadtarchiv-digital.de\/?p=3355"},"modified":"2022-01-19T22:16:30","modified_gmt":"2022-01-19T21:16:30","slug":"pilgerreise-nach-rom-1925","status":"publish","type":"post","link":"https:\/\/aschaffenburgzweinull.stadtarchiv-digital.de\/pilgerreise-nach-rom-1925\/","title":{"rendered":"Pilgerreise nach Rom 1925"},"content":{"rendered":"<p>Rom \u2013 die ewige Stadt! Welcher religi\u00f6se oder altertumsbegeisterte Mensch hat nicht schon einmal Lust versp\u00fcrt, eine Reise nach Rom zu unternehmen?<\/p>\n<p>Diese aus 38 Personen bestehende Reisegruppe unternahm 1925 eine Pilgerreise nach Rom und lie\u00df sich vor dem Vatikanischen Obelisk fotografieren. Er steht im Mittelpunkt des Peterplatzes und wurde 1586 aufgestellt. Um den \u00fcber 300 Tonnen schweren Obelisken zu transportieren und aufzustellen, waren 150 Pferde, 900 M\u00e4nner und 47 Seilwinden n\u00f6tig. Unter den Teilnehmern war der 67j\u00e4hrige Max Josef Lenk (1858-1932) aus Haibach, er ist der \u00e4ltere Mann links hinter dem mittleren markanten Pfosten, etwa in der Bildmitte.<\/p>\n<p>An der Fahrt nahmen auch viele Aschaffenburger teil. Erkennt jemand weitere Personen? F\u00fcr Hinweise sind wir sehr dankbar. Hinweise bitte an: <a href=\"mailto:Matthias.Klotz@aschaffenburg.de\">Matthias.Klotz@aschaffenburg.de<\/a><\/p>\n<p><u>Quellen:<\/u><\/p>\n<p>https:\/\/de.wikipedia.org\/wiki\/Vatikanischer_Obelisk<\/p>\n<p>Das Foto hat uns Doris Buller, Haibach, zur Verf\u00fcgung gestellt.<\/p>\n","protected":false},"excerpt":{"rendered":"<p>Rom \u2013 die ewige Stadt! Welcher religi\u00f6se oder altertumsbegeisterte Mensch hat nicht schon einmal Lust versp\u00fcrt, eine Reise nach Rom zu unternehmen? Diese aus 38 Personen bestehende Reisegruppe unternahm 1925 [&hellip;]<\/p>\n","protected":false},"author":40,"featured_media":0,"comment_status":"open","ping_status":"open","sticky":false,"template":"","format":"standard","meta":{"_acf_changed":false,"footnotes":""},"categories":[39,1,38],"tags":[517,96,516],"post-format":[2],"post-content":[3,67],"class_list":["post-3355","post","type-post","status-publish","format-standard","hentry","category-kultur","category-bildung","category-geschichte","tag-vatikan","tag-pilger","tag-rom","format-information","content-image","content-text","project-stadtarchiv"],"acf":[],"yoast_head":"<!-- This site is optimized with the Yoast SEO plugin v27.4 - https:\/\/yoast.com\/product\/yoast-seo-wordpress\/ -->\n<title>Pilgerreise nach Rom 1925 - Aschaffenburg<\/title>\n<meta name=\"robots\" content=\"index, follow, max-snippet:-1, max-image-preview:large, max-video-preview:-1\" \/>\n<link rel=\"canonical\" href=\"https:\/\/aschaffenburgzweinull.stadtarchiv-digital.de\/pilgerreise-nach-rom-1925\/\" \/>\n<meta property=\"og:locale\" content=\"de_DE\" \/>\n<meta property=\"og:type\" content=\"article\" \/>\n<meta property=\"og:title\" content=\"Pilgerreise nach Rom 1925 - Aschaffenburg\" \/>\n<meta property=\"og:description\" content=\"Rom \u2013 die ewige Stadt! Welcher religi\u00f6se oder altertumsbegeisterte Mensch hat nicht schon einmal Lust versp\u00fcrt, eine Reise nach Rom zu unternehmen? Diese aus 38 Personen bestehende Reisegruppe unternahm 1925 [&hellip;]\" \/>\n<meta property=\"og:url\" content=\"https:\/\/aschaffenburgzweinull.stadtarchiv-digital.de\/pilgerreise-nach-rom-1925\/\" \/>\n<meta property=\"og:site_name\" content=\"Aschaffenburg\" \/>\n<meta property=\"article:published_time\" content=\"2021-11-24T11:34:22+00:00\" \/>\n<meta property=\"article:modified_time\" content=\"2022-01-19T21:16:30+00:00\" \/>\n<meta property=\"og:image\" content=\"https:\/\/aschaffenburgzweinull.stadtarchiv-digital.de\/wp-content\/uploads\/2020\/07\/Logo-Stadtarchiv-Aschaffenburg.png\" \/>\n\t<meta property=\"og:image:width\" content=\"379\" \/>\n\t<meta property=\"og:image:height\" content=\"70\" \/>\n\t<meta property=\"og:image:type\" content=\"image\/png\" \/>\n<meta name=\"author\" content=\"KlotzMatthias\" \/>\n<meta name=\"twitter:card\" content=\"summary_large_image\" \/>\n<meta name=\"twitter:label1\" content=\"Verfasst von\" \/>\n\t<meta name=\"twitter:data1\" content=\"KlotzMatthias\" \/>\n\t<meta name=\"twitter:label2\" content=\"Gesch\u00e4tzte Lesezeit\" \/>\n\t<meta name=\"twitter:data2\" content=\"1\u00a0Minute\" \/>\n<script type=\"application\/ld+json\" class=\"yoast-schema-graph\">{\"@context\":\"https:\\\/\\\/schema.org\",\"@graph\":[{\"@type\":\"Article\",\"@id\":\"https:\\\/\\\/aschaffenburgzweinull.stadtarchiv-digital.de\\\/pilgerreise-nach-rom-1925\\\/#article\",\"isPartOf\":{\"@id\":\"https:\\\/\\\/aschaffenburgzweinull.stadtarchiv-digital.de\\\/pilgerreise-nach-rom-1925\\\/\"},\"author\":{\"name\":\"KlotzMatthias\",\"@id\":\"https:\\\/\\\/aschaffenburgzweinull.stadtarchiv-digital.de\\\/#\\\/schema\\\/person\\\/8672a8c8425105971cb82cbbe0df75eb\"},\"headline\":\"Pilgerreise nach Rom 1925\",\"datePublished\":\"2021-11-24T11:34:22+00:00\",\"dateModified\":\"2022-01-19T21:16:30+00:00\",\"mainEntityOfPage\":{\"@id\":\"https:\\\/\\\/aschaffenburgzweinull.stadtarchiv-digital.de\\\/pilgerreise-nach-rom-1925\\\/\"},\"wordCount\":144,\"commentCount\":0,\"keywords\":[\"Vatikan\",\"Pilger\",\"Rom\"],\"articleSection\":[\"Kultur\",\"Bildung\",\"Geschichte\"],\"inLanguage\":\"de\",\"potentialAction\":[{\"@type\":\"CommentAction\",\"name\":\"Comment\",\"target\":[\"https:\\\/\\\/aschaffenburgzweinull.stadtarchiv-digital.de\\\/pilgerreise-nach-rom-1925\\\/#respond\"]}]},{\"@type\":\"WebPage\",\"@id\":\"https:\\\/\\\/aschaffenburgzweinull.stadtarchiv-digital.de\\\/pilgerreise-nach-rom-1925\\\/\",\"url\":\"https:\\\/\\\/aschaffenburgzweinull.stadtarchiv-digital.de\\\/pilgerreise-nach-rom-1925\\\/\",\"name\":\"Pilgerreise nach Rom 1925 - Aschaffenburg\",\"isPartOf\":{\"@id\":\"https:\\\/\\\/aschaffenburgzweinull.stadtarchiv-digital.de\\\/#website\"},\"datePublished\":\"2021-11-24T11:34:22+00:00\",\"dateModified\":\"2022-01-19T21:16:30+00:00\",\"author\":{\"@id\":\"https:\\\/\\\/aschaffenburgzweinull.stadtarchiv-digital.de\\\/#\\\/schema\\\/person\\\/8672a8c8425105971cb82cbbe0df75eb\"},\"breadcrumb\":{\"@id\":\"https:\\\/\\\/aschaffenburgzweinull.stadtarchiv-digital.de\\\/pilgerreise-nach-rom-1925\\\/#breadcrumb\"},\"inLanguage\":\"de\",\"potentialAction\":[{\"@type\":\"ReadAction\",\"target\":[\"https:\\\/\\\/aschaffenburgzweinull.stadtarchiv-digital.de\\\/pilgerreise-nach-rom-1925\\\/\"]}]},{\"@type\":\"BreadcrumbList\",\"@id\":\"https:\\\/\\\/aschaffenburgzweinull.stadtarchiv-digital.de\\\/pilgerreise-nach-rom-1925\\\/#breadcrumb\",\"itemListElement\":[{\"@type\":\"ListItem\",\"position\":1,\"name\":\"Startseite\",\"item\":\"https:\\\/\\\/aschaffenburgzweinull.stadtarchiv-digital.de\\\/\"},{\"@type\":\"ListItem\",\"position\":2,\"name\":\"Pilgerreise nach Rom 1925\"}]},{\"@type\":\"WebSite\",\"@id\":\"https:\\\/\\\/aschaffenburgzweinull.stadtarchiv-digital.de\\\/#website\",\"url\":\"https:\\\/\\\/aschaffenburgzweinull.stadtarchiv-digital.de\\\/\",\"name\":\"Aschaffenburg\",\"description\":\"2.0\",\"potentialAction\":[{\"@type\":\"SearchAction\",\"target\":{\"@type\":\"EntryPoint\",\"urlTemplate\":\"https:\\\/\\\/aschaffenburgzweinull.stadtarchiv-digital.de\\\/?s={search_term_string}\"},\"query-input\":{\"@type\":\"PropertyValueSpecification\",\"valueRequired\":true,\"valueName\":\"search_term_string\"}}],\"inLanguage\":\"de\"},{\"@type\":\"Person\",\"@id\":\"https:\\\/\\\/aschaffenburgzweinull.stadtarchiv-digital.de\\\/#\\\/schema\\\/person\\\/8672a8c8425105971cb82cbbe0df75eb\",\"name\":\"KlotzMatthias\",\"url\":\"https:\\\/\\\/aschaffenburgzweinull.stadtarchiv-digital.de\\\/author\\\/klotzmatthias\\\/\"}]}<\/script>\n<!-- \/ Yoast SEO plugin. -->","yoast_head_json":{"title":"Pilgerreise nach Rom 1925 - Aschaffenburg","robots":{"index":"index","follow":"follow","max-snippet":"max-snippet:-1","max-image-preview":"max-image-preview:large","max-video-preview":"max-video-preview:-1"},"canonical":"https:\/\/aschaffenburgzweinull.stadtarchiv-digital.de\/pilgerreise-nach-rom-1925\/","og_locale":"de_DE","og_type":"article","og_title":"Pilgerreise nach Rom 1925 - Aschaffenburg","og_description":"Rom \u2013 die ewige Stadt! Welcher religi\u00f6se oder altertumsbegeisterte Mensch hat nicht schon einmal Lust versp\u00fcrt, eine Reise nach Rom zu unternehmen? Diese aus 38 Personen bestehende Reisegruppe unternahm 1925 [&hellip;]","og_url":"https:\/\/aschaffenburgzweinull.stadtarchiv-digital.de\/pilgerreise-nach-rom-1925\/","og_site_name":"Aschaffenburg","article_published_time":"2021-11-24T11:34:22+00:00","article_modified_time":"2022-01-19T21:16:30+00:00","og_image":[{"width":379,"height":70,"url":"https:\/\/aschaffenburgzweinull.stadtarchiv-digital.de\/wp-content\/uploads\/2020\/07\/Logo-Stadtarchiv-Aschaffenburg.png","type":"image\/png"}],"author":"KlotzMatthias","twitter_card":"summary_large_image","twitter_misc":{"Verfasst von":"KlotzMatthias","Gesch\u00e4tzte Lesezeit":"1\u00a0Minute"},"schema":{"@context":"https:\/\/schema.org","@graph":[{"@type":"Article","@id":"https:\/\/aschaffenburgzweinull.stadtarchiv-digital.de\/pilgerreise-nach-rom-1925\/#article","isPartOf":{"@id":"https:\/\/aschaffenburgzweinull.stadtarchiv-digital.de\/pilgerreise-nach-rom-1925\/"},"author":{"name":"KlotzMatthias","@id":"https:\/\/aschaffenburgzweinull.stadtarchiv-digital.de\/#\/schema\/person\/8672a8c8425105971cb82cbbe0df75eb"},"headline":"Pilgerreise nach Rom 1925","datePublished":"2021-11-24T11:34:22+00:00","dateModified":"2022-01-19T21:16:30+00:00","mainEntityOfPage":{"@id":"https:\/\/aschaffenburgzweinull.stadtarchiv-digital.de\/pilgerreise-nach-rom-1925\/"},"wordCount":144,"commentCount":0,"keywords":["Vatikan","Pilger","Rom"],"articleSection":["Kultur","Bildung","Geschichte"],"inLanguage":"de","potentialAction":[{"@type":"CommentAction","name":"Comment","target":["https:\/\/aschaffenburgzweinull.stadtarchiv-digital.de\/pilgerreise-nach-rom-1925\/#respond"]}]},{"@type":"WebPage","@id":"https:\/\/aschaffenburgzweinull.stadtarchiv-digital.de\/pilgerreise-nach-rom-1925\/","url":"https:\/\/aschaffenburgzweinull.stadtarchiv-digital.de\/pilgerreise-nach-rom-1925\/","name":"Pilgerreise nach Rom 1925 - Aschaffenburg","isPartOf":{"@id":"https:\/\/aschaffenburgzweinull.stadtarchiv-digital.de\/#website"},"datePublished":"2021-11-24T11:34:22+00:00","dateModified":"2022-01-19T21:16:30+00:00","author":{"@id":"https:\/\/aschaffenburgzweinull.stadtarchiv-digital.de\/#\/schema\/person\/8672a8c8425105971cb82cbbe0df75eb"},"breadcrumb":{"@id":"https:\/\/aschaffenburgzweinull.stadtarchiv-digital.de\/pilgerreise-nach-rom-1925\/#breadcrumb"},"inLanguage":"de","potentialAction":[{"@type":"ReadAction","target":["https:\/\/aschaffenburgzweinull.stadtarchiv-digital.de\/pilgerreise-nach-rom-1925\/"]}]},{"@type":"BreadcrumbList","@id":"https:\/\/aschaffenburgzweinull.stadtarchiv-digital.de\/pilgerreise-nach-rom-1925\/#breadcrumb","itemListElement":[{"@type":"ListItem","position":1,"name":"Startseite","item":"https:\/\/aschaffenburgzweinull.stadtarchiv-digital.de\/"},{"@type":"ListItem","position":2,"name":"Pilgerreise nach Rom 1925"}]},{"@type":"WebSite","@id":"https:\/\/aschaffenburgzweinull.stadtarchiv-digital.de\/#website","url":"https:\/\/aschaffenburgzweinull.stadtarchiv-digital.de\/","name":"Aschaffenburg","description":"2.0","potentialAction":[{"@type":"SearchAction","target":{"@type":"EntryPoint","urlTemplate":"https:\/\/aschaffenburgzweinull.stadtarchiv-digital.de\/?s={search_term_string}"},"query-input":{"@type":"PropertyValueSpecification","valueRequired":true,"valueName":"search_term_string"}}],"inLanguage":"de"},{"@type":"Person","@id":"https:\/\/aschaffenburgzweinull.stadtarchiv-digital.de\/#\/schema\/person\/8672a8c8425105971cb82cbbe0df75eb","name":"KlotzMatthias","url":"https:\/\/aschaffenburgzweinull.stadtarchiv-digital.de\/author\/klotzmatthias\/"}]}},"_links":{"self":[{"href":"https:\/\/aschaffenburgzweinull.stadtarchiv-digital.de\/data\/wp\/v2\/posts\/3355","targetHints":{"allow":["GET"]}}],"collection":[{"href":"https:\/\/aschaffenburgzweinull.stadtarchiv-digital.de\/data\/wp\/v2\/posts"}],"about":[{"href":"https:\/\/aschaffenburgzweinull.stadtarchiv-digital.de\/data\/wp\/v2\/types\/post"}],"author":[{"embeddable":true,"href":"https:\/\/aschaffenburgzweinull.stadtarchiv-digital.de\/data\/wp\/v2\/users\/40"}],"replies":[{"embeddable":true,"href":"https:\/\/aschaffenburgzweinull.stadtarchiv-digital.de\/data\/wp\/v2\/comments?post=3355"}],"version-history":[{"count":4,"href":"https:\/\/aschaffenburgzweinull.stadtarchiv-digital.de\/data\/wp\/v2\/posts\/3355\/revisions"}],"predecessor-version":[{"id":3359,"href":"https:\/\/aschaffenburgzweinull.stadtarchiv-digital.de\/data\/wp\/v2\/posts\/3355\/revisions\/3359"}],"wp:attachment":[{"href":"https:\/\/aschaffenburgzweinull.stadtarchiv-digital.de\/data\/wp\/v2\/media?parent=3355"}],"wp:term":[{"taxonomy":"category","embeddable":true,"href":"https:\/\/aschaffenburgzweinull.stadtarchiv-digital.de\/data\/wp\/v2\/categories?post=3355"},{"taxonomy":"post_tag","embeddable":true,"href":"https:\/\/aschaffenburgzweinull.stadtarchiv-digital.de\/data\/wp\/v2\/tags?post=3355"},{"taxonomy":"format","embeddable":true,"href":"https:\/\/aschaffenburgzweinull.stadtarchiv-digital.de\/data\/wp\/v2\/post-format?post=3355"},{"taxonomy":"content","embeddable":true,"href":"https:\/\/aschaffenburgzweinull.stadtarchiv-digital.de\/data\/wp\/v2\/post-content?post=3355"}],"curies":[{"name":"wp","href":"https:\/\/api.w.org\/{rel}","templated":true}]}}