{"id":3338,"date":"2021-11-19T08:50:49","date_gmt":"2021-11-19T07:50:49","guid":{"rendered":"https:\/\/aschaffenburgzweinull.stadtarchiv-digital.de\/?post_type=podcast&#038;p=3338"},"modified":"2022-03-23T10:17:33","modified_gmt":"2022-03-23T09:17:33","slug":"lebensgeschichten-der-digitalisierung-5-die-digitalisierung-buergermeister-leiderer-im-gespraech-mit-digitalministerin-gerlach","status":"publish","type":"post","link":"https:\/\/aschaffenburgzweinull.stadtarchiv-digital.de\/lebensgeschichten-der-digitalisierung-5-die-digitalisierung-buergermeister-leiderer-im-gespraech-mit-digitalministerin-gerlach\/","title":{"rendered":"Lebensgeschichten der Digitalisierung (5): Verwaltungsdigitalisierung &#8211; B\u00fcrgermeister Leiderer im Gespr\u00e4ch mit Digitalministerin Gerlach"},"content":{"rendered":"<p>Was braucht es, um die Digitalisierung vor Ort in der Stadt, in den Kommunen, in Bayern und auch im ganzen Bund erfolgreich zu gestalten? Dieser komplexen Frage widmen sich die Staatsministerin f\u00fcr Digitales Judith Gerlach und der Aschaffenburger B\u00fcrgermeister Eric Leiderer. In der neuen Folge der Podcast-Reihe &#8222;Lebensgeschichten der Digitalisierung&#8220; stehen die Schritte hin zu einer b\u00fcrgernahen und gesamtgesellschaftlichen Digitalisierung, die notwendigen Ver\u00e4nderungen in den Prozessen der Stadtverwaltung sowie die Schulung und Aufkl\u00e4rung von Personal und Gesellschaft im Umgang mit den Herausforderungen der digitalen Umw\u00e4lzung zur Debatte.<\/p>\n<p>Das Gespr\u00e4ch f\u00fchrten Judith Gerlach und Eric Leiderer, moderiert von Martin Schwarzkopf und Moni M\u00fcnch vom Main-Echo.<\/p>\n<div>\n<p>Judith Gerlach (Jg. 1985) ist Staatsministerin f\u00fcr Digitales. Sie studierte Rechtswissenschaften in W\u00fcrzburg (erste juristische Staatspr\u00fcfung 2010, 2011-2013 juristisches Referendariat in W\u00fcrzburg, 2012-2013 zweite juristische Staatspr\u00fcfung), danach erfolgte die Zulassung als Rechtsanw\u00e4ltin. Seit dem Jahr 2013 ist sie Mitglied des Bayerischen Landtags. Seit dem 12. November 2018 ist Judith Gerlach Staatsministerin f\u00fcr Digitales.<\/p>\n<\/div>\n<div>\n<p>Eric Leiderer (Jg. 1972) absolvierte 1988 eine Ausbildung als Zerspannungsmechaniker und trat w\u00e4hrenddessen der IG Metall bei. 1999 wurde er hauptamtlicher Gesch\u00e4ftssekret\u00e4r bei der IG Metall mit den Arbeitsschwerpunkten Jugend, Bildung und Mitgliedergewinnung. Es schlossen sich 2007 bis 2009 eine Ausbildung zum systemischen Berater und 2018 ein zertifiziertes Studium in General Management an. 2020 wurde Eric Leiderer zum B\u00fcrgermeister der Stadt Aschaffenburg gew\u00e4hlt. Dort leitet er das Referat f\u00fcr Digitalstrategie, Personalmanagement und zentrale Dienste.<\/p>\n<p>Martin Schwarzkopf (Jg. 1970) absolvierte 1997 den Master in Gesellschaftswissenschaften, Englisch und Geschichte. Seit 2014 ist er Chefredakteur beim Medienhaus Main-Echo. In seiner Freizeit gibt er sich dem Ausdauersport hin und ist lizensierter Fu\u00dfball-Trainer und Feuerwehrmann.<\/p>\n<p>Moni M\u00fcnch arbeitet als Digitalreporterin in der Main-Echo-Onlineredaktion. Dort ist sie in erster Linie f\u00fcr die digitale Umsetzung regionaler Themen in und um Aschaffenburg zust\u00e4ndig und produziert unter anderem Videos und Podcasts. Moni M\u00fcnch wurde 1980 in Aschaffenburg geboren und hat nach dem Abitur in Marburg und Limerick (Irland) Anglistik, Germanistik und Gender Studies studiert. Nach ihrem Volontariat arbeitete sie zun\u00e4chst etliche Jahre als Reporterin und Editorin in der Main-Echo Print-Redaktion, bevor sie sich auf den digitalen Journalismus spezialisierte. \u200b<\/p>\n<p>In Kooperation zwischen der Stadt Aschaffenburg und dem Medienhaus Main-Echo erscheint heute die f\u00fcnfte Folge der neuen Podcast-Reihe &#8222;Lebensgeschichten der Digitalisierung&#8220;. Ziel der Reihe ist es, mithilfe eines pers\u00f6nlichen Blicks in die Geschichte der Digitalisierung neue Impulse f\u00fcr die Zukunft zu bekommen. Solche &#8222;Lebensgeschichten der Digitalisierung&#8220; sch\u00e4rfen unser Verst\u00e4ndnis aktueller Entwicklungen und machen nicht zuletzt Mut, das digitale Zeitalter als gesamtgesellschaftliche Aufgabe anzunehmen und mitzugestalten.<\/p>\n<p>Der Podcast kann bei verschiedenen Podcast-Anbietern geh\u00f6rt werden: <a href=\"https:\/\/open.spotify.com\/show\/48UZbVzKCwuUThbsky0cNy\">Spotify<\/a>, <a href=\"https:\/\/podcasts.apple.com\/de\/podcast\/lebensgeschichten-der-digitalisierung\/id1575729433?l=en\">Apple Podcasts,<\/a> <a href=\"https:\/\/www.deezer.com\/de\/show\/2820882\">Deezer<\/a>, <a href=\"https:\/\/www.podcast.de\/podcast\/2552898\/lebensgeschichten-der-digitalisierung\">Podcast.de<\/a><\/p>\n<p>Viel Spa\u00df beim Zuh\u00f6ren!<\/p>\n<\/div>\n","protected":false},"excerpt":{"rendered":"<p>Was braucht es, um die Digitalisierung vor Ort in der Stadt, in den Kommunen, in Bayern und auch im ganzen Bund erfolgreich zu gestalten? Dieser komplexen Frage widmen sich die [&hellip;]<\/p>\n","protected":false},"author":3,"featured_media":0,"comment_status":"open","ping_status":"closed","sticky":false,"template":"","format":"standard","meta":{"_acf_changed":false,"footnotes":""},"categories":[1],"tags":[216,356],"post-format":[2],"post-content":[9,67],"class_list":["post-3338","post","type-post","status-publish","format-standard","hentry","category-bildung","tag-digitalisierung","tag-digitaler-wandel","format-information","content-audio","content-text","project-podcast-lebensgeschichten-der-digitalisierung"],"acf":[],"yoast_head":"<!-- This site is optimized with the Yoast SEO plugin v27.4 - https:\/\/yoast.com\/product\/yoast-seo-wordpress\/ -->\n<title>Lebensgeschichten der Digitalisierung (5): Verwaltungsdigitalisierung - B\u00fcrgermeister Leiderer im Gespr\u00e4ch mit Digitalministerin Gerlach - Aschaffenburg<\/title>\n<meta name=\"robots\" content=\"index, follow, max-snippet:-1, max-image-preview:large, max-video-preview:-1\" \/>\n<link rel=\"canonical\" href=\"https:\/\/aschaffenburgzweinull.stadtarchiv-digital.de\/lebensgeschichten-der-digitalisierung-5-die-digitalisierung-buergermeister-leiderer-im-gespraech-mit-digitalministerin-gerlach\/\" \/>\n<meta property=\"og:locale\" content=\"de_DE\" \/>\n<meta property=\"og:type\" content=\"article\" \/>\n<meta property=\"og:title\" content=\"Lebensgeschichten der Digitalisierung (5): Verwaltungsdigitalisierung - B\u00fcrgermeister Leiderer im Gespr\u00e4ch mit Digitalministerin Gerlach - Aschaffenburg\" \/>\n<meta property=\"og:description\" content=\"Was braucht es, um die Digitalisierung vor Ort in der Stadt, in den Kommunen, in Bayern und auch im ganzen Bund erfolgreich zu gestalten? Dieser komplexen Frage widmen sich die [&hellip;]\" \/>\n<meta property=\"og:url\" content=\"https:\/\/aschaffenburgzweinull.stadtarchiv-digital.de\/lebensgeschichten-der-digitalisierung-5-die-digitalisierung-buergermeister-leiderer-im-gespraech-mit-digitalministerin-gerlach\/\" \/>\n<meta property=\"og:site_name\" content=\"Aschaffenburg\" \/>\n<meta property=\"article:published_time\" content=\"2021-11-19T07:50:49+00:00\" \/>\n<meta property=\"article:modified_time\" content=\"2022-03-23T09:17:33+00:00\" \/>\n<meta property=\"og:image\" content=\"https:\/\/aschaffenburgzweinull.stadtarchiv-digital.de\/wp-content\/uploads\/2020\/07\/Logo-Stadtarchiv-Aschaffenburg.png\" \/>\n\t<meta property=\"og:image:width\" content=\"379\" \/>\n\t<meta property=\"og:image:height\" content=\"70\" \/>\n\t<meta property=\"og:image:type\" content=\"image\/png\" \/>\n<meta name=\"author\" content=\"Aschaffenburg_2.0\" \/>\n<meta name=\"twitter:card\" content=\"summary_large_image\" \/>\n<meta name=\"twitter:label1\" content=\"Verfasst von\" \/>\n\t<meta name=\"twitter:data1\" content=\"Aschaffenburg_2.0\" \/>\n\t<meta name=\"twitter:label2\" content=\"Gesch\u00e4tzte Lesezeit\" \/>\n\t<meta name=\"twitter:data2\" content=\"2\u00a0Minuten\" \/>\n<script type=\"application\/ld+json\" class=\"yoast-schema-graph\">{\"@context\":\"https:\\\/\\\/schema.org\",\"@graph\":[{\"@type\":\"Article\",\"@id\":\"https:\\\/\\\/aschaffenburgzweinull.stadtarchiv-digital.de\\\/lebensgeschichten-der-digitalisierung-5-die-digitalisierung-buergermeister-leiderer-im-gespraech-mit-digitalministerin-gerlach\\\/#article\",\"isPartOf\":{\"@id\":\"https:\\\/\\\/aschaffenburgzweinull.stadtarchiv-digital.de\\\/lebensgeschichten-der-digitalisierung-5-die-digitalisierung-buergermeister-leiderer-im-gespraech-mit-digitalministerin-gerlach\\\/\"},\"author\":{\"name\":\"Aschaffenburg_2.0\",\"@id\":\"https:\\\/\\\/aschaffenburgzweinull.stadtarchiv-digital.de\\\/#\\\/schema\\\/person\\\/6620dad05f894110a34e3afd3c3cf3ff\"},\"headline\":\"Lebensgeschichten der Digitalisierung (5): Verwaltungsdigitalisierung &#8211; B\u00fcrgermeister Leiderer im Gespr\u00e4ch mit Digitalministerin Gerlach\",\"datePublished\":\"2021-11-19T07:50:49+00:00\",\"dateModified\":\"2022-03-23T09:17:33+00:00\",\"mainEntityOfPage\":{\"@id\":\"https:\\\/\\\/aschaffenburgzweinull.stadtarchiv-digital.de\\\/lebensgeschichten-der-digitalisierung-5-die-digitalisierung-buergermeister-leiderer-im-gespraech-mit-digitalministerin-gerlach\\\/\"},\"wordCount\":462,\"commentCount\":0,\"keywords\":[\"Digitalisierung\",\"Digitaler Wandel\"],\"articleSection\":[\"Bildung\"],\"inLanguage\":\"de\",\"potentialAction\":[{\"@type\":\"CommentAction\",\"name\":\"Comment\",\"target\":[\"https:\\\/\\\/aschaffenburgzweinull.stadtarchiv-digital.de\\\/lebensgeschichten-der-digitalisierung-5-die-digitalisierung-buergermeister-leiderer-im-gespraech-mit-digitalministerin-gerlach\\\/#respond\"]}]},{\"@type\":\"WebPage\",\"@id\":\"https:\\\/\\\/aschaffenburgzweinull.stadtarchiv-digital.de\\\/lebensgeschichten-der-digitalisierung-5-die-digitalisierung-buergermeister-leiderer-im-gespraech-mit-digitalministerin-gerlach\\\/\",\"url\":\"https:\\\/\\\/aschaffenburgzweinull.stadtarchiv-digital.de\\\/lebensgeschichten-der-digitalisierung-5-die-digitalisierung-buergermeister-leiderer-im-gespraech-mit-digitalministerin-gerlach\\\/\",\"name\":\"Lebensgeschichten der Digitalisierung (5): Verwaltungsdigitalisierung - B\u00fcrgermeister Leiderer im Gespr\u00e4ch mit Digitalministerin Gerlach - Aschaffenburg\",\"isPartOf\":{\"@id\":\"https:\\\/\\\/aschaffenburgzweinull.stadtarchiv-digital.de\\\/#website\"},\"datePublished\":\"2021-11-19T07:50:49+00:00\",\"dateModified\":\"2022-03-23T09:17:33+00:00\",\"author\":{\"@id\":\"https:\\\/\\\/aschaffenburgzweinull.stadtarchiv-digital.de\\\/#\\\/schema\\\/person\\\/6620dad05f894110a34e3afd3c3cf3ff\"},\"breadcrumb\":{\"@id\":\"https:\\\/\\\/aschaffenburgzweinull.stadtarchiv-digital.de\\\/lebensgeschichten-der-digitalisierung-5-die-digitalisierung-buergermeister-leiderer-im-gespraech-mit-digitalministerin-gerlach\\\/#breadcrumb\"},\"inLanguage\":\"de\",\"potentialAction\":[{\"@type\":\"ReadAction\",\"target\":[\"https:\\\/\\\/aschaffenburgzweinull.stadtarchiv-digital.de\\\/lebensgeschichten-der-digitalisierung-5-die-digitalisierung-buergermeister-leiderer-im-gespraech-mit-digitalministerin-gerlach\\\/\"]}]},{\"@type\":\"BreadcrumbList\",\"@id\":\"https:\\\/\\\/aschaffenburgzweinull.stadtarchiv-digital.de\\\/lebensgeschichten-der-digitalisierung-5-die-digitalisierung-buergermeister-leiderer-im-gespraech-mit-digitalministerin-gerlach\\\/#breadcrumb\",\"itemListElement\":[{\"@type\":\"ListItem\",\"position\":1,\"name\":\"Startseite\",\"item\":\"https:\\\/\\\/aschaffenburgzweinull.stadtarchiv-digital.de\\\/\"},{\"@type\":\"ListItem\",\"position\":2,\"name\":\"Lebensgeschichten der Digitalisierung (5): Verwaltungsdigitalisierung &#8211; B\u00fcrgermeister Leiderer im Gespr\u00e4ch mit Digitalministerin Gerlach\"}]},{\"@type\":\"WebSite\",\"@id\":\"https:\\\/\\\/aschaffenburgzweinull.stadtarchiv-digital.de\\\/#website\",\"url\":\"https:\\\/\\\/aschaffenburgzweinull.stadtarchiv-digital.de\\\/\",\"name\":\"Aschaffenburg\",\"description\":\"2.0\",\"potentialAction\":[{\"@type\":\"SearchAction\",\"target\":{\"@type\":\"EntryPoint\",\"urlTemplate\":\"https:\\\/\\\/aschaffenburgzweinull.stadtarchiv-digital.de\\\/?s={search_term_string}\"},\"query-input\":{\"@type\":\"PropertyValueSpecification\",\"valueRequired\":true,\"valueName\":\"search_term_string\"}}],\"inLanguage\":\"de\"},{\"@type\":\"Person\",\"@id\":\"https:\\\/\\\/aschaffenburgzweinull.stadtarchiv-digital.de\\\/#\\\/schema\\\/person\\\/6620dad05f894110a34e3afd3c3cf3ff\",\"name\":\"Aschaffenburg_2.0\",\"url\":\"https:\\\/\\\/aschaffenburgzweinull.stadtarchiv-digital.de\\\/author\\\/aschaffenburg_2-0\\\/\"}]}<\/script>\n<!-- \/ Yoast SEO plugin. -->","yoast_head_json":{"title":"Lebensgeschichten der Digitalisierung (5): Verwaltungsdigitalisierung - B\u00fcrgermeister Leiderer im Gespr\u00e4ch mit Digitalministerin Gerlach - Aschaffenburg","robots":{"index":"index","follow":"follow","max-snippet":"max-snippet:-1","max-image-preview":"max-image-preview:large","max-video-preview":"max-video-preview:-1"},"canonical":"https:\/\/aschaffenburgzweinull.stadtarchiv-digital.de\/lebensgeschichten-der-digitalisierung-5-die-digitalisierung-buergermeister-leiderer-im-gespraech-mit-digitalministerin-gerlach\/","og_locale":"de_DE","og_type":"article","og_title":"Lebensgeschichten der Digitalisierung (5): Verwaltungsdigitalisierung - B\u00fcrgermeister Leiderer im Gespr\u00e4ch mit Digitalministerin Gerlach - Aschaffenburg","og_description":"Was braucht es, um die Digitalisierung vor Ort in der Stadt, in den Kommunen, in Bayern und auch im ganzen Bund erfolgreich zu gestalten? Dieser komplexen Frage widmen sich die [&hellip;]","og_url":"https:\/\/aschaffenburgzweinull.stadtarchiv-digital.de\/lebensgeschichten-der-digitalisierung-5-die-digitalisierung-buergermeister-leiderer-im-gespraech-mit-digitalministerin-gerlach\/","og_site_name":"Aschaffenburg","article_published_time":"2021-11-19T07:50:49+00:00","article_modified_time":"2022-03-23T09:17:33+00:00","og_image":[{"width":379,"height":70,"url":"https:\/\/aschaffenburgzweinull.stadtarchiv-digital.de\/wp-content\/uploads\/2020\/07\/Logo-Stadtarchiv-Aschaffenburg.png","type":"image\/png"}],"author":"Aschaffenburg_2.0","twitter_card":"summary_large_image","twitter_misc":{"Verfasst von":"Aschaffenburg_2.0","Gesch\u00e4tzte Lesezeit":"2\u00a0Minuten"},"schema":{"@context":"https:\/\/schema.org","@graph":[{"@type":"Article","@id":"https:\/\/aschaffenburgzweinull.stadtarchiv-digital.de\/lebensgeschichten-der-digitalisierung-5-die-digitalisierung-buergermeister-leiderer-im-gespraech-mit-digitalministerin-gerlach\/#article","isPartOf":{"@id":"https:\/\/aschaffenburgzweinull.stadtarchiv-digital.de\/lebensgeschichten-der-digitalisierung-5-die-digitalisierung-buergermeister-leiderer-im-gespraech-mit-digitalministerin-gerlach\/"},"author":{"name":"Aschaffenburg_2.0","@id":"https:\/\/aschaffenburgzweinull.stadtarchiv-digital.de\/#\/schema\/person\/6620dad05f894110a34e3afd3c3cf3ff"},"headline":"Lebensgeschichten der Digitalisierung (5): Verwaltungsdigitalisierung &#8211; B\u00fcrgermeister Leiderer im Gespr\u00e4ch mit Digitalministerin Gerlach","datePublished":"2021-11-19T07:50:49+00:00","dateModified":"2022-03-23T09:17:33+00:00","mainEntityOfPage":{"@id":"https:\/\/aschaffenburgzweinull.stadtarchiv-digital.de\/lebensgeschichten-der-digitalisierung-5-die-digitalisierung-buergermeister-leiderer-im-gespraech-mit-digitalministerin-gerlach\/"},"wordCount":462,"commentCount":0,"keywords":["Digitalisierung","Digitaler Wandel"],"articleSection":["Bildung"],"inLanguage":"de","potentialAction":[{"@type":"CommentAction","name":"Comment","target":["https:\/\/aschaffenburgzweinull.stadtarchiv-digital.de\/lebensgeschichten-der-digitalisierung-5-die-digitalisierung-buergermeister-leiderer-im-gespraech-mit-digitalministerin-gerlach\/#respond"]}]},{"@type":"WebPage","@id":"https:\/\/aschaffenburgzweinull.stadtarchiv-digital.de\/lebensgeschichten-der-digitalisierung-5-die-digitalisierung-buergermeister-leiderer-im-gespraech-mit-digitalministerin-gerlach\/","url":"https:\/\/aschaffenburgzweinull.stadtarchiv-digital.de\/lebensgeschichten-der-digitalisierung-5-die-digitalisierung-buergermeister-leiderer-im-gespraech-mit-digitalministerin-gerlach\/","name":"Lebensgeschichten der Digitalisierung (5): Verwaltungsdigitalisierung - B\u00fcrgermeister Leiderer im Gespr\u00e4ch mit Digitalministerin Gerlach - Aschaffenburg","isPartOf":{"@id":"https:\/\/aschaffenburgzweinull.stadtarchiv-digital.de\/#website"},"datePublished":"2021-11-19T07:50:49+00:00","dateModified":"2022-03-23T09:17:33+00:00","author":{"@id":"https:\/\/aschaffenburgzweinull.stadtarchiv-digital.de\/#\/schema\/person\/6620dad05f894110a34e3afd3c3cf3ff"},"breadcrumb":{"@id":"https:\/\/aschaffenburgzweinull.stadtarchiv-digital.de\/lebensgeschichten-der-digitalisierung-5-die-digitalisierung-buergermeister-leiderer-im-gespraech-mit-digitalministerin-gerlach\/#breadcrumb"},"inLanguage":"de","potentialAction":[{"@type":"ReadAction","target":["https:\/\/aschaffenburgzweinull.stadtarchiv-digital.de\/lebensgeschichten-der-digitalisierung-5-die-digitalisierung-buergermeister-leiderer-im-gespraech-mit-digitalministerin-gerlach\/"]}]},{"@type":"BreadcrumbList","@id":"https:\/\/aschaffenburgzweinull.stadtarchiv-digital.de\/lebensgeschichten-der-digitalisierung-5-die-digitalisierung-buergermeister-leiderer-im-gespraech-mit-digitalministerin-gerlach\/#breadcrumb","itemListElement":[{"@type":"ListItem","position":1,"name":"Startseite","item":"https:\/\/aschaffenburgzweinull.stadtarchiv-digital.de\/"},{"@type":"ListItem","position":2,"name":"Lebensgeschichten der Digitalisierung (5): Verwaltungsdigitalisierung &#8211; B\u00fcrgermeister Leiderer im Gespr\u00e4ch mit Digitalministerin Gerlach"}]},{"@type":"WebSite","@id":"https:\/\/aschaffenburgzweinull.stadtarchiv-digital.de\/#website","url":"https:\/\/aschaffenburgzweinull.stadtarchiv-digital.de\/","name":"Aschaffenburg","description":"2.0","potentialAction":[{"@type":"SearchAction","target":{"@type":"EntryPoint","urlTemplate":"https:\/\/aschaffenburgzweinull.stadtarchiv-digital.de\/?s={search_term_string}"},"query-input":{"@type":"PropertyValueSpecification","valueRequired":true,"valueName":"search_term_string"}}],"inLanguage":"de"},{"@type":"Person","@id":"https:\/\/aschaffenburgzweinull.stadtarchiv-digital.de\/#\/schema\/person\/6620dad05f894110a34e3afd3c3cf3ff","name":"Aschaffenburg_2.0","url":"https:\/\/aschaffenburgzweinull.stadtarchiv-digital.de\/author\/aschaffenburg_2-0\/"}]}},"_links":{"self":[{"href":"https:\/\/aschaffenburgzweinull.stadtarchiv-digital.de\/data\/wp\/v2\/posts\/3338","targetHints":{"allow":["GET"]}}],"collection":[{"href":"https:\/\/aschaffenburgzweinull.stadtarchiv-digital.de\/data\/wp\/v2\/posts"}],"about":[{"href":"https:\/\/aschaffenburgzweinull.stadtarchiv-digital.de\/data\/wp\/v2\/types\/post"}],"author":[{"embeddable":true,"href":"https:\/\/aschaffenburgzweinull.stadtarchiv-digital.de\/data\/wp\/v2\/users\/3"}],"replies":[{"embeddable":true,"href":"https:\/\/aschaffenburgzweinull.stadtarchiv-digital.de\/data\/wp\/v2\/comments?post=3338"}],"version-history":[{"count":8,"href":"https:\/\/aschaffenburgzweinull.stadtarchiv-digital.de\/data\/wp\/v2\/posts\/3338\/revisions"}],"predecessor-version":[{"id":4890,"href":"https:\/\/aschaffenburgzweinull.stadtarchiv-digital.de\/data\/wp\/v2\/posts\/3338\/revisions\/4890"}],"wp:attachment":[{"href":"https:\/\/aschaffenburgzweinull.stadtarchiv-digital.de\/data\/wp\/v2\/media?parent=3338"}],"wp:term":[{"taxonomy":"category","embeddable":true,"href":"https:\/\/aschaffenburgzweinull.stadtarchiv-digital.de\/data\/wp\/v2\/categories?post=3338"},{"taxonomy":"post_tag","embeddable":true,"href":"https:\/\/aschaffenburgzweinull.stadtarchiv-digital.de\/data\/wp\/v2\/tags?post=3338"},{"taxonomy":"format","embeddable":true,"href":"https:\/\/aschaffenburgzweinull.stadtarchiv-digital.de\/data\/wp\/v2\/post-format?post=3338"},{"taxonomy":"content","embeddable":true,"href":"https:\/\/aschaffenburgzweinull.stadtarchiv-digital.de\/data\/wp\/v2\/post-content?post=3338"}],"curies":[{"name":"wp","href":"https:\/\/api.w.org\/{rel}","templated":true}]}}