{"id":3193,"date":"2021-10-27T08:41:55","date_gmt":"2021-10-27T06:41:55","guid":{"rendered":"https:\/\/aschaffenburgzweinull.stadtarchiv-digital.de\/?post_type=podcast&#038;p=3193"},"modified":"2022-03-23T09:57:29","modified_gmt":"2022-03-23T08:57:29","slug":"episode-16-das-messenger-projekt-ich-eisner","status":"publish","type":"post","link":"https:\/\/aschaffenburgzweinull.stadtarchiv-digital.de\/episode-16-das-messenger-projekt-ich-eisner\/","title":{"rendered":"Episode 16: Das Messenger-Projekt &#8222;Ich, Eisner!&#8220;"},"content":{"rendered":"<p>In der neuen Folge der &#8222;Aschaffenburger Geschichten&#8220; wird das preisgekr\u00f6nte Messenger-Projekt &#8222;I<a href=\"https:\/\/www.br.de\/extra\/themen-highlights\/kurt-eisner-revolution-bayern-whatsapp-100.html\">ch, Eisner!<\/a>&#8220; vorgestellt.<\/p>\n<p>Zum 100-j\u00e4hrigen Jubil\u00e4um der Revolution in Bayern erz\u00e4hlte der Revolutionsf\u00fchrer Kurt Eisner, erster Ministerpr\u00e4sident des Freistaats Bayern nach dem Ende der Monarchie, mehrere Monate lang aus seinem Leben. In Echtzeit konnten die Nutzer und Nutzerinnen so eintauchen in die Ereignisse der Revolution, begleiteten den bayerischen Ministerpr\u00e4sidenten und nahmen Teil an den scharfen politischen Auseinandersetzungen der Zeit, die in der Ermordung Eisners gipfelten &#8211; Geschichte live erleben sozusagen.<\/p>\n<p>Das Gespr\u00e4ch f\u00fchrten Prof. Dr. Frank Jacob, Matthias Leitner und Dr. Joachim Kemper, Leiter des Stadt- und Stiftsarchivs.<\/p>\n<p>Frank Jacob (Jg. 1984) ist seit 2018 Professor f\u00fcr die Globalgeschichte des 19. und 20. Jahrhunderts an der Nord Universitet in Norwegen. Zuvor war er an der City University of New York sowie den Universit\u00e4ten in W\u00fcrzburg, Erlangen und D\u00fcsseldorf t\u00e4tig. Seine Forschungsschwerpunkte sind neben der Geschichte des modernen Japan, Anarchismusgeschichte sowie vergleichende Revolutionsforschung.<\/p>\n<p>Matthias Leiter ist Digital Storyteller, Strategiedesigner und beim Bayerischen Rundfunk u.a. f\u00fcr digitale Entwicklungen zust\u00e4ndig.<\/p>\n<p>Viel Spa\u00df beim Zuh\u00f6ren!<\/p>\n","protected":false},"excerpt":{"rendered":"<p>In der neuen Folge der &#8222;Aschaffenburger Geschichten&#8220; wird das preisgekr\u00f6nte Messenger-Projekt &#8222;Ich, Eisner!&#8220; vorgestellt. Zum 100-j\u00e4hrigen Jubil\u00e4um der Revolution in Bayern erz\u00e4hlte der Revolutionsf\u00fchrer Kurt Eisner, erster Ministerpr\u00e4sident des Freistaats [&hellip;]<\/p>\n","protected":false},"author":3,"featured_media":0,"comment_status":"open","ping_status":"closed","sticky":false,"template":"","format":"standard","meta":{"_acf_changed":false,"footnotes":""},"categories":[1,38,39],"tags":[322,887,888,889],"post-format":[2],"post-content":[9,67],"class_list":["post-3193","post","type-post","status-publish","format-standard","hentry","category-bildung","category-geschichte","category-kultur","tag-novemberrevolution","tag-kurt-eisner","tag-messenger","tag-digitalprojekt","format-information","content-audio","content-text","project-aschaffenburger-geschichten"],"acf":[],"yoast_head":"<!-- This site is optimized with the Yoast SEO plugin v27.4 - https:\/\/yoast.com\/product\/yoast-seo-wordpress\/ -->\n<title>Episode 16: Das Messenger-Projekt &quot;Ich, Eisner!&quot; - Aschaffenburg<\/title>\n<meta name=\"robots\" content=\"index, follow, max-snippet:-1, max-image-preview:large, max-video-preview:-1\" \/>\n<link rel=\"canonical\" href=\"https:\/\/aschaffenburgzweinull.stadtarchiv-digital.de\/episode-16-das-messenger-projekt-ich-eisner\/\" \/>\n<meta property=\"og:locale\" content=\"de_DE\" \/>\n<meta property=\"og:type\" content=\"article\" \/>\n<meta property=\"og:title\" content=\"Episode 16: Das Messenger-Projekt &quot;Ich, Eisner!&quot; - Aschaffenburg\" \/>\n<meta property=\"og:description\" content=\"In der neuen Folge der &#8222;Aschaffenburger Geschichten&#8220; wird das preisgekr\u00f6nte Messenger-Projekt &#8222;Ich, Eisner!&#8220; vorgestellt. Zum 100-j\u00e4hrigen Jubil\u00e4um der Revolution in Bayern erz\u00e4hlte der Revolutionsf\u00fchrer Kurt Eisner, erster Ministerpr\u00e4sident des Freistaats [&hellip;]\" \/>\n<meta property=\"og:url\" content=\"https:\/\/aschaffenburgzweinull.stadtarchiv-digital.de\/episode-16-das-messenger-projekt-ich-eisner\/\" \/>\n<meta property=\"og:site_name\" content=\"Aschaffenburg\" \/>\n<meta property=\"article:published_time\" content=\"2021-10-27T06:41:55+00:00\" \/>\n<meta property=\"article:modified_time\" content=\"2022-03-23T08:57:29+00:00\" \/>\n<meta property=\"og:image\" content=\"https:\/\/aschaffenburgzweinull.stadtarchiv-digital.de\/wp-content\/uploads\/2020\/07\/Logo-Stadtarchiv-Aschaffenburg.png\" \/>\n\t<meta property=\"og:image:width\" content=\"379\" \/>\n\t<meta property=\"og:image:height\" content=\"70\" \/>\n\t<meta property=\"og:image:type\" content=\"image\/png\" \/>\n<meta name=\"author\" content=\"Aschaffenburg_2.0\" \/>\n<meta name=\"twitter:card\" content=\"summary_large_image\" \/>\n<meta name=\"twitter:label1\" content=\"Verfasst von\" \/>\n\t<meta name=\"twitter:data1\" content=\"Aschaffenburg_2.0\" \/>\n\t<meta name=\"twitter:label2\" content=\"Gesch\u00e4tzte Lesezeit\" \/>\n\t<meta name=\"twitter:data2\" content=\"1\u00a0Minute\" \/>\n<script type=\"application\/ld+json\" class=\"yoast-schema-graph\">{\"@context\":\"https:\\\/\\\/schema.org\",\"@graph\":[{\"@type\":\"Article\",\"@id\":\"https:\\\/\\\/aschaffenburgzweinull.stadtarchiv-digital.de\\\/episode-16-das-messenger-projekt-ich-eisner\\\/#article\",\"isPartOf\":{\"@id\":\"https:\\\/\\\/aschaffenburgzweinull.stadtarchiv-digital.de\\\/episode-16-das-messenger-projekt-ich-eisner\\\/\"},\"author\":{\"name\":\"Aschaffenburg_2.0\",\"@id\":\"https:\\\/\\\/aschaffenburgzweinull.stadtarchiv-digital.de\\\/#\\\/schema\\\/person\\\/6620dad05f894110a34e3afd3c3cf3ff\"},\"headline\":\"Episode 16: Das Messenger-Projekt &#8222;Ich, Eisner!&#8220;\",\"datePublished\":\"2021-10-27T06:41:55+00:00\",\"dateModified\":\"2022-03-23T08:57:29+00:00\",\"mainEntityOfPage\":{\"@id\":\"https:\\\/\\\/aschaffenburgzweinull.stadtarchiv-digital.de\\\/episode-16-das-messenger-projekt-ich-eisner\\\/\"},\"wordCount\":191,\"commentCount\":0,\"keywords\":[\"Novemberrevolution\",\"Kurt Eisner\",\"Messenger\",\"Digitalprojekt\"],\"articleSection\":[\"Bildung\",\"Geschichte\",\"Kultur\"],\"inLanguage\":\"de\",\"potentialAction\":[{\"@type\":\"CommentAction\",\"name\":\"Comment\",\"target\":[\"https:\\\/\\\/aschaffenburgzweinull.stadtarchiv-digital.de\\\/episode-16-das-messenger-projekt-ich-eisner\\\/#respond\"]}]},{\"@type\":\"WebPage\",\"@id\":\"https:\\\/\\\/aschaffenburgzweinull.stadtarchiv-digital.de\\\/episode-16-das-messenger-projekt-ich-eisner\\\/\",\"url\":\"https:\\\/\\\/aschaffenburgzweinull.stadtarchiv-digital.de\\\/episode-16-das-messenger-projekt-ich-eisner\\\/\",\"name\":\"Episode 16: Das Messenger-Projekt \\\"Ich, Eisner!\\\" - Aschaffenburg\",\"isPartOf\":{\"@id\":\"https:\\\/\\\/aschaffenburgzweinull.stadtarchiv-digital.de\\\/#website\"},\"datePublished\":\"2021-10-27T06:41:55+00:00\",\"dateModified\":\"2022-03-23T08:57:29+00:00\",\"author\":{\"@id\":\"https:\\\/\\\/aschaffenburgzweinull.stadtarchiv-digital.de\\\/#\\\/schema\\\/person\\\/6620dad05f894110a34e3afd3c3cf3ff\"},\"breadcrumb\":{\"@id\":\"https:\\\/\\\/aschaffenburgzweinull.stadtarchiv-digital.de\\\/episode-16-das-messenger-projekt-ich-eisner\\\/#breadcrumb\"},\"inLanguage\":\"de\",\"potentialAction\":[{\"@type\":\"ReadAction\",\"target\":[\"https:\\\/\\\/aschaffenburgzweinull.stadtarchiv-digital.de\\\/episode-16-das-messenger-projekt-ich-eisner\\\/\"]}]},{\"@type\":\"BreadcrumbList\",\"@id\":\"https:\\\/\\\/aschaffenburgzweinull.stadtarchiv-digital.de\\\/episode-16-das-messenger-projekt-ich-eisner\\\/#breadcrumb\",\"itemListElement\":[{\"@type\":\"ListItem\",\"position\":1,\"name\":\"Startseite\",\"item\":\"https:\\\/\\\/aschaffenburgzweinull.stadtarchiv-digital.de\\\/\"},{\"@type\":\"ListItem\",\"position\":2,\"name\":\"Episode 16: Das Messenger-Projekt &#8222;Ich, Eisner!&#8220;\"}]},{\"@type\":\"WebSite\",\"@id\":\"https:\\\/\\\/aschaffenburgzweinull.stadtarchiv-digital.de\\\/#website\",\"url\":\"https:\\\/\\\/aschaffenburgzweinull.stadtarchiv-digital.de\\\/\",\"name\":\"Aschaffenburg\",\"description\":\"2.0\",\"potentialAction\":[{\"@type\":\"SearchAction\",\"target\":{\"@type\":\"EntryPoint\",\"urlTemplate\":\"https:\\\/\\\/aschaffenburgzweinull.stadtarchiv-digital.de\\\/?s={search_term_string}\"},\"query-input\":{\"@type\":\"PropertyValueSpecification\",\"valueRequired\":true,\"valueName\":\"search_term_string\"}}],\"inLanguage\":\"de\"},{\"@type\":\"Person\",\"@id\":\"https:\\\/\\\/aschaffenburgzweinull.stadtarchiv-digital.de\\\/#\\\/schema\\\/person\\\/6620dad05f894110a34e3afd3c3cf3ff\",\"name\":\"Aschaffenburg_2.0\",\"url\":\"https:\\\/\\\/aschaffenburgzweinull.stadtarchiv-digital.de\\\/author\\\/aschaffenburg_2-0\\\/\"}]}<\/script>\n<!-- \/ Yoast SEO plugin. -->","yoast_head_json":{"title":"Episode 16: Das Messenger-Projekt \"Ich, Eisner!\" - Aschaffenburg","robots":{"index":"index","follow":"follow","max-snippet":"max-snippet:-1","max-image-preview":"max-image-preview:large","max-video-preview":"max-video-preview:-1"},"canonical":"https:\/\/aschaffenburgzweinull.stadtarchiv-digital.de\/episode-16-das-messenger-projekt-ich-eisner\/","og_locale":"de_DE","og_type":"article","og_title":"Episode 16: Das Messenger-Projekt \"Ich, Eisner!\" - Aschaffenburg","og_description":"In der neuen Folge der &#8222;Aschaffenburger Geschichten&#8220; wird das preisgekr\u00f6nte Messenger-Projekt &#8222;Ich, Eisner!&#8220; vorgestellt. Zum 100-j\u00e4hrigen Jubil\u00e4um der Revolution in Bayern erz\u00e4hlte der Revolutionsf\u00fchrer Kurt Eisner, erster Ministerpr\u00e4sident des Freistaats [&hellip;]","og_url":"https:\/\/aschaffenburgzweinull.stadtarchiv-digital.de\/episode-16-das-messenger-projekt-ich-eisner\/","og_site_name":"Aschaffenburg","article_published_time":"2021-10-27T06:41:55+00:00","article_modified_time":"2022-03-23T08:57:29+00:00","og_image":[{"width":379,"height":70,"url":"https:\/\/aschaffenburgzweinull.stadtarchiv-digital.de\/wp-content\/uploads\/2020\/07\/Logo-Stadtarchiv-Aschaffenburg.png","type":"image\/png"}],"author":"Aschaffenburg_2.0","twitter_card":"summary_large_image","twitter_misc":{"Verfasst von":"Aschaffenburg_2.0","Gesch\u00e4tzte Lesezeit":"1\u00a0Minute"},"schema":{"@context":"https:\/\/schema.org","@graph":[{"@type":"Article","@id":"https:\/\/aschaffenburgzweinull.stadtarchiv-digital.de\/episode-16-das-messenger-projekt-ich-eisner\/#article","isPartOf":{"@id":"https:\/\/aschaffenburgzweinull.stadtarchiv-digital.de\/episode-16-das-messenger-projekt-ich-eisner\/"},"author":{"name":"Aschaffenburg_2.0","@id":"https:\/\/aschaffenburgzweinull.stadtarchiv-digital.de\/#\/schema\/person\/6620dad05f894110a34e3afd3c3cf3ff"},"headline":"Episode 16: Das Messenger-Projekt &#8222;Ich, Eisner!&#8220;","datePublished":"2021-10-27T06:41:55+00:00","dateModified":"2022-03-23T08:57:29+00:00","mainEntityOfPage":{"@id":"https:\/\/aschaffenburgzweinull.stadtarchiv-digital.de\/episode-16-das-messenger-projekt-ich-eisner\/"},"wordCount":191,"commentCount":0,"keywords":["Novemberrevolution","Kurt Eisner","Messenger","Digitalprojekt"],"articleSection":["Bildung","Geschichte","Kultur"],"inLanguage":"de","potentialAction":[{"@type":"CommentAction","name":"Comment","target":["https:\/\/aschaffenburgzweinull.stadtarchiv-digital.de\/episode-16-das-messenger-projekt-ich-eisner\/#respond"]}]},{"@type":"WebPage","@id":"https:\/\/aschaffenburgzweinull.stadtarchiv-digital.de\/episode-16-das-messenger-projekt-ich-eisner\/","url":"https:\/\/aschaffenburgzweinull.stadtarchiv-digital.de\/episode-16-das-messenger-projekt-ich-eisner\/","name":"Episode 16: Das Messenger-Projekt \"Ich, Eisner!\" - Aschaffenburg","isPartOf":{"@id":"https:\/\/aschaffenburgzweinull.stadtarchiv-digital.de\/#website"},"datePublished":"2021-10-27T06:41:55+00:00","dateModified":"2022-03-23T08:57:29+00:00","author":{"@id":"https:\/\/aschaffenburgzweinull.stadtarchiv-digital.de\/#\/schema\/person\/6620dad05f894110a34e3afd3c3cf3ff"},"breadcrumb":{"@id":"https:\/\/aschaffenburgzweinull.stadtarchiv-digital.de\/episode-16-das-messenger-projekt-ich-eisner\/#breadcrumb"},"inLanguage":"de","potentialAction":[{"@type":"ReadAction","target":["https:\/\/aschaffenburgzweinull.stadtarchiv-digital.de\/episode-16-das-messenger-projekt-ich-eisner\/"]}]},{"@type":"BreadcrumbList","@id":"https:\/\/aschaffenburgzweinull.stadtarchiv-digital.de\/episode-16-das-messenger-projekt-ich-eisner\/#breadcrumb","itemListElement":[{"@type":"ListItem","position":1,"name":"Startseite","item":"https:\/\/aschaffenburgzweinull.stadtarchiv-digital.de\/"},{"@type":"ListItem","position":2,"name":"Episode 16: Das Messenger-Projekt &#8222;Ich, Eisner!&#8220;"}]},{"@type":"WebSite","@id":"https:\/\/aschaffenburgzweinull.stadtarchiv-digital.de\/#website","url":"https:\/\/aschaffenburgzweinull.stadtarchiv-digital.de\/","name":"Aschaffenburg","description":"2.0","potentialAction":[{"@type":"SearchAction","target":{"@type":"EntryPoint","urlTemplate":"https:\/\/aschaffenburgzweinull.stadtarchiv-digital.de\/?s={search_term_string}"},"query-input":{"@type":"PropertyValueSpecification","valueRequired":true,"valueName":"search_term_string"}}],"inLanguage":"de"},{"@type":"Person","@id":"https:\/\/aschaffenburgzweinull.stadtarchiv-digital.de\/#\/schema\/person\/6620dad05f894110a34e3afd3c3cf3ff","name":"Aschaffenburg_2.0","url":"https:\/\/aschaffenburgzweinull.stadtarchiv-digital.de\/author\/aschaffenburg_2-0\/"}]}},"_links":{"self":[{"href":"https:\/\/aschaffenburgzweinull.stadtarchiv-digital.de\/data\/wp\/v2\/posts\/3193","targetHints":{"allow":["GET"]}}],"collection":[{"href":"https:\/\/aschaffenburgzweinull.stadtarchiv-digital.de\/data\/wp\/v2\/posts"}],"about":[{"href":"https:\/\/aschaffenburgzweinull.stadtarchiv-digital.de\/data\/wp\/v2\/types\/post"}],"author":[{"embeddable":true,"href":"https:\/\/aschaffenburgzweinull.stadtarchiv-digital.de\/data\/wp\/v2\/users\/3"}],"replies":[{"embeddable":true,"href":"https:\/\/aschaffenburgzweinull.stadtarchiv-digital.de\/data\/wp\/v2\/comments?post=3193"}],"version-history":[{"count":13,"href":"https:\/\/aschaffenburgzweinull.stadtarchiv-digital.de\/data\/wp\/v2\/posts\/3193\/revisions"}],"predecessor-version":[{"id":4879,"href":"https:\/\/aschaffenburgzweinull.stadtarchiv-digital.de\/data\/wp\/v2\/posts\/3193\/revisions\/4879"}],"wp:attachment":[{"href":"https:\/\/aschaffenburgzweinull.stadtarchiv-digital.de\/data\/wp\/v2\/media?parent=3193"}],"wp:term":[{"taxonomy":"category","embeddable":true,"href":"https:\/\/aschaffenburgzweinull.stadtarchiv-digital.de\/data\/wp\/v2\/categories?post=3193"},{"taxonomy":"post_tag","embeddable":true,"href":"https:\/\/aschaffenburgzweinull.stadtarchiv-digital.de\/data\/wp\/v2\/tags?post=3193"},{"taxonomy":"format","embeddable":true,"href":"https:\/\/aschaffenburgzweinull.stadtarchiv-digital.de\/data\/wp\/v2\/post-format?post=3193"},{"taxonomy":"content","embeddable":true,"href":"https:\/\/aschaffenburgzweinull.stadtarchiv-digital.de\/data\/wp\/v2\/post-content?post=3193"}],"curies":[{"name":"wp","href":"https:\/\/api.w.org\/{rel}","templated":true}]}}