{"id":2623,"date":"2021-09-20T10:00:31","date_gmt":"2021-09-20T08:00:31","guid":{"rendered":"https:\/\/aschaffenburgzweinull.stadtarchiv-digital.de\/?p=2623"},"modified":"2022-01-19T22:16:33","modified_gmt":"2022-01-19T21:16:33","slug":"hermannkaspar","status":"publish","type":"post","link":"https:\/\/aschaffenburgzweinull.stadtarchiv-digital.de\/hermannkaspar\/","title":{"rendered":"Hermann Kaspar"},"content":{"rendered":"<p>Hermann Kaspar (1904 \u2013 1986) studierte an der Akademie der Bildenden K\u00fcnste in M\u00fcnchen. Bereits 1935 erhielt er, dank der F\u00f6rderung durch den damaligen Akademiepr\u00e4sidenten, den Auftrag zur Erstellung eines Wandfrieses f\u00fcr den Kongresssaal des Deutschen Museums in M\u00fcnchen. 1938 wurde er als Professor f\u00fcr monumentale Malerei an die M\u00fcnchener Akademie f\u00fcr Bildende K\u00fcnste berufen. W\u00e4hrend der NS-Zeit stellte er sein K\u00f6nnen in den Dienst des Regimes. Hermann Kaspar verantwortete repr\u00e4sentative Ausgestaltungen auf dem Reichsparteitagsgel\u00e4nde in N\u00fcrnberg, am Haus der Deutschen Kunst in M\u00fcnchen und in der Neuen Reichskanzlei in Berlin.<\/p>\n<p>Nach dem Krieg nur kurzzeitig entlassen war er in M\u00fcnchen vielfach beim Wiederaufbau der Innenstadt f\u00fcr Fassadengestaltungen besch\u00e4ftigt und hatte \u00f6ffentliche und kirchliche Auftr\u00e4ge zu Wandgestaltungen. 1957 wurde er in die Akademie der Sch\u00f6nen K\u00fcnste gew\u00e4hlt und war ab 1960 deren Vizepr\u00e4sident.<\/p>\n<p>Zwischen 1957 und 1965 gestaltete Kaspar den Lichthof, den Trausaal und den<a href=\"https:\/\/aschaffenburgzweinull.stadtarchiv-digital.de\/grossersitzungssaal\/\"> Gro\u00dfen Sitzungssaal<\/a> im Aschaffenburger Rathaus. Bei der Auftragsvergabe f\u00fcr das zentrale Geb\u00e4ude der st\u00e4dtischen Verwaltung und Demokratie in Aschaffenburg spielte die NS-Vergangenheit von Hermann Kaspar keine Rolle. 1965 bis 1967 malte er auch die Aschaffenburger Muttergottespfarrkirche in der Schlo\u00dfgasse aus.<\/p>\n<p>(<a href=\"https:\/\/aschaffenburgzweinull.stadtarchiv-digital.de\/wp-content\/uploads\/2021\/08\/Hermann-Kaspar_Wirken-in-NS-Zeit_HP.pdf\">Download PDF<\/a> 311KB)<br \/>\nBiografische Skizze zu Hermann Kaspar<br \/>\nWirken in der NS-Zeit<br \/>\nRezeption und Wirken nach 1945<\/p>\n","protected":false},"excerpt":{"rendered":"<p>Hermann Kaspar (1904 \u2013 1986) studierte an der Akademie der Bildenden K\u00fcnste in M\u00fcnchen. Bereits 1935 erhielt er, dank der F\u00f6rderung durch den damaligen Akademiepr\u00e4sidenten, den Auftrag zur Erstellung eines [&hellip;]<\/p>\n","protected":false},"author":3,"featured_media":0,"comment_status":"open","ping_status":"open","sticky":false,"template":"","format":"standard","meta":{"_acf_changed":false,"footnotes":""},"categories":[38,39],"tags":[464,466],"post-format":[],"post-content":[3,67],"class_list":["post-2623","post","type-post","status-publish","format-standard","hentry","category-geschichte","category-kultur","tag-rathaus","tag-hermann-kaspar","content-image","content-text","project-stadtarchiv"],"acf":[],"yoast_head":"<!-- This site is optimized with the Yoast SEO plugin v27.4 - https:\/\/yoast.com\/product\/yoast-seo-wordpress\/ -->\n<title>Hermann Kaspar - Aschaffenburg<\/title>\n<meta name=\"robots\" content=\"index, follow, max-snippet:-1, max-image-preview:large, max-video-preview:-1\" \/>\n<link rel=\"canonical\" href=\"https:\/\/aschaffenburgzweinull.stadtarchiv-digital.de\/hermannkaspar\/\" \/>\n<meta property=\"og:locale\" content=\"de_DE\" \/>\n<meta property=\"og:type\" content=\"article\" \/>\n<meta property=\"og:title\" content=\"Hermann Kaspar - Aschaffenburg\" \/>\n<meta property=\"og:description\" content=\"Hermann Kaspar (1904 \u2013 1986) studierte an der Akademie der Bildenden K\u00fcnste in M\u00fcnchen. Bereits 1935 erhielt er, dank der F\u00f6rderung durch den damaligen Akademiepr\u00e4sidenten, den Auftrag zur Erstellung eines [&hellip;]\" \/>\n<meta property=\"og:url\" content=\"https:\/\/aschaffenburgzweinull.stadtarchiv-digital.de\/hermannkaspar\/\" \/>\n<meta property=\"og:site_name\" content=\"Aschaffenburg\" \/>\n<meta property=\"article:published_time\" content=\"2021-09-20T08:00:31+00:00\" \/>\n<meta property=\"article:modified_time\" content=\"2022-01-19T21:16:33+00:00\" \/>\n<meta property=\"og:image\" content=\"https:\/\/aschaffenburgzweinull.stadtarchiv-digital.de\/wp-content\/uploads\/2020\/07\/Logo-Stadtarchiv-Aschaffenburg.png\" \/>\n\t<meta property=\"og:image:width\" content=\"379\" \/>\n\t<meta property=\"og:image:height\" content=\"70\" \/>\n\t<meta property=\"og:image:type\" content=\"image\/png\" \/>\n<meta name=\"author\" content=\"Aschaffenburg_2.0\" \/>\n<meta name=\"twitter:card\" content=\"summary_large_image\" \/>\n<meta name=\"twitter:label1\" content=\"Verfasst von\" \/>\n\t<meta name=\"twitter:data1\" content=\"Aschaffenburg_2.0\" \/>\n\t<meta name=\"twitter:label2\" content=\"Gesch\u00e4tzte Lesezeit\" \/>\n\t<meta name=\"twitter:data2\" content=\"1\u00a0Minute\" \/>\n<script type=\"application\/ld+json\" class=\"yoast-schema-graph\">{\"@context\":\"https:\\\/\\\/schema.org\",\"@graph\":[{\"@type\":\"Article\",\"@id\":\"https:\\\/\\\/aschaffenburgzweinull.stadtarchiv-digital.de\\\/hermannkaspar\\\/#article\",\"isPartOf\":{\"@id\":\"https:\\\/\\\/aschaffenburgzweinull.stadtarchiv-digital.de\\\/hermannkaspar\\\/\"},\"author\":{\"name\":\"Aschaffenburg_2.0\",\"@id\":\"https:\\\/\\\/aschaffenburgzweinull.stadtarchiv-digital.de\\\/#\\\/schema\\\/person\\\/6620dad05f894110a34e3afd3c3cf3ff\"},\"headline\":\"Hermann Kaspar\",\"datePublished\":\"2021-09-20T08:00:31+00:00\",\"dateModified\":\"2022-01-19T21:16:33+00:00\",\"mainEntityOfPage\":{\"@id\":\"https:\\\/\\\/aschaffenburgzweinull.stadtarchiv-digital.de\\\/hermannkaspar\\\/\"},\"wordCount\":221,\"commentCount\":0,\"keywords\":[\"Rathaus\",\"Hermann Kaspar\"],\"articleSection\":[\"Geschichte\",\"Kultur\"],\"inLanguage\":\"de\",\"potentialAction\":[{\"@type\":\"CommentAction\",\"name\":\"Comment\",\"target\":[\"https:\\\/\\\/aschaffenburgzweinull.stadtarchiv-digital.de\\\/hermannkaspar\\\/#respond\"]}]},{\"@type\":\"WebPage\",\"@id\":\"https:\\\/\\\/aschaffenburgzweinull.stadtarchiv-digital.de\\\/hermannkaspar\\\/\",\"url\":\"https:\\\/\\\/aschaffenburgzweinull.stadtarchiv-digital.de\\\/hermannkaspar\\\/\",\"name\":\"Hermann Kaspar - Aschaffenburg\",\"isPartOf\":{\"@id\":\"https:\\\/\\\/aschaffenburgzweinull.stadtarchiv-digital.de\\\/#website\"},\"datePublished\":\"2021-09-20T08:00:31+00:00\",\"dateModified\":\"2022-01-19T21:16:33+00:00\",\"author\":{\"@id\":\"https:\\\/\\\/aschaffenburgzweinull.stadtarchiv-digital.de\\\/#\\\/schema\\\/person\\\/6620dad05f894110a34e3afd3c3cf3ff\"},\"breadcrumb\":{\"@id\":\"https:\\\/\\\/aschaffenburgzweinull.stadtarchiv-digital.de\\\/hermannkaspar\\\/#breadcrumb\"},\"inLanguage\":\"de\",\"potentialAction\":[{\"@type\":\"ReadAction\",\"target\":[\"https:\\\/\\\/aschaffenburgzweinull.stadtarchiv-digital.de\\\/hermannkaspar\\\/\"]}]},{\"@type\":\"BreadcrumbList\",\"@id\":\"https:\\\/\\\/aschaffenburgzweinull.stadtarchiv-digital.de\\\/hermannkaspar\\\/#breadcrumb\",\"itemListElement\":[{\"@type\":\"ListItem\",\"position\":1,\"name\":\"Startseite\",\"item\":\"https:\\\/\\\/aschaffenburgzweinull.stadtarchiv-digital.de\\\/\"},{\"@type\":\"ListItem\",\"position\":2,\"name\":\"Hermann Kaspar\"}]},{\"@type\":\"WebSite\",\"@id\":\"https:\\\/\\\/aschaffenburgzweinull.stadtarchiv-digital.de\\\/#website\",\"url\":\"https:\\\/\\\/aschaffenburgzweinull.stadtarchiv-digital.de\\\/\",\"name\":\"Aschaffenburg\",\"description\":\"2.0\",\"potentialAction\":[{\"@type\":\"SearchAction\",\"target\":{\"@type\":\"EntryPoint\",\"urlTemplate\":\"https:\\\/\\\/aschaffenburgzweinull.stadtarchiv-digital.de\\\/?s={search_term_string}\"},\"query-input\":{\"@type\":\"PropertyValueSpecification\",\"valueRequired\":true,\"valueName\":\"search_term_string\"}}],\"inLanguage\":\"de\"},{\"@type\":\"Person\",\"@id\":\"https:\\\/\\\/aschaffenburgzweinull.stadtarchiv-digital.de\\\/#\\\/schema\\\/person\\\/6620dad05f894110a34e3afd3c3cf3ff\",\"name\":\"Aschaffenburg_2.0\",\"url\":\"https:\\\/\\\/aschaffenburgzweinull.stadtarchiv-digital.de\\\/author\\\/aschaffenburg_2-0\\\/\"}]}<\/script>\n<!-- \/ Yoast SEO plugin. -->","yoast_head_json":{"title":"Hermann Kaspar - Aschaffenburg","robots":{"index":"index","follow":"follow","max-snippet":"max-snippet:-1","max-image-preview":"max-image-preview:large","max-video-preview":"max-video-preview:-1"},"canonical":"https:\/\/aschaffenburgzweinull.stadtarchiv-digital.de\/hermannkaspar\/","og_locale":"de_DE","og_type":"article","og_title":"Hermann Kaspar - Aschaffenburg","og_description":"Hermann Kaspar (1904 \u2013 1986) studierte an der Akademie der Bildenden K\u00fcnste in M\u00fcnchen. Bereits 1935 erhielt er, dank der F\u00f6rderung durch den damaligen Akademiepr\u00e4sidenten, den Auftrag zur Erstellung eines [&hellip;]","og_url":"https:\/\/aschaffenburgzweinull.stadtarchiv-digital.de\/hermannkaspar\/","og_site_name":"Aschaffenburg","article_published_time":"2021-09-20T08:00:31+00:00","article_modified_time":"2022-01-19T21:16:33+00:00","og_image":[{"width":379,"height":70,"url":"https:\/\/aschaffenburgzweinull.stadtarchiv-digital.de\/wp-content\/uploads\/2020\/07\/Logo-Stadtarchiv-Aschaffenburg.png","type":"image\/png"}],"author":"Aschaffenburg_2.0","twitter_card":"summary_large_image","twitter_misc":{"Verfasst von":"Aschaffenburg_2.0","Gesch\u00e4tzte Lesezeit":"1\u00a0Minute"},"schema":{"@context":"https:\/\/schema.org","@graph":[{"@type":"Article","@id":"https:\/\/aschaffenburgzweinull.stadtarchiv-digital.de\/hermannkaspar\/#article","isPartOf":{"@id":"https:\/\/aschaffenburgzweinull.stadtarchiv-digital.de\/hermannkaspar\/"},"author":{"name":"Aschaffenburg_2.0","@id":"https:\/\/aschaffenburgzweinull.stadtarchiv-digital.de\/#\/schema\/person\/6620dad05f894110a34e3afd3c3cf3ff"},"headline":"Hermann Kaspar","datePublished":"2021-09-20T08:00:31+00:00","dateModified":"2022-01-19T21:16:33+00:00","mainEntityOfPage":{"@id":"https:\/\/aschaffenburgzweinull.stadtarchiv-digital.de\/hermannkaspar\/"},"wordCount":221,"commentCount":0,"keywords":["Rathaus","Hermann Kaspar"],"articleSection":["Geschichte","Kultur"],"inLanguage":"de","potentialAction":[{"@type":"CommentAction","name":"Comment","target":["https:\/\/aschaffenburgzweinull.stadtarchiv-digital.de\/hermannkaspar\/#respond"]}]},{"@type":"WebPage","@id":"https:\/\/aschaffenburgzweinull.stadtarchiv-digital.de\/hermannkaspar\/","url":"https:\/\/aschaffenburgzweinull.stadtarchiv-digital.de\/hermannkaspar\/","name":"Hermann Kaspar - Aschaffenburg","isPartOf":{"@id":"https:\/\/aschaffenburgzweinull.stadtarchiv-digital.de\/#website"},"datePublished":"2021-09-20T08:00:31+00:00","dateModified":"2022-01-19T21:16:33+00:00","author":{"@id":"https:\/\/aschaffenburgzweinull.stadtarchiv-digital.de\/#\/schema\/person\/6620dad05f894110a34e3afd3c3cf3ff"},"breadcrumb":{"@id":"https:\/\/aschaffenburgzweinull.stadtarchiv-digital.de\/hermannkaspar\/#breadcrumb"},"inLanguage":"de","potentialAction":[{"@type":"ReadAction","target":["https:\/\/aschaffenburgzweinull.stadtarchiv-digital.de\/hermannkaspar\/"]}]},{"@type":"BreadcrumbList","@id":"https:\/\/aschaffenburgzweinull.stadtarchiv-digital.de\/hermannkaspar\/#breadcrumb","itemListElement":[{"@type":"ListItem","position":1,"name":"Startseite","item":"https:\/\/aschaffenburgzweinull.stadtarchiv-digital.de\/"},{"@type":"ListItem","position":2,"name":"Hermann Kaspar"}]},{"@type":"WebSite","@id":"https:\/\/aschaffenburgzweinull.stadtarchiv-digital.de\/#website","url":"https:\/\/aschaffenburgzweinull.stadtarchiv-digital.de\/","name":"Aschaffenburg","description":"2.0","potentialAction":[{"@type":"SearchAction","target":{"@type":"EntryPoint","urlTemplate":"https:\/\/aschaffenburgzweinull.stadtarchiv-digital.de\/?s={search_term_string}"},"query-input":{"@type":"PropertyValueSpecification","valueRequired":true,"valueName":"search_term_string"}}],"inLanguage":"de"},{"@type":"Person","@id":"https:\/\/aschaffenburgzweinull.stadtarchiv-digital.de\/#\/schema\/person\/6620dad05f894110a34e3afd3c3cf3ff","name":"Aschaffenburg_2.0","url":"https:\/\/aschaffenburgzweinull.stadtarchiv-digital.de\/author\/aschaffenburg_2-0\/"}]}},"_links":{"self":[{"href":"https:\/\/aschaffenburgzweinull.stadtarchiv-digital.de\/data\/wp\/v2\/posts\/2623","targetHints":{"allow":["GET"]}}],"collection":[{"href":"https:\/\/aschaffenburgzweinull.stadtarchiv-digital.de\/data\/wp\/v2\/posts"}],"about":[{"href":"https:\/\/aschaffenburgzweinull.stadtarchiv-digital.de\/data\/wp\/v2\/types\/post"}],"author":[{"embeddable":true,"href":"https:\/\/aschaffenburgzweinull.stadtarchiv-digital.de\/data\/wp\/v2\/users\/3"}],"replies":[{"embeddable":true,"href":"https:\/\/aschaffenburgzweinull.stadtarchiv-digital.de\/data\/wp\/v2\/comments?post=2623"}],"version-history":[{"count":10,"href":"https:\/\/aschaffenburgzweinull.stadtarchiv-digital.de\/data\/wp\/v2\/posts\/2623\/revisions"}],"predecessor-version":[{"id":2762,"href":"https:\/\/aschaffenburgzweinull.stadtarchiv-digital.de\/data\/wp\/v2\/posts\/2623\/revisions\/2762"}],"wp:attachment":[{"href":"https:\/\/aschaffenburgzweinull.stadtarchiv-digital.de\/data\/wp\/v2\/media?parent=2623"}],"wp:term":[{"taxonomy":"category","embeddable":true,"href":"https:\/\/aschaffenburgzweinull.stadtarchiv-digital.de\/data\/wp\/v2\/categories?post=2623"},{"taxonomy":"post_tag","embeddable":true,"href":"https:\/\/aschaffenburgzweinull.stadtarchiv-digital.de\/data\/wp\/v2\/tags?post=2623"},{"taxonomy":"format","embeddable":true,"href":"https:\/\/aschaffenburgzweinull.stadtarchiv-digital.de\/data\/wp\/v2\/post-format?post=2623"},{"taxonomy":"content","embeddable":true,"href":"https:\/\/aschaffenburgzweinull.stadtarchiv-digital.de\/data\/wp\/v2\/post-content?post=2623"}],"curies":[{"name":"wp","href":"https:\/\/api.w.org\/{rel}","templated":true}]}}