{"id":2463,"date":"2021-07-30T12:46:41","date_gmt":"2021-07-30T10:46:41","guid":{"rendered":"https:\/\/aschaffenburgzweinull.stadtarchiv-digital.de\/?p=2463"},"modified":"2022-03-23T09:51:30","modified_gmt":"2022-03-23T08:51:30","slug":"podcast-kulturamt-aschaffenburg","status":"publish","type":"post","link":"https:\/\/aschaffenburgzweinull.stadtarchiv-digital.de\/podcast-kulturamt-aschaffenburg\/","title":{"rendered":"Episode 10: Kulturamt Aschaffenburg"},"content":{"rendered":"<p>In der neuen Folge aus der Podcast-Reihe &#8222;Aschaffenburger Geschichten&#8220; wird das Kulturamt Aschaffenburg thematisiert und sein Auftrag, die Aufgaben und Angebote in der Stadt werden vorgestellt. Au\u00dferdem wird besprochen welchen Einfluss die Pandemie auf das Kulturangebot der Stadt Aschaffenburg nahm und welche Veranstaltungen zuk\u00fcnftig geplant sind.<\/p>\n<p>Das Gespr\u00e4ch f\u00fchrten J\u00f6rg Fabig, Burkard Fleckenstein und Dr. Joachim Kemper, Leiter des Stadt- und Stiftsarchivs Aschaffenburg.<\/p>\n<p>Burkard Fleckenstein (Jg. 1955) studierte Schulmusik an den Musikhochschulen Frankfurt und M\u00fcnchen mit dem Hauptfach Violoncello und beendete 1982 sein Referendariat in M\u00fcnchen und Elsenfeld. Bis 1984 war er Schulmusiker und bis 2000 Leiter der st\u00e4dtischen Musikschule Aschaffenburg. Als Leiter des Kulturamts der Stadt Aschaffenburg war er bis 2020 besch\u00e4ftigt.<\/p>\n<p>J\u00f6rg Fabig studierte nach dem Abitur zun\u00e4chst Mathematik und Physik in Frankfurt, bevor er sein Diplom als Musiklehrer 1999\u00a0 am Fachbereich Musik der Johannes Gutenberg-Universit\u00e4t Mainz ablegte. Seit mehr als 20 Jahren unterrichtet J\u00f6rg Fabig Schlagzeug und Percussion als Instrumentalp\u00e4dagoge, seit 01.07.2021 arbeitet er als Leiter des Kulturamts der Stadt Aschaffenburg.<\/p>\n<p>Der Podcast kann bei verschiedenen Podcast-Anbietern geh\u00f6rt werden: <a href=\"https:\/\/open.spotify.com\/show\/3tBnHlSbYRRQPznNkLO2Ad?si=e0Tm4T9TQyahiwEEZuNhCA\">Spotify<\/a>,\u00a0<a href=\"https:\/\/www.audible.com\/pd\/Podcast\/B08JJRRFJC?ipRedirectOverride=true&amp;overrideBaseCountry=true&amp;pf_rd_p=0fdc2c5d-f9bb-4efb-a751-c9e8b1466b3a&amp;pf_rd_r=BEBSH8810J1VW3FTK8N5\">Audible<\/a>,\u00a0<a href=\"https:\/\/www.deezer.com\/search\/Aschaffenburger%20Geschichten\">Deezer<\/a>,\u00a0<a href=\"https:\/\/podcasts.apple.com\/de\/podcast\/aschaffenburger-geschichten\/id1566606888\">Apple Podcasts<\/a>\u00a0<a href=\"https:\/\/podcasts.google.com\/search\/aschaffenburger%20geschichten\">Google Podcasts<\/a>\u00a0und\u00a0<a href=\"https:\/\/www.podcast.de\/podcast\/2519802\/\">Podcast.de<\/a><\/p>\n<p>Viel Spa\u00df beim Zuh\u00f6ren!<\/p>\n","protected":false},"excerpt":{"rendered":"<p>In der neuen Folge aus der Podcast-Reihe &#8222;Aschaffenburger Geschichten&#8220; wird das Kulturamt Aschaffenburg thematisiert und sein Auftrag, die Aufgaben und Angebote in der Stadt werden vorgestellt. Au\u00dferdem wird besprochen welchen [&hellip;]<\/p>\n","protected":false},"author":3,"featured_media":0,"comment_status":"open","ping_status":"closed","sticky":false,"template":"","format":"standard","meta":{"_acf_changed":false,"footnotes":""},"categories":[1,38,39],"tags":[12,217,321,341,342],"post-format":[2],"post-content":[9,67],"class_list":["post-2463","post","type-post","status-publish","format-standard","hentry","category-bildung","category-geschichte","category-kultur","tag-corona","tag-podcast","tag-aschaffenburger-geschichten","tag-kultur","tag-kulturamt","format-information","content-audio","content-text","project-aschaffenburger-geschichten"],"acf":[],"yoast_head":"<!-- This site is optimized with the Yoast SEO plugin v27.4 - https:\/\/yoast.com\/product\/yoast-seo-wordpress\/ -->\n<title>Episode 10: Kulturamt Aschaffenburg - Aschaffenburg<\/title>\n<meta name=\"robots\" content=\"index, follow, max-snippet:-1, max-image-preview:large, max-video-preview:-1\" \/>\n<link rel=\"canonical\" href=\"https:\/\/aschaffenburgzweinull.stadtarchiv-digital.de\/podcast-kulturamt-aschaffenburg\/\" \/>\n<meta property=\"og:locale\" content=\"de_DE\" \/>\n<meta property=\"og:type\" content=\"article\" \/>\n<meta property=\"og:title\" content=\"Episode 10: Kulturamt Aschaffenburg - Aschaffenburg\" \/>\n<meta property=\"og:description\" content=\"In der neuen Folge aus der Podcast-Reihe &#8222;Aschaffenburger Geschichten&#8220; wird das Kulturamt Aschaffenburg thematisiert und sein Auftrag, die Aufgaben und Angebote in der Stadt werden vorgestellt. Au\u00dferdem wird besprochen welchen [&hellip;]\" \/>\n<meta property=\"og:url\" content=\"https:\/\/aschaffenburgzweinull.stadtarchiv-digital.de\/podcast-kulturamt-aschaffenburg\/\" \/>\n<meta property=\"og:site_name\" content=\"Aschaffenburg\" \/>\n<meta property=\"article:published_time\" content=\"2021-07-30T10:46:41+00:00\" \/>\n<meta property=\"article:modified_time\" content=\"2022-03-23T08:51:30+00:00\" \/>\n<meta property=\"og:image\" content=\"https:\/\/aschaffenburgzweinull.stadtarchiv-digital.de\/wp-content\/uploads\/2020\/07\/Logo-Stadtarchiv-Aschaffenburg.png\" \/>\n\t<meta property=\"og:image:width\" content=\"379\" \/>\n\t<meta property=\"og:image:height\" content=\"70\" \/>\n\t<meta property=\"og:image:type\" content=\"image\/png\" \/>\n<meta name=\"author\" content=\"Aschaffenburg_2.0\" \/>\n<meta name=\"twitter:card\" content=\"summary_large_image\" \/>\n<meta name=\"twitter:label1\" content=\"Verfasst von\" \/>\n\t<meta name=\"twitter:data1\" content=\"Aschaffenburg_2.0\" \/>\n\t<meta name=\"twitter:label2\" content=\"Gesch\u00e4tzte Lesezeit\" \/>\n\t<meta name=\"twitter:data2\" content=\"1\u00a0Minute\" \/>\n<script type=\"application\/ld+json\" class=\"yoast-schema-graph\">{\"@context\":\"https:\\\/\\\/schema.org\",\"@graph\":[{\"@type\":\"Article\",\"@id\":\"https:\\\/\\\/aschaffenburgzweinull.stadtarchiv-digital.de\\\/podcast-kulturamt-aschaffenburg\\\/#article\",\"isPartOf\":{\"@id\":\"https:\\\/\\\/aschaffenburgzweinull.stadtarchiv-digital.de\\\/podcast-kulturamt-aschaffenburg\\\/\"},\"author\":{\"name\":\"Aschaffenburg_2.0\",\"@id\":\"https:\\\/\\\/aschaffenburgzweinull.stadtarchiv-digital.de\\\/#\\\/schema\\\/person\\\/6620dad05f894110a34e3afd3c3cf3ff\"},\"headline\":\"Episode 10: Kulturamt Aschaffenburg\",\"datePublished\":\"2021-07-30T10:46:41+00:00\",\"dateModified\":\"2022-03-23T08:51:30+00:00\",\"mainEntityOfPage\":{\"@id\":\"https:\\\/\\\/aschaffenburgzweinull.stadtarchiv-digital.de\\\/podcast-kulturamt-aschaffenburg\\\/\"},\"wordCount\":197,\"commentCount\":0,\"keywords\":[\"Corona\",\"Podcast\",\"Aschaffenburger Geschichten\",\"Kultur\",\"Kulturamt\"],\"articleSection\":[\"Bildung\",\"Geschichte\",\"Kultur\"],\"inLanguage\":\"de\",\"potentialAction\":[{\"@type\":\"CommentAction\",\"name\":\"Comment\",\"target\":[\"https:\\\/\\\/aschaffenburgzweinull.stadtarchiv-digital.de\\\/podcast-kulturamt-aschaffenburg\\\/#respond\"]}]},{\"@type\":\"WebPage\",\"@id\":\"https:\\\/\\\/aschaffenburgzweinull.stadtarchiv-digital.de\\\/podcast-kulturamt-aschaffenburg\\\/\",\"url\":\"https:\\\/\\\/aschaffenburgzweinull.stadtarchiv-digital.de\\\/podcast-kulturamt-aschaffenburg\\\/\",\"name\":\"Episode 10: Kulturamt Aschaffenburg - Aschaffenburg\",\"isPartOf\":{\"@id\":\"https:\\\/\\\/aschaffenburgzweinull.stadtarchiv-digital.de\\\/#website\"},\"datePublished\":\"2021-07-30T10:46:41+00:00\",\"dateModified\":\"2022-03-23T08:51:30+00:00\",\"author\":{\"@id\":\"https:\\\/\\\/aschaffenburgzweinull.stadtarchiv-digital.de\\\/#\\\/schema\\\/person\\\/6620dad05f894110a34e3afd3c3cf3ff\"},\"breadcrumb\":{\"@id\":\"https:\\\/\\\/aschaffenburgzweinull.stadtarchiv-digital.de\\\/podcast-kulturamt-aschaffenburg\\\/#breadcrumb\"},\"inLanguage\":\"de\",\"potentialAction\":[{\"@type\":\"ReadAction\",\"target\":[\"https:\\\/\\\/aschaffenburgzweinull.stadtarchiv-digital.de\\\/podcast-kulturamt-aschaffenburg\\\/\"]}]},{\"@type\":\"BreadcrumbList\",\"@id\":\"https:\\\/\\\/aschaffenburgzweinull.stadtarchiv-digital.de\\\/podcast-kulturamt-aschaffenburg\\\/#breadcrumb\",\"itemListElement\":[{\"@type\":\"ListItem\",\"position\":1,\"name\":\"Startseite\",\"item\":\"https:\\\/\\\/aschaffenburgzweinull.stadtarchiv-digital.de\\\/\"},{\"@type\":\"ListItem\",\"position\":2,\"name\":\"Episode 10: Kulturamt Aschaffenburg\"}]},{\"@type\":\"WebSite\",\"@id\":\"https:\\\/\\\/aschaffenburgzweinull.stadtarchiv-digital.de\\\/#website\",\"url\":\"https:\\\/\\\/aschaffenburgzweinull.stadtarchiv-digital.de\\\/\",\"name\":\"Aschaffenburg\",\"description\":\"2.0\",\"potentialAction\":[{\"@type\":\"SearchAction\",\"target\":{\"@type\":\"EntryPoint\",\"urlTemplate\":\"https:\\\/\\\/aschaffenburgzweinull.stadtarchiv-digital.de\\\/?s={search_term_string}\"},\"query-input\":{\"@type\":\"PropertyValueSpecification\",\"valueRequired\":true,\"valueName\":\"search_term_string\"}}],\"inLanguage\":\"de\"},{\"@type\":\"Person\",\"@id\":\"https:\\\/\\\/aschaffenburgzweinull.stadtarchiv-digital.de\\\/#\\\/schema\\\/person\\\/6620dad05f894110a34e3afd3c3cf3ff\",\"name\":\"Aschaffenburg_2.0\",\"url\":\"https:\\\/\\\/aschaffenburgzweinull.stadtarchiv-digital.de\\\/author\\\/aschaffenburg_2-0\\\/\"}]}<\/script>\n<!-- \/ Yoast SEO plugin. -->","yoast_head_json":{"title":"Episode 10: Kulturamt Aschaffenburg - Aschaffenburg","robots":{"index":"index","follow":"follow","max-snippet":"max-snippet:-1","max-image-preview":"max-image-preview:large","max-video-preview":"max-video-preview:-1"},"canonical":"https:\/\/aschaffenburgzweinull.stadtarchiv-digital.de\/podcast-kulturamt-aschaffenburg\/","og_locale":"de_DE","og_type":"article","og_title":"Episode 10: Kulturamt Aschaffenburg - Aschaffenburg","og_description":"In der neuen Folge aus der Podcast-Reihe &#8222;Aschaffenburger Geschichten&#8220; wird das Kulturamt Aschaffenburg thematisiert und sein Auftrag, die Aufgaben und Angebote in der Stadt werden vorgestellt. Au\u00dferdem wird besprochen welchen [&hellip;]","og_url":"https:\/\/aschaffenburgzweinull.stadtarchiv-digital.de\/podcast-kulturamt-aschaffenburg\/","og_site_name":"Aschaffenburg","article_published_time":"2021-07-30T10:46:41+00:00","article_modified_time":"2022-03-23T08:51:30+00:00","og_image":[{"width":379,"height":70,"url":"https:\/\/aschaffenburgzweinull.stadtarchiv-digital.de\/wp-content\/uploads\/2020\/07\/Logo-Stadtarchiv-Aschaffenburg.png","type":"image\/png"}],"author":"Aschaffenburg_2.0","twitter_card":"summary_large_image","twitter_misc":{"Verfasst von":"Aschaffenburg_2.0","Gesch\u00e4tzte Lesezeit":"1\u00a0Minute"},"schema":{"@context":"https:\/\/schema.org","@graph":[{"@type":"Article","@id":"https:\/\/aschaffenburgzweinull.stadtarchiv-digital.de\/podcast-kulturamt-aschaffenburg\/#article","isPartOf":{"@id":"https:\/\/aschaffenburgzweinull.stadtarchiv-digital.de\/podcast-kulturamt-aschaffenburg\/"},"author":{"name":"Aschaffenburg_2.0","@id":"https:\/\/aschaffenburgzweinull.stadtarchiv-digital.de\/#\/schema\/person\/6620dad05f894110a34e3afd3c3cf3ff"},"headline":"Episode 10: Kulturamt Aschaffenburg","datePublished":"2021-07-30T10:46:41+00:00","dateModified":"2022-03-23T08:51:30+00:00","mainEntityOfPage":{"@id":"https:\/\/aschaffenburgzweinull.stadtarchiv-digital.de\/podcast-kulturamt-aschaffenburg\/"},"wordCount":197,"commentCount":0,"keywords":["Corona","Podcast","Aschaffenburger Geschichten","Kultur","Kulturamt"],"articleSection":["Bildung","Geschichte","Kultur"],"inLanguage":"de","potentialAction":[{"@type":"CommentAction","name":"Comment","target":["https:\/\/aschaffenburgzweinull.stadtarchiv-digital.de\/podcast-kulturamt-aschaffenburg\/#respond"]}]},{"@type":"WebPage","@id":"https:\/\/aschaffenburgzweinull.stadtarchiv-digital.de\/podcast-kulturamt-aschaffenburg\/","url":"https:\/\/aschaffenburgzweinull.stadtarchiv-digital.de\/podcast-kulturamt-aschaffenburg\/","name":"Episode 10: Kulturamt Aschaffenburg - Aschaffenburg","isPartOf":{"@id":"https:\/\/aschaffenburgzweinull.stadtarchiv-digital.de\/#website"},"datePublished":"2021-07-30T10:46:41+00:00","dateModified":"2022-03-23T08:51:30+00:00","author":{"@id":"https:\/\/aschaffenburgzweinull.stadtarchiv-digital.de\/#\/schema\/person\/6620dad05f894110a34e3afd3c3cf3ff"},"breadcrumb":{"@id":"https:\/\/aschaffenburgzweinull.stadtarchiv-digital.de\/podcast-kulturamt-aschaffenburg\/#breadcrumb"},"inLanguage":"de","potentialAction":[{"@type":"ReadAction","target":["https:\/\/aschaffenburgzweinull.stadtarchiv-digital.de\/podcast-kulturamt-aschaffenburg\/"]}]},{"@type":"BreadcrumbList","@id":"https:\/\/aschaffenburgzweinull.stadtarchiv-digital.de\/podcast-kulturamt-aschaffenburg\/#breadcrumb","itemListElement":[{"@type":"ListItem","position":1,"name":"Startseite","item":"https:\/\/aschaffenburgzweinull.stadtarchiv-digital.de\/"},{"@type":"ListItem","position":2,"name":"Episode 10: Kulturamt Aschaffenburg"}]},{"@type":"WebSite","@id":"https:\/\/aschaffenburgzweinull.stadtarchiv-digital.de\/#website","url":"https:\/\/aschaffenburgzweinull.stadtarchiv-digital.de\/","name":"Aschaffenburg","description":"2.0","potentialAction":[{"@type":"SearchAction","target":{"@type":"EntryPoint","urlTemplate":"https:\/\/aschaffenburgzweinull.stadtarchiv-digital.de\/?s={search_term_string}"},"query-input":{"@type":"PropertyValueSpecification","valueRequired":true,"valueName":"search_term_string"}}],"inLanguage":"de"},{"@type":"Person","@id":"https:\/\/aschaffenburgzweinull.stadtarchiv-digital.de\/#\/schema\/person\/6620dad05f894110a34e3afd3c3cf3ff","name":"Aschaffenburg_2.0","url":"https:\/\/aschaffenburgzweinull.stadtarchiv-digital.de\/author\/aschaffenburg_2-0\/"}]}},"_links":{"self":[{"href":"https:\/\/aschaffenburgzweinull.stadtarchiv-digital.de\/data\/wp\/v2\/posts\/2463","targetHints":{"allow":["GET"]}}],"collection":[{"href":"https:\/\/aschaffenburgzweinull.stadtarchiv-digital.de\/data\/wp\/v2\/posts"}],"about":[{"href":"https:\/\/aschaffenburgzweinull.stadtarchiv-digital.de\/data\/wp\/v2\/types\/post"}],"author":[{"embeddable":true,"href":"https:\/\/aschaffenburgzweinull.stadtarchiv-digital.de\/data\/wp\/v2\/users\/3"}],"replies":[{"embeddable":true,"href":"https:\/\/aschaffenburgzweinull.stadtarchiv-digital.de\/data\/wp\/v2\/comments?post=2463"}],"version-history":[{"count":27,"href":"https:\/\/aschaffenburgzweinull.stadtarchiv-digital.de\/data\/wp\/v2\/posts\/2463\/revisions"}],"predecessor-version":[{"id":4872,"href":"https:\/\/aschaffenburgzweinull.stadtarchiv-digital.de\/data\/wp\/v2\/posts\/2463\/revisions\/4872"}],"wp:attachment":[{"href":"https:\/\/aschaffenburgzweinull.stadtarchiv-digital.de\/data\/wp\/v2\/media?parent=2463"}],"wp:term":[{"taxonomy":"category","embeddable":true,"href":"https:\/\/aschaffenburgzweinull.stadtarchiv-digital.de\/data\/wp\/v2\/categories?post=2463"},{"taxonomy":"post_tag","embeddable":true,"href":"https:\/\/aschaffenburgzweinull.stadtarchiv-digital.de\/data\/wp\/v2\/tags?post=2463"},{"taxonomy":"format","embeddable":true,"href":"https:\/\/aschaffenburgzweinull.stadtarchiv-digital.de\/data\/wp\/v2\/post-format?post=2463"},{"taxonomy":"content","embeddable":true,"href":"https:\/\/aschaffenburgzweinull.stadtarchiv-digital.de\/data\/wp\/v2\/post-content?post=2463"}],"curies":[{"name":"wp","href":"https:\/\/api.w.org\/{rel}","templated":true}]}}