{"id":231,"date":"2020-08-23T10:59:09","date_gmt":"2020-08-23T08:59:09","guid":{"rendered":"https:\/\/aschaffenburgzweinull.stadtarchiv-digital.de\/?p=231"},"modified":"2022-01-19T22:17:33","modified_gmt":"2022-01-19T21:17:33","slug":"neues-aus-dem-corona-archiv-maske-und-abstand","status":"publish","type":"post","link":"https:\/\/aschaffenburgzweinull.stadtarchiv-digital.de\/neues-aus-dem-corona-archiv-maske-und-abstand\/","title":{"rendered":"Neues aus dem Corona-Archiv: Maske und Abstand"},"content":{"rendered":"<p>Egal ob im Zug, beim Friseur oder beim Einkaufen, ein neuer Alltagsgegenstand darf in der Corona-Krise nicht mehr fehlen \u2013 die Maske. Sp\u00e4testens seit der Einf\u00fchrung der Maskenpflicht pr\u00e4gt der Mund- und Nasenschutz unseren Alltag und ist zum t\u00e4glichen Begleiter geworden. Egal ob gekauft oder selbst gen\u00e4ht, viele Farben und Muster schm\u00fccken die Gesichter unserer Mitmenschen. Es scheint fast normal, dem Gegen\u00fcber nur noch halb verdeckt zu begegnen. Nicht nur das Tragen einer Maske, sondern auch das Abstandhalten z\u00e4hlt nun zu den Verhaltensregeln im Alltag.<\/p>\n<p>Die Bilder in der Galerie greifen das Thema Maske und Abstand halten in Aschaffenburg auf.<\/p>\n","protected":false},"excerpt":{"rendered":"<p>Egal ob im Zug, beim Friseur oder beim Einkaufen, ein neuer Alltagsgegenstand darf in der Corona-Krise nicht mehr fehlen \u2013 die Maske. Sp\u00e4testens seit der Einf\u00fchrung der Maskenpflicht pr\u00e4gt der [&hellip;]<\/p>\n","protected":false},"author":3,"featured_media":0,"comment_status":"open","ping_status":"open","sticky":false,"template":"","format":"standard","meta":{"_acf_changed":false,"footnotes":""},"categories":[7,41],"tags":[12,13,50,62,63],"post-format":[44],"post-content":[3],"class_list":["post-231","post","type-post","status-publish","format-standard","hentry","category-highlights","category-leben","tag-corona","tag-alltag","tag-krise","tag-maske","tag-abstand","format-beobachtung","content-image","project-stadtarchiv"],"acf":[],"yoast_head":"<!-- This site is optimized with the Yoast SEO plugin v27.4 - https:\/\/yoast.com\/product\/yoast-seo-wordpress\/ -->\n<title>Neues aus dem Corona-Archiv: Maske und Abstand - Aschaffenburg<\/title>\n<meta name=\"robots\" content=\"index, follow, max-snippet:-1, max-image-preview:large, max-video-preview:-1\" \/>\n<link rel=\"canonical\" href=\"https:\/\/aschaffenburgzweinull.stadtarchiv-digital.de\/neues-aus-dem-corona-archiv-maske-und-abstand\/\" \/>\n<meta property=\"og:locale\" content=\"de_DE\" \/>\n<meta property=\"og:type\" content=\"article\" \/>\n<meta property=\"og:title\" content=\"Neues aus dem Corona-Archiv: Maske und Abstand - Aschaffenburg\" \/>\n<meta property=\"og:description\" content=\"Egal ob im Zug, beim Friseur oder beim Einkaufen, ein neuer Alltagsgegenstand darf in der Corona-Krise nicht mehr fehlen \u2013 die Maske. Sp\u00e4testens seit der Einf\u00fchrung der Maskenpflicht pr\u00e4gt der [&hellip;]\" \/>\n<meta property=\"og:url\" content=\"https:\/\/aschaffenburgzweinull.stadtarchiv-digital.de\/neues-aus-dem-corona-archiv-maske-und-abstand\/\" \/>\n<meta property=\"og:site_name\" content=\"Aschaffenburg\" \/>\n<meta property=\"article:published_time\" content=\"2020-08-23T08:59:09+00:00\" \/>\n<meta property=\"article:modified_time\" content=\"2022-01-19T21:17:33+00:00\" \/>\n<meta property=\"og:image\" content=\"https:\/\/aschaffenburgzweinull.stadtarchiv-digital.de\/wp-content\/uploads\/2020\/07\/Logo-Stadtarchiv-Aschaffenburg.png\" \/>\n\t<meta property=\"og:image:width\" content=\"379\" \/>\n\t<meta property=\"og:image:height\" content=\"70\" \/>\n\t<meta property=\"og:image:type\" content=\"image\/png\" \/>\n<meta name=\"author\" content=\"Aschaffenburg_2.0\" \/>\n<meta name=\"twitter:card\" content=\"summary_large_image\" \/>\n<meta name=\"twitter:label1\" content=\"Verfasst von\" \/>\n\t<meta name=\"twitter:data1\" content=\"Aschaffenburg_2.0\" \/>\n\t<meta name=\"twitter:label2\" content=\"Gesch\u00e4tzte Lesezeit\" \/>\n\t<meta name=\"twitter:data2\" content=\"1\u00a0Minute\" \/>\n<script type=\"application\/ld+json\" class=\"yoast-schema-graph\">{\"@context\":\"https:\\\/\\\/schema.org\",\"@graph\":[{\"@type\":\"Article\",\"@id\":\"https:\\\/\\\/aschaffenburgzweinull.stadtarchiv-digital.de\\\/neues-aus-dem-corona-archiv-maske-und-abstand\\\/#article\",\"isPartOf\":{\"@id\":\"https:\\\/\\\/aschaffenburgzweinull.stadtarchiv-digital.de\\\/neues-aus-dem-corona-archiv-maske-und-abstand\\\/\"},\"author\":{\"name\":\"Aschaffenburg_2.0\",\"@id\":\"https:\\\/\\\/aschaffenburgzweinull.stadtarchiv-digital.de\\\/#\\\/schema\\\/person\\\/6620dad05f894110a34e3afd3c3cf3ff\"},\"headline\":\"Neues aus dem Corona-Archiv: Maske und Abstand\",\"datePublished\":\"2020-08-23T08:59:09+00:00\",\"dateModified\":\"2022-01-19T21:17:33+00:00\",\"mainEntityOfPage\":{\"@id\":\"https:\\\/\\\/aschaffenburgzweinull.stadtarchiv-digital.de\\\/neues-aus-dem-corona-archiv-maske-und-abstand\\\/\"},\"wordCount\":114,\"commentCount\":0,\"keywords\":[\"Corona\",\"Alltag\",\"Krise\",\"Maske\",\"Abstand\"],\"articleSection\":[\"Highlights\",\"Leben\"],\"inLanguage\":\"de\",\"potentialAction\":[{\"@type\":\"CommentAction\",\"name\":\"Comment\",\"target\":[\"https:\\\/\\\/aschaffenburgzweinull.stadtarchiv-digital.de\\\/neues-aus-dem-corona-archiv-maske-und-abstand\\\/#respond\"]}]},{\"@type\":\"WebPage\",\"@id\":\"https:\\\/\\\/aschaffenburgzweinull.stadtarchiv-digital.de\\\/neues-aus-dem-corona-archiv-maske-und-abstand\\\/\",\"url\":\"https:\\\/\\\/aschaffenburgzweinull.stadtarchiv-digital.de\\\/neues-aus-dem-corona-archiv-maske-und-abstand\\\/\",\"name\":\"Neues aus dem Corona-Archiv: Maske und Abstand - Aschaffenburg\",\"isPartOf\":{\"@id\":\"https:\\\/\\\/aschaffenburgzweinull.stadtarchiv-digital.de\\\/#website\"},\"datePublished\":\"2020-08-23T08:59:09+00:00\",\"dateModified\":\"2022-01-19T21:17:33+00:00\",\"author\":{\"@id\":\"https:\\\/\\\/aschaffenburgzweinull.stadtarchiv-digital.de\\\/#\\\/schema\\\/person\\\/6620dad05f894110a34e3afd3c3cf3ff\"},\"breadcrumb\":{\"@id\":\"https:\\\/\\\/aschaffenburgzweinull.stadtarchiv-digital.de\\\/neues-aus-dem-corona-archiv-maske-und-abstand\\\/#breadcrumb\"},\"inLanguage\":\"de\",\"potentialAction\":[{\"@type\":\"ReadAction\",\"target\":[\"https:\\\/\\\/aschaffenburgzweinull.stadtarchiv-digital.de\\\/neues-aus-dem-corona-archiv-maske-und-abstand\\\/\"]}]},{\"@type\":\"BreadcrumbList\",\"@id\":\"https:\\\/\\\/aschaffenburgzweinull.stadtarchiv-digital.de\\\/neues-aus-dem-corona-archiv-maske-und-abstand\\\/#breadcrumb\",\"itemListElement\":[{\"@type\":\"ListItem\",\"position\":1,\"name\":\"Startseite\",\"item\":\"https:\\\/\\\/aschaffenburgzweinull.stadtarchiv-digital.de\\\/\"},{\"@type\":\"ListItem\",\"position\":2,\"name\":\"Neues aus dem Corona-Archiv: Maske und Abstand\"}]},{\"@type\":\"WebSite\",\"@id\":\"https:\\\/\\\/aschaffenburgzweinull.stadtarchiv-digital.de\\\/#website\",\"url\":\"https:\\\/\\\/aschaffenburgzweinull.stadtarchiv-digital.de\\\/\",\"name\":\"Aschaffenburg\",\"description\":\"2.0\",\"potentialAction\":[{\"@type\":\"SearchAction\",\"target\":{\"@type\":\"EntryPoint\",\"urlTemplate\":\"https:\\\/\\\/aschaffenburgzweinull.stadtarchiv-digital.de\\\/?s={search_term_string}\"},\"query-input\":{\"@type\":\"PropertyValueSpecification\",\"valueRequired\":true,\"valueName\":\"search_term_string\"}}],\"inLanguage\":\"de\"},{\"@type\":\"Person\",\"@id\":\"https:\\\/\\\/aschaffenburgzweinull.stadtarchiv-digital.de\\\/#\\\/schema\\\/person\\\/6620dad05f894110a34e3afd3c3cf3ff\",\"name\":\"Aschaffenburg_2.0\",\"url\":\"https:\\\/\\\/aschaffenburgzweinull.stadtarchiv-digital.de\\\/author\\\/aschaffenburg_2-0\\\/\"}]}<\/script>\n<!-- \/ Yoast SEO plugin. -->","yoast_head_json":{"title":"Neues aus dem Corona-Archiv: Maske und Abstand - Aschaffenburg","robots":{"index":"index","follow":"follow","max-snippet":"max-snippet:-1","max-image-preview":"max-image-preview:large","max-video-preview":"max-video-preview:-1"},"canonical":"https:\/\/aschaffenburgzweinull.stadtarchiv-digital.de\/neues-aus-dem-corona-archiv-maske-und-abstand\/","og_locale":"de_DE","og_type":"article","og_title":"Neues aus dem Corona-Archiv: Maske und Abstand - Aschaffenburg","og_description":"Egal ob im Zug, beim Friseur oder beim Einkaufen, ein neuer Alltagsgegenstand darf in der Corona-Krise nicht mehr fehlen \u2013 die Maske. Sp\u00e4testens seit der Einf\u00fchrung der Maskenpflicht pr\u00e4gt der [&hellip;]","og_url":"https:\/\/aschaffenburgzweinull.stadtarchiv-digital.de\/neues-aus-dem-corona-archiv-maske-und-abstand\/","og_site_name":"Aschaffenburg","article_published_time":"2020-08-23T08:59:09+00:00","article_modified_time":"2022-01-19T21:17:33+00:00","og_image":[{"width":379,"height":70,"url":"https:\/\/aschaffenburgzweinull.stadtarchiv-digital.de\/wp-content\/uploads\/2020\/07\/Logo-Stadtarchiv-Aschaffenburg.png","type":"image\/png"}],"author":"Aschaffenburg_2.0","twitter_card":"summary_large_image","twitter_misc":{"Verfasst von":"Aschaffenburg_2.0","Gesch\u00e4tzte Lesezeit":"1\u00a0Minute"},"schema":{"@context":"https:\/\/schema.org","@graph":[{"@type":"Article","@id":"https:\/\/aschaffenburgzweinull.stadtarchiv-digital.de\/neues-aus-dem-corona-archiv-maske-und-abstand\/#article","isPartOf":{"@id":"https:\/\/aschaffenburgzweinull.stadtarchiv-digital.de\/neues-aus-dem-corona-archiv-maske-und-abstand\/"},"author":{"name":"Aschaffenburg_2.0","@id":"https:\/\/aschaffenburgzweinull.stadtarchiv-digital.de\/#\/schema\/person\/6620dad05f894110a34e3afd3c3cf3ff"},"headline":"Neues aus dem Corona-Archiv: Maske und Abstand","datePublished":"2020-08-23T08:59:09+00:00","dateModified":"2022-01-19T21:17:33+00:00","mainEntityOfPage":{"@id":"https:\/\/aschaffenburgzweinull.stadtarchiv-digital.de\/neues-aus-dem-corona-archiv-maske-und-abstand\/"},"wordCount":114,"commentCount":0,"keywords":["Corona","Alltag","Krise","Maske","Abstand"],"articleSection":["Highlights","Leben"],"inLanguage":"de","potentialAction":[{"@type":"CommentAction","name":"Comment","target":["https:\/\/aschaffenburgzweinull.stadtarchiv-digital.de\/neues-aus-dem-corona-archiv-maske-und-abstand\/#respond"]}]},{"@type":"WebPage","@id":"https:\/\/aschaffenburgzweinull.stadtarchiv-digital.de\/neues-aus-dem-corona-archiv-maske-und-abstand\/","url":"https:\/\/aschaffenburgzweinull.stadtarchiv-digital.de\/neues-aus-dem-corona-archiv-maske-und-abstand\/","name":"Neues aus dem Corona-Archiv: Maske und Abstand - Aschaffenburg","isPartOf":{"@id":"https:\/\/aschaffenburgzweinull.stadtarchiv-digital.de\/#website"},"datePublished":"2020-08-23T08:59:09+00:00","dateModified":"2022-01-19T21:17:33+00:00","author":{"@id":"https:\/\/aschaffenburgzweinull.stadtarchiv-digital.de\/#\/schema\/person\/6620dad05f894110a34e3afd3c3cf3ff"},"breadcrumb":{"@id":"https:\/\/aschaffenburgzweinull.stadtarchiv-digital.de\/neues-aus-dem-corona-archiv-maske-und-abstand\/#breadcrumb"},"inLanguage":"de","potentialAction":[{"@type":"ReadAction","target":["https:\/\/aschaffenburgzweinull.stadtarchiv-digital.de\/neues-aus-dem-corona-archiv-maske-und-abstand\/"]}]},{"@type":"BreadcrumbList","@id":"https:\/\/aschaffenburgzweinull.stadtarchiv-digital.de\/neues-aus-dem-corona-archiv-maske-und-abstand\/#breadcrumb","itemListElement":[{"@type":"ListItem","position":1,"name":"Startseite","item":"https:\/\/aschaffenburgzweinull.stadtarchiv-digital.de\/"},{"@type":"ListItem","position":2,"name":"Neues aus dem Corona-Archiv: Maske und Abstand"}]},{"@type":"WebSite","@id":"https:\/\/aschaffenburgzweinull.stadtarchiv-digital.de\/#website","url":"https:\/\/aschaffenburgzweinull.stadtarchiv-digital.de\/","name":"Aschaffenburg","description":"2.0","potentialAction":[{"@type":"SearchAction","target":{"@type":"EntryPoint","urlTemplate":"https:\/\/aschaffenburgzweinull.stadtarchiv-digital.de\/?s={search_term_string}"},"query-input":{"@type":"PropertyValueSpecification","valueRequired":true,"valueName":"search_term_string"}}],"inLanguage":"de"},{"@type":"Person","@id":"https:\/\/aschaffenburgzweinull.stadtarchiv-digital.de\/#\/schema\/person\/6620dad05f894110a34e3afd3c3cf3ff","name":"Aschaffenburg_2.0","url":"https:\/\/aschaffenburgzweinull.stadtarchiv-digital.de\/author\/aschaffenburg_2-0\/"}]}},"_links":{"self":[{"href":"https:\/\/aschaffenburgzweinull.stadtarchiv-digital.de\/data\/wp\/v2\/posts\/231","targetHints":{"allow":["GET"]}}],"collection":[{"href":"https:\/\/aschaffenburgzweinull.stadtarchiv-digital.de\/data\/wp\/v2\/posts"}],"about":[{"href":"https:\/\/aschaffenburgzweinull.stadtarchiv-digital.de\/data\/wp\/v2\/types\/post"}],"author":[{"embeddable":true,"href":"https:\/\/aschaffenburgzweinull.stadtarchiv-digital.de\/data\/wp\/v2\/users\/3"}],"replies":[{"embeddable":true,"href":"https:\/\/aschaffenburgzweinull.stadtarchiv-digital.de\/data\/wp\/v2\/comments?post=231"}],"version-history":[{"count":7,"href":"https:\/\/aschaffenburgzweinull.stadtarchiv-digital.de\/data\/wp\/v2\/posts\/231\/revisions"}],"predecessor-version":[{"id":604,"href":"https:\/\/aschaffenburgzweinull.stadtarchiv-digital.de\/data\/wp\/v2\/posts\/231\/revisions\/604"}],"wp:attachment":[{"href":"https:\/\/aschaffenburgzweinull.stadtarchiv-digital.de\/data\/wp\/v2\/media?parent=231"}],"wp:term":[{"taxonomy":"category","embeddable":true,"href":"https:\/\/aschaffenburgzweinull.stadtarchiv-digital.de\/data\/wp\/v2\/categories?post=231"},{"taxonomy":"post_tag","embeddable":true,"href":"https:\/\/aschaffenburgzweinull.stadtarchiv-digital.de\/data\/wp\/v2\/tags?post=231"},{"taxonomy":"format","embeddable":true,"href":"https:\/\/aschaffenburgzweinull.stadtarchiv-digital.de\/data\/wp\/v2\/post-format?post=231"},{"taxonomy":"content","embeddable":true,"href":"https:\/\/aschaffenburgzweinull.stadtarchiv-digital.de\/data\/wp\/v2\/post-content?post=231"}],"curies":[{"name":"wp","href":"https:\/\/api.w.org\/{rel}","templated":true}]}}