{"id":2156,"date":"2021-06-10T10:59:32","date_gmt":"2021-06-10T08:59:32","guid":{"rendered":"https:\/\/aschaffenburgzweinull.stadtarchiv-digital.de\/?p=2156"},"modified":"2022-03-23T09:48:12","modified_gmt":"2022-03-23T08:48:12","slug":"neue-podcastfolge-online-musik-in-der-aera-erthal","status":"publish","type":"post","link":"https:\/\/aschaffenburgzweinull.stadtarchiv-digital.de\/neue-podcastfolge-online-musik-in-der-aera-erthal\/","title":{"rendered":"Episode 5: Musik in der \u00c4ra Erthal"},"content":{"rendered":"<p>In der neuen Folge aus der Podcast-Reihe &#8222;Aschaffenburger Geschichten&#8220; wird die Ausstellung &#8222;Ausklang von Kurmainz und Aschaffenburg. Das Musikleben unter Erzbischof Friedrich Karl Josef von Erthal (1719-1802)&#8220; vorgestellt und die musikgeschichtliche Bedeutung seiner Regierungszeit erl\u00e4utert. Das Gespr\u00e4ch f\u00fchrten Kristina Kr\u00e4mer und Dr. Vaios Kalogrias, Koordinator des Projekts &#8222;Geschichte Aschaffenburgs im 19. und 20. Jahrhundert.&#8220;<\/p>\n<p>Kristina Kr\u00e4mer (Jg.1995) seit Ende 2019 Doktorandin der Musikwissenschaft an der JGU (Thema des Promotionsvorhabens: \u201eDer Musikverlag Schott im ersten Viertel des 19. Jahrhunderts\u201c (Betreut durch Prof. Dr. Axel Beer)), arbeitet seit 2018 redaktionell und inhaltlich am Lexikon &#8222;Musik und Musiker am Mittelrhein 2&#8220; mit und seit 2019 in der Zentralredaktion des RISM (R\u00e9pertoire International des Sources Musicales) in Frankfurt am Main.<\/p>\n<p>Die Ausstellung findet vom 1. Juni bis zum 16. Juli 2021 im Sch\u00f6nborner Hof statt. Weitere Informationen zur Ausstellung findet Ihr <a href=\"https:\/\/stadtarchiv-aschaffenburg.de\/ausstellung-ausklang-von-kurmainz-in-mainz-und-aschaffenburg-das-musikleben-unter-erzbischof-friedrich-karl-joseph-von-erthal-1719-1802\">hier<\/a>.<\/p>\n<p>Der Podcast kann bei verschiedenen Podcast-Anbietern geh\u00f6rt werden: <a href=\"https:\/\/open.spotify.com\/show\/3tBnHlSbYRRQPznNkLO2Ad?si=e0Tm4T9TQyahiwEEZuNhCA\">Spotify<\/a>, <a href=\"https:\/\/www.audible.com\/pd\/Podcast\/B08JJRRFJC?ipRedirectOverride=true&amp;overrideBaseCountry=true&amp;pf_rd_p=0fdc2c5d-f9bb-4efb-a751-c9e8b1466b3a&amp;pf_rd_r=BEBSH8810J1VW3FTK8N5\">Audible<\/a>, <a href=\"https:\/\/www.deezer.com\/search\/Aschaffenburger%20Geschichten\">Deezer<\/a>, <a href=\"https:\/\/podcasts.apple.com\/de\/podcast\/aschaffenburger-geschichten\/id1566606888\">Apple Podcasts<\/a> <a href=\"https:\/\/podcasts.google.com\/search\/aschaffenburger%20geschichten\">Google Podcasts<\/a> und <a href=\"https:\/\/www.podcast.de\/podcast\/2519802\/\">Podcast.de<\/a><\/p>\n<p>Viel Spa\u00df beim Zuh\u00f6ren!<\/p>\n","protected":false},"excerpt":{"rendered":"<p>In der neuen Folge aus der Podcast-Reihe &#8222;Aschaffenburger Geschichten&#8220; wird die Ausstellung &#8222;Ausklang von Kurmainz und Aschaffenburg. Das Musikleben unter Erzbischof Friedrich Karl Josef von Erthal (1719-1802)&#8220; vorgestellt und die [&hellip;]<\/p>\n","protected":false},"author":3,"featured_media":0,"comment_status":"open","ping_status":"closed","sticky":false,"template":"","format":"standard","meta":{"_acf_changed":false,"footnotes":""},"categories":[38,39],"tags":[175,217,290,294,295,321],"post-format":[2],"post-content":[9,67],"class_list":["post-2156","post","type-post","status-publish","format-standard","hentry","category-geschichte","category-kultur","tag-musik","tag-podcast","tag-erthal","tag-mainz","tag-kurfuerst","tag-aschaffenburger-geschichten","format-information","content-audio","content-text","project-aschaffenburger-geschichten"],"acf":[],"yoast_head":"<!-- This site is optimized with the Yoast SEO plugin v27.4 - https:\/\/yoast.com\/product\/yoast-seo-wordpress\/ -->\n<title>Episode 5: Musik in der \u00c4ra Erthal - Aschaffenburg<\/title>\n<meta name=\"robots\" content=\"index, follow, max-snippet:-1, max-image-preview:large, max-video-preview:-1\" \/>\n<link rel=\"canonical\" href=\"https:\/\/aschaffenburgzweinull.stadtarchiv-digital.de\/neue-podcastfolge-online-musik-in-der-aera-erthal\/\" \/>\n<meta property=\"og:locale\" content=\"de_DE\" \/>\n<meta property=\"og:type\" content=\"article\" \/>\n<meta property=\"og:title\" content=\"Episode 5: Musik in der \u00c4ra Erthal - Aschaffenburg\" \/>\n<meta property=\"og:description\" content=\"In der neuen Folge aus der Podcast-Reihe &#8222;Aschaffenburger Geschichten&#8220; wird die Ausstellung &#8222;Ausklang von Kurmainz und Aschaffenburg. Das Musikleben unter Erzbischof Friedrich Karl Josef von Erthal (1719-1802)&#8220; vorgestellt und die [&hellip;]\" \/>\n<meta property=\"og:url\" content=\"https:\/\/aschaffenburgzweinull.stadtarchiv-digital.de\/neue-podcastfolge-online-musik-in-der-aera-erthal\/\" \/>\n<meta property=\"og:site_name\" content=\"Aschaffenburg\" \/>\n<meta property=\"article:published_time\" content=\"2021-06-10T08:59:32+00:00\" \/>\n<meta property=\"article:modified_time\" content=\"2022-03-23T08:48:12+00:00\" \/>\n<meta property=\"og:image\" content=\"https:\/\/aschaffenburgzweinull.stadtarchiv-digital.de\/wp-content\/uploads\/2020\/07\/Logo-Stadtarchiv-Aschaffenburg.png\" \/>\n\t<meta property=\"og:image:width\" content=\"379\" \/>\n\t<meta property=\"og:image:height\" content=\"70\" \/>\n\t<meta property=\"og:image:type\" content=\"image\/png\" \/>\n<meta name=\"author\" content=\"Aschaffenburg_2.0\" \/>\n<meta name=\"twitter:card\" content=\"summary_large_image\" \/>\n<meta name=\"twitter:label1\" content=\"Verfasst von\" \/>\n\t<meta name=\"twitter:data1\" content=\"Aschaffenburg_2.0\" \/>\n\t<meta name=\"twitter:label2\" content=\"Gesch\u00e4tzte Lesezeit\" \/>\n\t<meta name=\"twitter:data2\" content=\"1\u00a0Minute\" \/>\n<script type=\"application\/ld+json\" class=\"yoast-schema-graph\">{\"@context\":\"https:\\\/\\\/schema.org\",\"@graph\":[{\"@type\":\"Article\",\"@id\":\"https:\\\/\\\/aschaffenburgzweinull.stadtarchiv-digital.de\\\/neue-podcastfolge-online-musik-in-der-aera-erthal\\\/#article\",\"isPartOf\":{\"@id\":\"https:\\\/\\\/aschaffenburgzweinull.stadtarchiv-digital.de\\\/neue-podcastfolge-online-musik-in-der-aera-erthal\\\/\"},\"author\":{\"name\":\"Aschaffenburg_2.0\",\"@id\":\"https:\\\/\\\/aschaffenburgzweinull.stadtarchiv-digital.de\\\/#\\\/schema\\\/person\\\/6620dad05f894110a34e3afd3c3cf3ff\"},\"headline\":\"Episode 5: Musik in der \u00c4ra Erthal\",\"datePublished\":\"2021-06-10T08:59:32+00:00\",\"dateModified\":\"2022-03-23T08:48:12+00:00\",\"mainEntityOfPage\":{\"@id\":\"https:\\\/\\\/aschaffenburgzweinull.stadtarchiv-digital.de\\\/neue-podcastfolge-online-musik-in-der-aera-erthal\\\/\"},\"wordCount\":165,\"commentCount\":0,\"keywords\":[\"Musik\",\"Podcast\",\"Erthal\",\"Mainz\",\"Kurf\u00fcrst\",\"Aschaffenburger Geschichten\"],\"articleSection\":[\"Geschichte\",\"Kultur\"],\"inLanguage\":\"de\",\"potentialAction\":[{\"@type\":\"CommentAction\",\"name\":\"Comment\",\"target\":[\"https:\\\/\\\/aschaffenburgzweinull.stadtarchiv-digital.de\\\/neue-podcastfolge-online-musik-in-der-aera-erthal\\\/#respond\"]}]},{\"@type\":\"WebPage\",\"@id\":\"https:\\\/\\\/aschaffenburgzweinull.stadtarchiv-digital.de\\\/neue-podcastfolge-online-musik-in-der-aera-erthal\\\/\",\"url\":\"https:\\\/\\\/aschaffenburgzweinull.stadtarchiv-digital.de\\\/neue-podcastfolge-online-musik-in-der-aera-erthal\\\/\",\"name\":\"Episode 5: Musik in der \u00c4ra Erthal - Aschaffenburg\",\"isPartOf\":{\"@id\":\"https:\\\/\\\/aschaffenburgzweinull.stadtarchiv-digital.de\\\/#website\"},\"datePublished\":\"2021-06-10T08:59:32+00:00\",\"dateModified\":\"2022-03-23T08:48:12+00:00\",\"author\":{\"@id\":\"https:\\\/\\\/aschaffenburgzweinull.stadtarchiv-digital.de\\\/#\\\/schema\\\/person\\\/6620dad05f894110a34e3afd3c3cf3ff\"},\"breadcrumb\":{\"@id\":\"https:\\\/\\\/aschaffenburgzweinull.stadtarchiv-digital.de\\\/neue-podcastfolge-online-musik-in-der-aera-erthal\\\/#breadcrumb\"},\"inLanguage\":\"de\",\"potentialAction\":[{\"@type\":\"ReadAction\",\"target\":[\"https:\\\/\\\/aschaffenburgzweinull.stadtarchiv-digital.de\\\/neue-podcastfolge-online-musik-in-der-aera-erthal\\\/\"]}]},{\"@type\":\"BreadcrumbList\",\"@id\":\"https:\\\/\\\/aschaffenburgzweinull.stadtarchiv-digital.de\\\/neue-podcastfolge-online-musik-in-der-aera-erthal\\\/#breadcrumb\",\"itemListElement\":[{\"@type\":\"ListItem\",\"position\":1,\"name\":\"Startseite\",\"item\":\"https:\\\/\\\/aschaffenburgzweinull.stadtarchiv-digital.de\\\/\"},{\"@type\":\"ListItem\",\"position\":2,\"name\":\"Episode 5: Musik in der \u00c4ra Erthal\"}]},{\"@type\":\"WebSite\",\"@id\":\"https:\\\/\\\/aschaffenburgzweinull.stadtarchiv-digital.de\\\/#website\",\"url\":\"https:\\\/\\\/aschaffenburgzweinull.stadtarchiv-digital.de\\\/\",\"name\":\"Aschaffenburg\",\"description\":\"2.0\",\"potentialAction\":[{\"@type\":\"SearchAction\",\"target\":{\"@type\":\"EntryPoint\",\"urlTemplate\":\"https:\\\/\\\/aschaffenburgzweinull.stadtarchiv-digital.de\\\/?s={search_term_string}\"},\"query-input\":{\"@type\":\"PropertyValueSpecification\",\"valueRequired\":true,\"valueName\":\"search_term_string\"}}],\"inLanguage\":\"de\"},{\"@type\":\"Person\",\"@id\":\"https:\\\/\\\/aschaffenburgzweinull.stadtarchiv-digital.de\\\/#\\\/schema\\\/person\\\/6620dad05f894110a34e3afd3c3cf3ff\",\"name\":\"Aschaffenburg_2.0\",\"url\":\"https:\\\/\\\/aschaffenburgzweinull.stadtarchiv-digital.de\\\/author\\\/aschaffenburg_2-0\\\/\"}]}<\/script>\n<!-- \/ Yoast SEO plugin. -->","yoast_head_json":{"title":"Episode 5: Musik in der \u00c4ra Erthal - Aschaffenburg","robots":{"index":"index","follow":"follow","max-snippet":"max-snippet:-1","max-image-preview":"max-image-preview:large","max-video-preview":"max-video-preview:-1"},"canonical":"https:\/\/aschaffenburgzweinull.stadtarchiv-digital.de\/neue-podcastfolge-online-musik-in-der-aera-erthal\/","og_locale":"de_DE","og_type":"article","og_title":"Episode 5: Musik in der \u00c4ra Erthal - Aschaffenburg","og_description":"In der neuen Folge aus der Podcast-Reihe &#8222;Aschaffenburger Geschichten&#8220; wird die Ausstellung &#8222;Ausklang von Kurmainz und Aschaffenburg. Das Musikleben unter Erzbischof Friedrich Karl Josef von Erthal (1719-1802)&#8220; vorgestellt und die [&hellip;]","og_url":"https:\/\/aschaffenburgzweinull.stadtarchiv-digital.de\/neue-podcastfolge-online-musik-in-der-aera-erthal\/","og_site_name":"Aschaffenburg","article_published_time":"2021-06-10T08:59:32+00:00","article_modified_time":"2022-03-23T08:48:12+00:00","og_image":[{"width":379,"height":70,"url":"https:\/\/aschaffenburgzweinull.stadtarchiv-digital.de\/wp-content\/uploads\/2020\/07\/Logo-Stadtarchiv-Aschaffenburg.png","type":"image\/png"}],"author":"Aschaffenburg_2.0","twitter_card":"summary_large_image","twitter_misc":{"Verfasst von":"Aschaffenburg_2.0","Gesch\u00e4tzte Lesezeit":"1\u00a0Minute"},"schema":{"@context":"https:\/\/schema.org","@graph":[{"@type":"Article","@id":"https:\/\/aschaffenburgzweinull.stadtarchiv-digital.de\/neue-podcastfolge-online-musik-in-der-aera-erthal\/#article","isPartOf":{"@id":"https:\/\/aschaffenburgzweinull.stadtarchiv-digital.de\/neue-podcastfolge-online-musik-in-der-aera-erthal\/"},"author":{"name":"Aschaffenburg_2.0","@id":"https:\/\/aschaffenburgzweinull.stadtarchiv-digital.de\/#\/schema\/person\/6620dad05f894110a34e3afd3c3cf3ff"},"headline":"Episode 5: Musik in der \u00c4ra Erthal","datePublished":"2021-06-10T08:59:32+00:00","dateModified":"2022-03-23T08:48:12+00:00","mainEntityOfPage":{"@id":"https:\/\/aschaffenburgzweinull.stadtarchiv-digital.de\/neue-podcastfolge-online-musik-in-der-aera-erthal\/"},"wordCount":165,"commentCount":0,"keywords":["Musik","Podcast","Erthal","Mainz","Kurf\u00fcrst","Aschaffenburger Geschichten"],"articleSection":["Geschichte","Kultur"],"inLanguage":"de","potentialAction":[{"@type":"CommentAction","name":"Comment","target":["https:\/\/aschaffenburgzweinull.stadtarchiv-digital.de\/neue-podcastfolge-online-musik-in-der-aera-erthal\/#respond"]}]},{"@type":"WebPage","@id":"https:\/\/aschaffenburgzweinull.stadtarchiv-digital.de\/neue-podcastfolge-online-musik-in-der-aera-erthal\/","url":"https:\/\/aschaffenburgzweinull.stadtarchiv-digital.de\/neue-podcastfolge-online-musik-in-der-aera-erthal\/","name":"Episode 5: Musik in der \u00c4ra Erthal - Aschaffenburg","isPartOf":{"@id":"https:\/\/aschaffenburgzweinull.stadtarchiv-digital.de\/#website"},"datePublished":"2021-06-10T08:59:32+00:00","dateModified":"2022-03-23T08:48:12+00:00","author":{"@id":"https:\/\/aschaffenburgzweinull.stadtarchiv-digital.de\/#\/schema\/person\/6620dad05f894110a34e3afd3c3cf3ff"},"breadcrumb":{"@id":"https:\/\/aschaffenburgzweinull.stadtarchiv-digital.de\/neue-podcastfolge-online-musik-in-der-aera-erthal\/#breadcrumb"},"inLanguage":"de","potentialAction":[{"@type":"ReadAction","target":["https:\/\/aschaffenburgzweinull.stadtarchiv-digital.de\/neue-podcastfolge-online-musik-in-der-aera-erthal\/"]}]},{"@type":"BreadcrumbList","@id":"https:\/\/aschaffenburgzweinull.stadtarchiv-digital.de\/neue-podcastfolge-online-musik-in-der-aera-erthal\/#breadcrumb","itemListElement":[{"@type":"ListItem","position":1,"name":"Startseite","item":"https:\/\/aschaffenburgzweinull.stadtarchiv-digital.de\/"},{"@type":"ListItem","position":2,"name":"Episode 5: Musik in der \u00c4ra Erthal"}]},{"@type":"WebSite","@id":"https:\/\/aschaffenburgzweinull.stadtarchiv-digital.de\/#website","url":"https:\/\/aschaffenburgzweinull.stadtarchiv-digital.de\/","name":"Aschaffenburg","description":"2.0","potentialAction":[{"@type":"SearchAction","target":{"@type":"EntryPoint","urlTemplate":"https:\/\/aschaffenburgzweinull.stadtarchiv-digital.de\/?s={search_term_string}"},"query-input":{"@type":"PropertyValueSpecification","valueRequired":true,"valueName":"search_term_string"}}],"inLanguage":"de"},{"@type":"Person","@id":"https:\/\/aschaffenburgzweinull.stadtarchiv-digital.de\/#\/schema\/person\/6620dad05f894110a34e3afd3c3cf3ff","name":"Aschaffenburg_2.0","url":"https:\/\/aschaffenburgzweinull.stadtarchiv-digital.de\/author\/aschaffenburg_2-0\/"}]}},"_links":{"self":[{"href":"https:\/\/aschaffenburgzweinull.stadtarchiv-digital.de\/data\/wp\/v2\/posts\/2156","targetHints":{"allow":["GET"]}}],"collection":[{"href":"https:\/\/aschaffenburgzweinull.stadtarchiv-digital.de\/data\/wp\/v2\/posts"}],"about":[{"href":"https:\/\/aschaffenburgzweinull.stadtarchiv-digital.de\/data\/wp\/v2\/types\/post"}],"author":[{"embeddable":true,"href":"https:\/\/aschaffenburgzweinull.stadtarchiv-digital.de\/data\/wp\/v2\/users\/3"}],"replies":[{"embeddable":true,"href":"https:\/\/aschaffenburgzweinull.stadtarchiv-digital.de\/data\/wp\/v2\/comments?post=2156"}],"version-history":[{"count":14,"href":"https:\/\/aschaffenburgzweinull.stadtarchiv-digital.de\/data\/wp\/v2\/posts\/2156\/revisions"}],"predecessor-version":[{"id":4867,"href":"https:\/\/aschaffenburgzweinull.stadtarchiv-digital.de\/data\/wp\/v2\/posts\/2156\/revisions\/4867"}],"wp:attachment":[{"href":"https:\/\/aschaffenburgzweinull.stadtarchiv-digital.de\/data\/wp\/v2\/media?parent=2156"}],"wp:term":[{"taxonomy":"category","embeddable":true,"href":"https:\/\/aschaffenburgzweinull.stadtarchiv-digital.de\/data\/wp\/v2\/categories?post=2156"},{"taxonomy":"post_tag","embeddable":true,"href":"https:\/\/aschaffenburgzweinull.stadtarchiv-digital.de\/data\/wp\/v2\/tags?post=2156"},{"taxonomy":"format","embeddable":true,"href":"https:\/\/aschaffenburgzweinull.stadtarchiv-digital.de\/data\/wp\/v2\/post-format?post=2156"},{"taxonomy":"content","embeddable":true,"href":"https:\/\/aschaffenburgzweinull.stadtarchiv-digital.de\/data\/wp\/v2\/post-content?post=2156"}],"curies":[{"name":"wp","href":"https:\/\/api.w.org\/{rel}","templated":true}]}}