{"id":2127,"date":"2021-05-24T09:03:28","date_gmt":"2021-05-24T07:03:28","guid":{"rendered":"https:\/\/aschaffenburgzweinull.stadtarchiv-digital.de\/?p=2127"},"modified":"2022-03-23T09:46:46","modified_gmt":"2022-03-23T08:46:46","slug":"neue-podcastfolge-online-aschaffenburg-im-nationalsozialismus-aufstieg-und-erinnerung","status":"publish","type":"post","link":"https:\/\/aschaffenburgzweinull.stadtarchiv-digital.de\/neue-podcastfolge-online-aschaffenburg-im-nationalsozialismus-aufstieg-und-erinnerung\/","title":{"rendered":"Episode 3: Aschaffenburg im Nationalsozialismus &#8211; Aufstieg und Erinnerung"},"content":{"rendered":"<p>Im Mittelpunkt der neuen Folge der Podcast-Reihe &#8222;Aschaffenburger Geschichten&#8220; steht die Zeit des Nationalsozialismus in Aschaffenburg und die Erinnerungskultur in der Stadt. Das Gespr\u00e4ch f\u00fchrten Prof. Frank Jacob, Dr. Holger K\u00f6hn und Dr. Vaios Kalogrias, Koordinator des Projekts &#8222;Geschichte Aschaffenburgs im 19. und 20. Jahrhundert.&#8220;<\/p>\n<p>Frank Jacob (Jg. 1984) ist seit 2018 Professor f\u00fcr Globalgeschichte des 19. und 20. Jahrhunderts an der Nord Universitet Norwegen. Zuvor war er an der City University of New York sowie den Universit\u00e4ten in W\u00fcrzburg, Erlangen und D\u00fcsseldorf t\u00e4tig. Seine Forschungsschwerpunkte sind neben der Geschichte des modernen Japan, Anarchismusgeschichte sowie vergleichende Revolutionsforschung. Jacob ist Autor bzw. Herausgeber von mehr als 80 B\u00fcchern und arbeitet momentan auch am Projekt &#8222;Geschichte Aschaffenburgs im 19. und 20. Jahrhundert&#8220; mit.<\/p>\n<p>Holger K\u00f6hn ist Historiker und gelernter Uhrmacher. Sein Studium der Geschichte, Politikwissenschaften und Germanistik absolvierte er in Darmstadt. 2011 folgte eine Promotion in Geschichte zum Thema \u201eDie Lage der Lager. Displaced Persons-Lager in der amerikanischen Besatzungszone Deutschlands.\u201c Seit 2011 arbeitet er als selbstst\u00e4ndiger Historiker und Gr\u00fcnder des <a href=\"https:\/\/erinnerungskultur.de\/\">\u201eB\u00fcro f\u00fcr Erinnerungskultur\u201c<\/a>. Besonders im Rhein-Main-Gebiet ist Dr. Holger K\u00f6hn auf dem Feld der Erinnerungskultur unter anderem an Publikationen, bei Ausstellungen, wissenschaftlicher Aufarbeitung, Beratung und Workshops t\u00e4tig.<\/p>\n<p>Der Podcast kann bei verschiedenen Podcast-Anbietern geh\u00f6rt werden: <a href=\"https:\/\/open.spotify.com\/show\/3tBnHlSbYRRQPznNkLO2Ad?si=e0Tm4T9TQyahiwEEZuNhCA\">Spotify<\/a>, <a href=\"https:\/\/www.audible.com\/pd\/Podcast\/B08JJRRFJC?ipRedirectOverride=true&amp;overrideBaseCountry=true&amp;pf_rd_p=0fdc2c5d-f9bb-4efb-a751-c9e8b1466b3a&amp;pf_rd_r=BEBSH8810J1VW3FTK8N5\">Audible<\/a>, <a href=\"https:\/\/www.deezer.com\/search\/Aschaffenburger%20Geschichten\">Deezer<\/a>, <a href=\"https:\/\/podcasts.apple.com\/de\/podcast\/aschaffenburger-geschichten\/id1566606888\">Apple Podcasts<\/a> <a href=\"https:\/\/podcasts.google.com\/search\/aschaffenburger%20geschichten\">Google Podcasts<\/a> und <a href=\"https:\/\/www.podcast.de\/podcast\/2519802\/\">Podcast.de<\/a><\/p>\n<p>&nbsp;<\/p>\n","protected":false},"excerpt":{"rendered":"<p>Im Mittelpunkt der neuen Folge der Podcast-Reihe &#8222;Aschaffenburger Geschichten&#8220; steht die Zeit des Nationalsozialismus in Aschaffenburg und die Erinnerungskultur in der Stadt. Das Gespr\u00e4ch f\u00fchrten Prof. Frank Jacob, Dr. Holger [&hellip;]<\/p>\n","protected":false},"author":3,"featured_media":0,"comment_status":"open","ping_status":"closed","sticky":false,"template":"","format":"standard","meta":{"_acf_changed":false,"footnotes":""},"categories":[1,7,38],"tags":[14,217,288,289,321],"post-format":[2],"post-content":[9,67],"class_list":["post-2127","post","type-post","status-publish","format-standard","hentry","category-bildung","category-highlights","category-geschichte","tag-stadtgeschichte","tag-podcast","tag-nationalsozialismus","tag-erinnerungskultur","tag-aschaffenburger-geschichten","format-information","content-audio","content-text","project-aschaffenburger-geschichten"],"acf":[],"yoast_head":"<!-- This site is optimized with the Yoast SEO plugin v27.4 - https:\/\/yoast.com\/product\/yoast-seo-wordpress\/ -->\n<title>Episode 3: Aschaffenburg im Nationalsozialismus - Aufstieg und Erinnerung - Aschaffenburg<\/title>\n<meta name=\"robots\" content=\"index, follow, max-snippet:-1, max-image-preview:large, max-video-preview:-1\" \/>\n<link rel=\"canonical\" href=\"https:\/\/aschaffenburgzweinull.stadtarchiv-digital.de\/neue-podcastfolge-online-aschaffenburg-im-nationalsozialismus-aufstieg-und-erinnerung\/\" \/>\n<meta property=\"og:locale\" content=\"de_DE\" \/>\n<meta property=\"og:type\" content=\"article\" \/>\n<meta property=\"og:title\" content=\"Episode 3: Aschaffenburg im Nationalsozialismus - Aufstieg und Erinnerung - Aschaffenburg\" \/>\n<meta property=\"og:description\" content=\"Im Mittelpunkt der neuen Folge der Podcast-Reihe &#8222;Aschaffenburger Geschichten&#8220; steht die Zeit des Nationalsozialismus in Aschaffenburg und die Erinnerungskultur in der Stadt. Das Gespr\u00e4ch f\u00fchrten Prof. Frank Jacob, Dr. Holger [&hellip;]\" \/>\n<meta property=\"og:url\" content=\"https:\/\/aschaffenburgzweinull.stadtarchiv-digital.de\/neue-podcastfolge-online-aschaffenburg-im-nationalsozialismus-aufstieg-und-erinnerung\/\" \/>\n<meta property=\"og:site_name\" content=\"Aschaffenburg\" \/>\n<meta property=\"article:published_time\" content=\"2021-05-24T07:03:28+00:00\" \/>\n<meta property=\"article:modified_time\" content=\"2022-03-23T08:46:46+00:00\" \/>\n<meta property=\"og:image\" content=\"https:\/\/aschaffenburgzweinull.stadtarchiv-digital.de\/wp-content\/uploads\/2020\/07\/Logo-Stadtarchiv-Aschaffenburg.png\" \/>\n\t<meta property=\"og:image:width\" content=\"379\" \/>\n\t<meta property=\"og:image:height\" content=\"70\" \/>\n\t<meta property=\"og:image:type\" content=\"image\/png\" \/>\n<meta name=\"author\" content=\"Aschaffenburg_2.0\" \/>\n<meta name=\"twitter:card\" content=\"summary_large_image\" \/>\n<meta name=\"twitter:label1\" content=\"Verfasst von\" \/>\n\t<meta name=\"twitter:data1\" content=\"Aschaffenburg_2.0\" \/>\n\t<meta name=\"twitter:label2\" content=\"Gesch\u00e4tzte Lesezeit\" \/>\n\t<meta name=\"twitter:data2\" content=\"1\u00a0Minute\" \/>\n<script type=\"application\/ld+json\" class=\"yoast-schema-graph\">{\"@context\":\"https:\\\/\\\/schema.org\",\"@graph\":[{\"@type\":\"Article\",\"@id\":\"https:\\\/\\\/aschaffenburgzweinull.stadtarchiv-digital.de\\\/neue-podcastfolge-online-aschaffenburg-im-nationalsozialismus-aufstieg-und-erinnerung\\\/#article\",\"isPartOf\":{\"@id\":\"https:\\\/\\\/aschaffenburgzweinull.stadtarchiv-digital.de\\\/neue-podcastfolge-online-aschaffenburg-im-nationalsozialismus-aufstieg-und-erinnerung\\\/\"},\"author\":{\"name\":\"Aschaffenburg_2.0\",\"@id\":\"https:\\\/\\\/aschaffenburgzweinull.stadtarchiv-digital.de\\\/#\\\/schema\\\/person\\\/6620dad05f894110a34e3afd3c3cf3ff\"},\"headline\":\"Episode 3: Aschaffenburg im Nationalsozialismus &#8211; Aufstieg und Erinnerung\",\"datePublished\":\"2021-05-24T07:03:28+00:00\",\"dateModified\":\"2022-03-23T08:46:46+00:00\",\"mainEntityOfPage\":{\"@id\":\"https:\\\/\\\/aschaffenburgzweinull.stadtarchiv-digital.de\\\/neue-podcastfolge-online-aschaffenburg-im-nationalsozialismus-aufstieg-und-erinnerung\\\/\"},\"wordCount\":228,\"commentCount\":0,\"keywords\":[\"Stadtgeschichte\",\"Podcast\",\"Nationalsozialismus\",\"Erinnerungskultur\",\"Aschaffenburger Geschichten\"],\"articleSection\":[\"Bildung\",\"Highlights\",\"Geschichte\"],\"inLanguage\":\"de\",\"potentialAction\":[{\"@type\":\"CommentAction\",\"name\":\"Comment\",\"target\":[\"https:\\\/\\\/aschaffenburgzweinull.stadtarchiv-digital.de\\\/neue-podcastfolge-online-aschaffenburg-im-nationalsozialismus-aufstieg-und-erinnerung\\\/#respond\"]}]},{\"@type\":\"WebPage\",\"@id\":\"https:\\\/\\\/aschaffenburgzweinull.stadtarchiv-digital.de\\\/neue-podcastfolge-online-aschaffenburg-im-nationalsozialismus-aufstieg-und-erinnerung\\\/\",\"url\":\"https:\\\/\\\/aschaffenburgzweinull.stadtarchiv-digital.de\\\/neue-podcastfolge-online-aschaffenburg-im-nationalsozialismus-aufstieg-und-erinnerung\\\/\",\"name\":\"Episode 3: Aschaffenburg im Nationalsozialismus - Aufstieg und Erinnerung - Aschaffenburg\",\"isPartOf\":{\"@id\":\"https:\\\/\\\/aschaffenburgzweinull.stadtarchiv-digital.de\\\/#website\"},\"datePublished\":\"2021-05-24T07:03:28+00:00\",\"dateModified\":\"2022-03-23T08:46:46+00:00\",\"author\":{\"@id\":\"https:\\\/\\\/aschaffenburgzweinull.stadtarchiv-digital.de\\\/#\\\/schema\\\/person\\\/6620dad05f894110a34e3afd3c3cf3ff\"},\"breadcrumb\":{\"@id\":\"https:\\\/\\\/aschaffenburgzweinull.stadtarchiv-digital.de\\\/neue-podcastfolge-online-aschaffenburg-im-nationalsozialismus-aufstieg-und-erinnerung\\\/#breadcrumb\"},\"inLanguage\":\"de\",\"potentialAction\":[{\"@type\":\"ReadAction\",\"target\":[\"https:\\\/\\\/aschaffenburgzweinull.stadtarchiv-digital.de\\\/neue-podcastfolge-online-aschaffenburg-im-nationalsozialismus-aufstieg-und-erinnerung\\\/\"]}]},{\"@type\":\"BreadcrumbList\",\"@id\":\"https:\\\/\\\/aschaffenburgzweinull.stadtarchiv-digital.de\\\/neue-podcastfolge-online-aschaffenburg-im-nationalsozialismus-aufstieg-und-erinnerung\\\/#breadcrumb\",\"itemListElement\":[{\"@type\":\"ListItem\",\"position\":1,\"name\":\"Startseite\",\"item\":\"https:\\\/\\\/aschaffenburgzweinull.stadtarchiv-digital.de\\\/\"},{\"@type\":\"ListItem\",\"position\":2,\"name\":\"Episode 3: Aschaffenburg im Nationalsozialismus &#8211; Aufstieg und Erinnerung\"}]},{\"@type\":\"WebSite\",\"@id\":\"https:\\\/\\\/aschaffenburgzweinull.stadtarchiv-digital.de\\\/#website\",\"url\":\"https:\\\/\\\/aschaffenburgzweinull.stadtarchiv-digital.de\\\/\",\"name\":\"Aschaffenburg\",\"description\":\"2.0\",\"potentialAction\":[{\"@type\":\"SearchAction\",\"target\":{\"@type\":\"EntryPoint\",\"urlTemplate\":\"https:\\\/\\\/aschaffenburgzweinull.stadtarchiv-digital.de\\\/?s={search_term_string}\"},\"query-input\":{\"@type\":\"PropertyValueSpecification\",\"valueRequired\":true,\"valueName\":\"search_term_string\"}}],\"inLanguage\":\"de\"},{\"@type\":\"Person\",\"@id\":\"https:\\\/\\\/aschaffenburgzweinull.stadtarchiv-digital.de\\\/#\\\/schema\\\/person\\\/6620dad05f894110a34e3afd3c3cf3ff\",\"name\":\"Aschaffenburg_2.0\",\"url\":\"https:\\\/\\\/aschaffenburgzweinull.stadtarchiv-digital.de\\\/author\\\/aschaffenburg_2-0\\\/\"}]}<\/script>\n<!-- \/ Yoast SEO plugin. -->","yoast_head_json":{"title":"Episode 3: Aschaffenburg im Nationalsozialismus - Aufstieg und Erinnerung - Aschaffenburg","robots":{"index":"index","follow":"follow","max-snippet":"max-snippet:-1","max-image-preview":"max-image-preview:large","max-video-preview":"max-video-preview:-1"},"canonical":"https:\/\/aschaffenburgzweinull.stadtarchiv-digital.de\/neue-podcastfolge-online-aschaffenburg-im-nationalsozialismus-aufstieg-und-erinnerung\/","og_locale":"de_DE","og_type":"article","og_title":"Episode 3: Aschaffenburg im Nationalsozialismus - Aufstieg und Erinnerung - Aschaffenburg","og_description":"Im Mittelpunkt der neuen Folge der Podcast-Reihe &#8222;Aschaffenburger Geschichten&#8220; steht die Zeit des Nationalsozialismus in Aschaffenburg und die Erinnerungskultur in der Stadt. Das Gespr\u00e4ch f\u00fchrten Prof. Frank Jacob, Dr. Holger [&hellip;]","og_url":"https:\/\/aschaffenburgzweinull.stadtarchiv-digital.de\/neue-podcastfolge-online-aschaffenburg-im-nationalsozialismus-aufstieg-und-erinnerung\/","og_site_name":"Aschaffenburg","article_published_time":"2021-05-24T07:03:28+00:00","article_modified_time":"2022-03-23T08:46:46+00:00","og_image":[{"width":379,"height":70,"url":"https:\/\/aschaffenburgzweinull.stadtarchiv-digital.de\/wp-content\/uploads\/2020\/07\/Logo-Stadtarchiv-Aschaffenburg.png","type":"image\/png"}],"author":"Aschaffenburg_2.0","twitter_card":"summary_large_image","twitter_misc":{"Verfasst von":"Aschaffenburg_2.0","Gesch\u00e4tzte Lesezeit":"1\u00a0Minute"},"schema":{"@context":"https:\/\/schema.org","@graph":[{"@type":"Article","@id":"https:\/\/aschaffenburgzweinull.stadtarchiv-digital.de\/neue-podcastfolge-online-aschaffenburg-im-nationalsozialismus-aufstieg-und-erinnerung\/#article","isPartOf":{"@id":"https:\/\/aschaffenburgzweinull.stadtarchiv-digital.de\/neue-podcastfolge-online-aschaffenburg-im-nationalsozialismus-aufstieg-und-erinnerung\/"},"author":{"name":"Aschaffenburg_2.0","@id":"https:\/\/aschaffenburgzweinull.stadtarchiv-digital.de\/#\/schema\/person\/6620dad05f894110a34e3afd3c3cf3ff"},"headline":"Episode 3: Aschaffenburg im Nationalsozialismus &#8211; Aufstieg und Erinnerung","datePublished":"2021-05-24T07:03:28+00:00","dateModified":"2022-03-23T08:46:46+00:00","mainEntityOfPage":{"@id":"https:\/\/aschaffenburgzweinull.stadtarchiv-digital.de\/neue-podcastfolge-online-aschaffenburg-im-nationalsozialismus-aufstieg-und-erinnerung\/"},"wordCount":228,"commentCount":0,"keywords":["Stadtgeschichte","Podcast","Nationalsozialismus","Erinnerungskultur","Aschaffenburger Geschichten"],"articleSection":["Bildung","Highlights","Geschichte"],"inLanguage":"de","potentialAction":[{"@type":"CommentAction","name":"Comment","target":["https:\/\/aschaffenburgzweinull.stadtarchiv-digital.de\/neue-podcastfolge-online-aschaffenburg-im-nationalsozialismus-aufstieg-und-erinnerung\/#respond"]}]},{"@type":"WebPage","@id":"https:\/\/aschaffenburgzweinull.stadtarchiv-digital.de\/neue-podcastfolge-online-aschaffenburg-im-nationalsozialismus-aufstieg-und-erinnerung\/","url":"https:\/\/aschaffenburgzweinull.stadtarchiv-digital.de\/neue-podcastfolge-online-aschaffenburg-im-nationalsozialismus-aufstieg-und-erinnerung\/","name":"Episode 3: Aschaffenburg im Nationalsozialismus - Aufstieg und Erinnerung - Aschaffenburg","isPartOf":{"@id":"https:\/\/aschaffenburgzweinull.stadtarchiv-digital.de\/#website"},"datePublished":"2021-05-24T07:03:28+00:00","dateModified":"2022-03-23T08:46:46+00:00","author":{"@id":"https:\/\/aschaffenburgzweinull.stadtarchiv-digital.de\/#\/schema\/person\/6620dad05f894110a34e3afd3c3cf3ff"},"breadcrumb":{"@id":"https:\/\/aschaffenburgzweinull.stadtarchiv-digital.de\/neue-podcastfolge-online-aschaffenburg-im-nationalsozialismus-aufstieg-und-erinnerung\/#breadcrumb"},"inLanguage":"de","potentialAction":[{"@type":"ReadAction","target":["https:\/\/aschaffenburgzweinull.stadtarchiv-digital.de\/neue-podcastfolge-online-aschaffenburg-im-nationalsozialismus-aufstieg-und-erinnerung\/"]}]},{"@type":"BreadcrumbList","@id":"https:\/\/aschaffenburgzweinull.stadtarchiv-digital.de\/neue-podcastfolge-online-aschaffenburg-im-nationalsozialismus-aufstieg-und-erinnerung\/#breadcrumb","itemListElement":[{"@type":"ListItem","position":1,"name":"Startseite","item":"https:\/\/aschaffenburgzweinull.stadtarchiv-digital.de\/"},{"@type":"ListItem","position":2,"name":"Episode 3: Aschaffenburg im Nationalsozialismus &#8211; Aufstieg und Erinnerung"}]},{"@type":"WebSite","@id":"https:\/\/aschaffenburgzweinull.stadtarchiv-digital.de\/#website","url":"https:\/\/aschaffenburgzweinull.stadtarchiv-digital.de\/","name":"Aschaffenburg","description":"2.0","potentialAction":[{"@type":"SearchAction","target":{"@type":"EntryPoint","urlTemplate":"https:\/\/aschaffenburgzweinull.stadtarchiv-digital.de\/?s={search_term_string}"},"query-input":{"@type":"PropertyValueSpecification","valueRequired":true,"valueName":"search_term_string"}}],"inLanguage":"de"},{"@type":"Person","@id":"https:\/\/aschaffenburgzweinull.stadtarchiv-digital.de\/#\/schema\/person\/6620dad05f894110a34e3afd3c3cf3ff","name":"Aschaffenburg_2.0","url":"https:\/\/aschaffenburgzweinull.stadtarchiv-digital.de\/author\/aschaffenburg_2-0\/"}]}},"_links":{"self":[{"href":"https:\/\/aschaffenburgzweinull.stadtarchiv-digital.de\/data\/wp\/v2\/posts\/2127","targetHints":{"allow":["GET"]}}],"collection":[{"href":"https:\/\/aschaffenburgzweinull.stadtarchiv-digital.de\/data\/wp\/v2\/posts"}],"about":[{"href":"https:\/\/aschaffenburgzweinull.stadtarchiv-digital.de\/data\/wp\/v2\/types\/post"}],"author":[{"embeddable":true,"href":"https:\/\/aschaffenburgzweinull.stadtarchiv-digital.de\/data\/wp\/v2\/users\/3"}],"replies":[{"embeddable":true,"href":"https:\/\/aschaffenburgzweinull.stadtarchiv-digital.de\/data\/wp\/v2\/comments?post=2127"}],"version-history":[{"count":19,"href":"https:\/\/aschaffenburgzweinull.stadtarchiv-digital.de\/data\/wp\/v2\/posts\/2127\/revisions"}],"predecessor-version":[{"id":4865,"href":"https:\/\/aschaffenburgzweinull.stadtarchiv-digital.de\/data\/wp\/v2\/posts\/2127\/revisions\/4865"}],"wp:attachment":[{"href":"https:\/\/aschaffenburgzweinull.stadtarchiv-digital.de\/data\/wp\/v2\/media?parent=2127"}],"wp:term":[{"taxonomy":"category","embeddable":true,"href":"https:\/\/aschaffenburgzweinull.stadtarchiv-digital.de\/data\/wp\/v2\/categories?post=2127"},{"taxonomy":"post_tag","embeddable":true,"href":"https:\/\/aschaffenburgzweinull.stadtarchiv-digital.de\/data\/wp\/v2\/tags?post=2127"},{"taxonomy":"format","embeddable":true,"href":"https:\/\/aschaffenburgzweinull.stadtarchiv-digital.de\/data\/wp\/v2\/post-format?post=2127"},{"taxonomy":"content","embeddable":true,"href":"https:\/\/aschaffenburgzweinull.stadtarchiv-digital.de\/data\/wp\/v2\/post-content?post=2127"}],"curies":[{"name":"wp","href":"https:\/\/api.w.org\/{rel}","templated":true}]}}