{"id":2119,"date":"2021-05-26T17:15:58","date_gmt":"2021-05-26T15:15:58","guid":{"rendered":"https:\/\/aschaffenburgzweinull.stadtarchiv-digital.de\/?p=2119"},"modified":"2022-01-19T22:16:36","modified_gmt":"2022-01-19T21:16:36","slug":"magnus-will-1867-1877","status":"publish","type":"post","link":"https:\/\/aschaffenburgzweinull.stadtarchiv-digital.de\/magnus-will-1867-1877\/","title":{"rendered":"Magnus Will (1867-1877)"},"content":{"rendered":"<p>Am 8. August 1867 wurde Magnus Will als Nachfolger von <a href=\"https:\/\/aschaffenburgzweinull.stadtarchiv-digital.de\/dr-bernhard-emil-vogler-1864-1867\/\">Dr. Bernhard Emil Vogler<\/a> gew\u00e4hlt. Am 1. Oktober trat er sein Amt als B\u00fcrgermeister von Aschaffenburg an.<\/p>\n<p>Magnus Will wurde am 3. Januar 1834 in Wiesen (ehemaliger Landkreis Lohr) geboren. Seine Eltern, der k\u00f6nigliche Oberf\u00f6rster Johann Will und seine Ehefrau Elise, erm\u00f6glichten ihm nach dem Abitur Rechtswissenschaften zu studieren. Nach dem Studium arbeitete er bis zu seiner Wahl als B\u00fcrgermeister von Aschaffenburg als Assessor im Bezirksgericht Lohr. Im Jahre 1870 lief seine erste Amtsperiode ab und er wurde wiedergew\u00e4hlt.<\/p>\n<p>Im M\u00e4rz 1877 erhielt er die M\u00f6glichkeit sich als k\u00f6niglicher Rechtsanwalt in der Stadt niederzulassen. Will nahm die Advokatur an, aber bis zum 1. Mai 1877 musste er sein Amt aus\u00fcben. Am 24. Mail 1877 war sein Nachfolger als B\u00fcrgermeister gew\u00e4hlt worden &#8211; Rechtskonzipient Friedrich Medicus.<br \/>\nWill war Mitglied der Nationalliberalen Partei und verschiedener Vereinigungen (Krieger- und Veteranenverein, Zivilvorsitzender der Ersatz-Kommission Aschaffenburg-Stadt).<\/p>\n<p>Magnus Will war noch fast zwanzig Jahre als Rechtsanwalt t\u00e4tig. Nach l\u00e4ngerer Krankheit verstarb er am 17.\u00a0 Mai 1896 in Aschaffenburg im Alter von 62 Jahren.<\/p>\n<p><strong><u>Seine Leistungen f\u00fcr die Stadt:<\/u><\/strong><\/p>\n<ul>\n<li>der eigentliche Beginn der Stadterweiterung (Sch\u00f6ntal-Durchbruch an der Karlstra\u00dfe und die \u201eNiederlegung\u201c des Herstalltores)<\/li>\n<li>1868: Bau des evangelischen Schulhauses in der Alexandrastra\u00dfe<\/li>\n<li>1871: Bau der Markthalle<\/li>\n<li>1872: Umwandlung des Jesuitenkollegs in ein weltliches Studienseminar<\/li>\n<li>1875: Gr\u00fcndung der H\u00f6heren Weiblichen Bildungsanstalt mit Lehrerinnen-Seminar (im Sch\u00f6nborner Hof).<\/li>\n<\/ul>\n<p><em><u>Quelle:<\/u><\/em><\/p>\n<p><em>Stadtoberh\u00e4upter. B\u00fcrgermeister und Oberb\u00fcrgermeister in Aschaffenburg, von Carsten Pollnick\/Susanne von Mach, Aschaffenburg 2020, S. 41-44.<\/em><\/p>\n<p>&nbsp;<\/p>\n","protected":false},"excerpt":{"rendered":"<p>Am 8. August 1867 wurde Magnus Will als Nachfolger von Dr. Bernhard Emil Vogler gew\u00e4hlt. Am 1. Oktober trat er sein Amt als B\u00fcrgermeister von Aschaffenburg an. Magnus Will wurde [&hellip;]<\/p>\n","protected":false},"author":77,"featured_media":0,"comment_status":"open","ping_status":"open","sticky":false,"template":"","format":"standard","meta":{"_acf_changed":false,"footnotes":""},"categories":[1,38],"tags":[170,172,284],"post-format":[2],"post-content":[3,67],"class_list":["post-2119","post","type-post","status-publish","format-standard","hentry","category-bildung","category-geschichte","tag-buergermeister","tag-stadtoberhaupt","tag-will","format-information","content-image","content-text","project-stadtarchiv"],"acf":[],"yoast_head":"<!-- This site is optimized with the Yoast SEO plugin v27.4 - https:\/\/yoast.com\/product\/yoast-seo-wordpress\/ -->\n<title>Magnus Will (1867-1877) - Aschaffenburg<\/title>\n<meta name=\"robots\" content=\"index, follow, max-snippet:-1, max-image-preview:large, max-video-preview:-1\" \/>\n<link rel=\"canonical\" href=\"https:\/\/aschaffenburgzweinull.stadtarchiv-digital.de\/magnus-will-1867-1877\/\" \/>\n<meta property=\"og:locale\" content=\"de_DE\" \/>\n<meta property=\"og:type\" content=\"article\" \/>\n<meta property=\"og:title\" content=\"Magnus Will (1867-1877) - Aschaffenburg\" \/>\n<meta property=\"og:description\" content=\"Am 8. August 1867 wurde Magnus Will als Nachfolger von Dr. Bernhard Emil Vogler gew\u00e4hlt. Am 1. Oktober trat er sein Amt als B\u00fcrgermeister von Aschaffenburg an. Magnus Will wurde [&hellip;]\" \/>\n<meta property=\"og:url\" content=\"https:\/\/aschaffenburgzweinull.stadtarchiv-digital.de\/magnus-will-1867-1877\/\" \/>\n<meta property=\"og:site_name\" content=\"Aschaffenburg\" \/>\n<meta property=\"article:published_time\" content=\"2021-05-26T15:15:58+00:00\" \/>\n<meta property=\"article:modified_time\" content=\"2022-01-19T21:16:36+00:00\" \/>\n<meta property=\"og:image\" content=\"https:\/\/aschaffenburgzweinull.stadtarchiv-digital.de\/wp-content\/uploads\/2020\/07\/Logo-Stadtarchiv-Aschaffenburg.png\" \/>\n\t<meta property=\"og:image:width\" content=\"379\" \/>\n\t<meta property=\"og:image:height\" content=\"70\" \/>\n\t<meta property=\"og:image:type\" content=\"image\/png\" \/>\n<meta name=\"author\" content=\"Justyna Baumgart\" \/>\n<meta name=\"twitter:card\" content=\"summary_large_image\" \/>\n<meta name=\"twitter:label1\" content=\"Verfasst von\" \/>\n\t<meta name=\"twitter:data1\" content=\"Justyna Baumgart\" \/>\n\t<meta name=\"twitter:label2\" content=\"Gesch\u00e4tzte Lesezeit\" \/>\n\t<meta name=\"twitter:data2\" content=\"2\u00a0Minuten\" \/>\n<script type=\"application\/ld+json\" class=\"yoast-schema-graph\">{\"@context\":\"https:\\\/\\\/schema.org\",\"@graph\":[{\"@type\":\"Article\",\"@id\":\"https:\\\/\\\/aschaffenburgzweinull.stadtarchiv-digital.de\\\/magnus-will-1867-1877\\\/#article\",\"isPartOf\":{\"@id\":\"https:\\\/\\\/aschaffenburgzweinull.stadtarchiv-digital.de\\\/magnus-will-1867-1877\\\/\"},\"author\":{\"name\":\"Justyna Baumgart\",\"@id\":\"https:\\\/\\\/aschaffenburgzweinull.stadtarchiv-digital.de\\\/#\\\/schema\\\/person\\\/06045c3a3338d9a193265d8f7be62cc7\"},\"headline\":\"Magnus Will (1867-1877)\",\"datePublished\":\"2021-05-26T15:15:58+00:00\",\"dateModified\":\"2022-01-19T21:16:36+00:00\",\"mainEntityOfPage\":{\"@id\":\"https:\\\/\\\/aschaffenburgzweinull.stadtarchiv-digital.de\\\/magnus-will-1867-1877\\\/\"},\"wordCount\":254,\"commentCount\":0,\"keywords\":[\"B\u00fcrgermeister\",\"Stadtoberhaupt\",\"Will\"],\"articleSection\":[\"Bildung\",\"Geschichte\"],\"inLanguage\":\"de\",\"potentialAction\":[{\"@type\":\"CommentAction\",\"name\":\"Comment\",\"target\":[\"https:\\\/\\\/aschaffenburgzweinull.stadtarchiv-digital.de\\\/magnus-will-1867-1877\\\/#respond\"]}]},{\"@type\":\"WebPage\",\"@id\":\"https:\\\/\\\/aschaffenburgzweinull.stadtarchiv-digital.de\\\/magnus-will-1867-1877\\\/\",\"url\":\"https:\\\/\\\/aschaffenburgzweinull.stadtarchiv-digital.de\\\/magnus-will-1867-1877\\\/\",\"name\":\"Magnus Will (1867-1877) - Aschaffenburg\",\"isPartOf\":{\"@id\":\"https:\\\/\\\/aschaffenburgzweinull.stadtarchiv-digital.de\\\/#website\"},\"datePublished\":\"2021-05-26T15:15:58+00:00\",\"dateModified\":\"2022-01-19T21:16:36+00:00\",\"author\":{\"@id\":\"https:\\\/\\\/aschaffenburgzweinull.stadtarchiv-digital.de\\\/#\\\/schema\\\/person\\\/06045c3a3338d9a193265d8f7be62cc7\"},\"breadcrumb\":{\"@id\":\"https:\\\/\\\/aschaffenburgzweinull.stadtarchiv-digital.de\\\/magnus-will-1867-1877\\\/#breadcrumb\"},\"inLanguage\":\"de\",\"potentialAction\":[{\"@type\":\"ReadAction\",\"target\":[\"https:\\\/\\\/aschaffenburgzweinull.stadtarchiv-digital.de\\\/magnus-will-1867-1877\\\/\"]}]},{\"@type\":\"BreadcrumbList\",\"@id\":\"https:\\\/\\\/aschaffenburgzweinull.stadtarchiv-digital.de\\\/magnus-will-1867-1877\\\/#breadcrumb\",\"itemListElement\":[{\"@type\":\"ListItem\",\"position\":1,\"name\":\"Startseite\",\"item\":\"https:\\\/\\\/aschaffenburgzweinull.stadtarchiv-digital.de\\\/\"},{\"@type\":\"ListItem\",\"position\":2,\"name\":\"Magnus Will (1867-1877)\"}]},{\"@type\":\"WebSite\",\"@id\":\"https:\\\/\\\/aschaffenburgzweinull.stadtarchiv-digital.de\\\/#website\",\"url\":\"https:\\\/\\\/aschaffenburgzweinull.stadtarchiv-digital.de\\\/\",\"name\":\"Aschaffenburg\",\"description\":\"2.0\",\"potentialAction\":[{\"@type\":\"SearchAction\",\"target\":{\"@type\":\"EntryPoint\",\"urlTemplate\":\"https:\\\/\\\/aschaffenburgzweinull.stadtarchiv-digital.de\\\/?s={search_term_string}\"},\"query-input\":{\"@type\":\"PropertyValueSpecification\",\"valueRequired\":true,\"valueName\":\"search_term_string\"}}],\"inLanguage\":\"de\"},{\"@type\":\"Person\",\"@id\":\"https:\\\/\\\/aschaffenburgzweinull.stadtarchiv-digital.de\\\/#\\\/schema\\\/person\\\/06045c3a3338d9a193265d8f7be62cc7\",\"name\":\"Justyna Baumgart\",\"url\":\"https:\\\/\\\/aschaffenburgzweinull.stadtarchiv-digital.de\\\/author\\\/justyna-baumgart\\\/\"}]}<\/script>\n<!-- \/ Yoast SEO plugin. -->","yoast_head_json":{"title":"Magnus Will (1867-1877) - Aschaffenburg","robots":{"index":"index","follow":"follow","max-snippet":"max-snippet:-1","max-image-preview":"max-image-preview:large","max-video-preview":"max-video-preview:-1"},"canonical":"https:\/\/aschaffenburgzweinull.stadtarchiv-digital.de\/magnus-will-1867-1877\/","og_locale":"de_DE","og_type":"article","og_title":"Magnus Will (1867-1877) - Aschaffenburg","og_description":"Am 8. August 1867 wurde Magnus Will als Nachfolger von Dr. Bernhard Emil Vogler gew\u00e4hlt. Am 1. Oktober trat er sein Amt als B\u00fcrgermeister von Aschaffenburg an. Magnus Will wurde [&hellip;]","og_url":"https:\/\/aschaffenburgzweinull.stadtarchiv-digital.de\/magnus-will-1867-1877\/","og_site_name":"Aschaffenburg","article_published_time":"2021-05-26T15:15:58+00:00","article_modified_time":"2022-01-19T21:16:36+00:00","og_image":[{"width":379,"height":70,"url":"https:\/\/aschaffenburgzweinull.stadtarchiv-digital.de\/wp-content\/uploads\/2020\/07\/Logo-Stadtarchiv-Aschaffenburg.png","type":"image\/png"}],"author":"Justyna Baumgart","twitter_card":"summary_large_image","twitter_misc":{"Verfasst von":"Justyna Baumgart","Gesch\u00e4tzte Lesezeit":"2\u00a0Minuten"},"schema":{"@context":"https:\/\/schema.org","@graph":[{"@type":"Article","@id":"https:\/\/aschaffenburgzweinull.stadtarchiv-digital.de\/magnus-will-1867-1877\/#article","isPartOf":{"@id":"https:\/\/aschaffenburgzweinull.stadtarchiv-digital.de\/magnus-will-1867-1877\/"},"author":{"name":"Justyna Baumgart","@id":"https:\/\/aschaffenburgzweinull.stadtarchiv-digital.de\/#\/schema\/person\/06045c3a3338d9a193265d8f7be62cc7"},"headline":"Magnus Will (1867-1877)","datePublished":"2021-05-26T15:15:58+00:00","dateModified":"2022-01-19T21:16:36+00:00","mainEntityOfPage":{"@id":"https:\/\/aschaffenburgzweinull.stadtarchiv-digital.de\/magnus-will-1867-1877\/"},"wordCount":254,"commentCount":0,"keywords":["B\u00fcrgermeister","Stadtoberhaupt","Will"],"articleSection":["Bildung","Geschichte"],"inLanguage":"de","potentialAction":[{"@type":"CommentAction","name":"Comment","target":["https:\/\/aschaffenburgzweinull.stadtarchiv-digital.de\/magnus-will-1867-1877\/#respond"]}]},{"@type":"WebPage","@id":"https:\/\/aschaffenburgzweinull.stadtarchiv-digital.de\/magnus-will-1867-1877\/","url":"https:\/\/aschaffenburgzweinull.stadtarchiv-digital.de\/magnus-will-1867-1877\/","name":"Magnus Will (1867-1877) - Aschaffenburg","isPartOf":{"@id":"https:\/\/aschaffenburgzweinull.stadtarchiv-digital.de\/#website"},"datePublished":"2021-05-26T15:15:58+00:00","dateModified":"2022-01-19T21:16:36+00:00","author":{"@id":"https:\/\/aschaffenburgzweinull.stadtarchiv-digital.de\/#\/schema\/person\/06045c3a3338d9a193265d8f7be62cc7"},"breadcrumb":{"@id":"https:\/\/aschaffenburgzweinull.stadtarchiv-digital.de\/magnus-will-1867-1877\/#breadcrumb"},"inLanguage":"de","potentialAction":[{"@type":"ReadAction","target":["https:\/\/aschaffenburgzweinull.stadtarchiv-digital.de\/magnus-will-1867-1877\/"]}]},{"@type":"BreadcrumbList","@id":"https:\/\/aschaffenburgzweinull.stadtarchiv-digital.de\/magnus-will-1867-1877\/#breadcrumb","itemListElement":[{"@type":"ListItem","position":1,"name":"Startseite","item":"https:\/\/aschaffenburgzweinull.stadtarchiv-digital.de\/"},{"@type":"ListItem","position":2,"name":"Magnus Will (1867-1877)"}]},{"@type":"WebSite","@id":"https:\/\/aschaffenburgzweinull.stadtarchiv-digital.de\/#website","url":"https:\/\/aschaffenburgzweinull.stadtarchiv-digital.de\/","name":"Aschaffenburg","description":"2.0","potentialAction":[{"@type":"SearchAction","target":{"@type":"EntryPoint","urlTemplate":"https:\/\/aschaffenburgzweinull.stadtarchiv-digital.de\/?s={search_term_string}"},"query-input":{"@type":"PropertyValueSpecification","valueRequired":true,"valueName":"search_term_string"}}],"inLanguage":"de"},{"@type":"Person","@id":"https:\/\/aschaffenburgzweinull.stadtarchiv-digital.de\/#\/schema\/person\/06045c3a3338d9a193265d8f7be62cc7","name":"Justyna Baumgart","url":"https:\/\/aschaffenburgzweinull.stadtarchiv-digital.de\/author\/justyna-baumgart\/"}]}},"_links":{"self":[{"href":"https:\/\/aschaffenburgzweinull.stadtarchiv-digital.de\/data\/wp\/v2\/posts\/2119","targetHints":{"allow":["GET"]}}],"collection":[{"href":"https:\/\/aschaffenburgzweinull.stadtarchiv-digital.de\/data\/wp\/v2\/posts"}],"about":[{"href":"https:\/\/aschaffenburgzweinull.stadtarchiv-digital.de\/data\/wp\/v2\/types\/post"}],"author":[{"embeddable":true,"href":"https:\/\/aschaffenburgzweinull.stadtarchiv-digital.de\/data\/wp\/v2\/users\/77"}],"replies":[{"embeddable":true,"href":"https:\/\/aschaffenburgzweinull.stadtarchiv-digital.de\/data\/wp\/v2\/comments?post=2119"}],"version-history":[{"count":8,"href":"https:\/\/aschaffenburgzweinull.stadtarchiv-digital.de\/data\/wp\/v2\/posts\/2119\/revisions"}],"predecessor-version":[{"id":3152,"href":"https:\/\/aschaffenburgzweinull.stadtarchiv-digital.de\/data\/wp\/v2\/posts\/2119\/revisions\/3152"}],"wp:attachment":[{"href":"https:\/\/aschaffenburgzweinull.stadtarchiv-digital.de\/data\/wp\/v2\/media?parent=2119"}],"wp:term":[{"taxonomy":"category","embeddable":true,"href":"https:\/\/aschaffenburgzweinull.stadtarchiv-digital.de\/data\/wp\/v2\/categories?post=2119"},{"taxonomy":"post_tag","embeddable":true,"href":"https:\/\/aschaffenburgzweinull.stadtarchiv-digital.de\/data\/wp\/v2\/tags?post=2119"},{"taxonomy":"format","embeddable":true,"href":"https:\/\/aschaffenburgzweinull.stadtarchiv-digital.de\/data\/wp\/v2\/post-format?post=2119"},{"taxonomy":"content","embeddable":true,"href":"https:\/\/aschaffenburgzweinull.stadtarchiv-digital.de\/data\/wp\/v2\/post-content?post=2119"}],"curies":[{"name":"wp","href":"https:\/\/api.w.org\/{rel}","templated":true}]}}