{"id":2058,"date":"2021-05-14T10:09:01","date_gmt":"2021-05-14T08:09:01","guid":{"rendered":"https:\/\/aschaffenburgzweinull.stadtarchiv-digital.de\/?p=2058"},"modified":"2022-03-23T09:45:45","modified_gmt":"2022-03-23T08:45:45","slug":"neue-podcastfolge-online","status":"publish","type":"post","link":"https:\/\/aschaffenburgzweinull.stadtarchiv-digital.de\/neue-podcastfolge-online\/","title":{"rendered":"Episode 2: Der Geschichts- und Kunstverein Aschaffenburg"},"content":{"rendered":"<p>In der zweiten Folge der Podcast-Reihe &#8222;Aschaffenburger Geschichten&#8220; wird der Geschichts- und Kunstverein Aschaffenburg e.V. vorgestellt. Das Gespr\u00e4ch f\u00fchrten der Gesch\u00e4ftsf\u00fchrende Vorsitzende Dr. Heinrich Fu\u00dfbahn und Dr. Vaios Kalogrias, Koordinator des Projekts &#8222;Geschichte Aschaffenburgs im 19. und 20. Jahrhundert&#8220;.<\/p>\n<p>Heinrich Fu\u00dfbahn, geb. 1968, Rechtsanwalt in Aschaffenburg, ist seit 2007 Gesch\u00e4ftsf\u00fchrender (zweiter) Vorsitzender des Geschichts- und Kunstvereins Aschaffenburg e.V. und seit 1995 Leiter des dortigen Arbeitskreises Personen- und Familienforschung. Dar\u00fcber hinaus ist er Autor mehrerer regionalgeschichtlicher Abhandlungen mit den Schwerpunkten &#8222;Fr\u00fche Neuzeit&#8220; und &#8222;Hexenprozesse im Raum Aschaffenburg&#8220;.<\/p>\n<div>Der Podcast kann \u00fcber verschiedene Podcast-Anbieter geh\u00f6rt werden: <a href=\"https:\/\/open.spotify.com\/show\/3tBnHlSbYRRQPznNkLO2Ad?si=e0Tm4T9TQyahiwEEZuNhCA\">Spotify<\/a>, <a href=\"https:\/\/www.audible.com\/pd\/Podcast\/B08JJRRFJC?ipRedirectOverride=true&amp;overrideBaseCountry=true&amp;pf_rd_p=0fdc2c5d-f9bb-4efb-a751-c9e8b1466b3a&amp;pf_rd_r=BEBSH8810J1VW3FTK8N5\">Audible<\/a>, <a href=\"https:\/\/www.deezer.com\/search\/Aschaffenburger%20Geschichten\">Deezer<\/a>, <a href=\"https:\/\/podcasts.apple.com\/de\/podcast\/aschaffenburger-geschichten\/id1566606888\">Apple Podcasts<\/a> <a href=\"https:\/\/podcasts.google.com\/search\/aschaffenburger%20geschichten\">Google Podcasts<\/a> und <a href=\"https:\/\/www.podcast.de\/podcast\/2519802\/\">Podcast.de<\/a><\/div>\n<p>Viel Spa\u00df beim Zuh\u00f6ren!<\/p>\n","protected":false},"excerpt":{"rendered":"<p>In der zweiten Folge der Podcast-Reihe &#8222;Aschaffenburger Geschichten&#8220; wird der Geschichts- und Kunstverein Aschaffenburg e.V. vorgestellt. Das Gespr\u00e4ch f\u00fchrten der Gesch\u00e4ftsf\u00fchrende Vorsitzende Dr. Heinrich Fu\u00dfbahn und Dr. Vaios Kalogrias, Koordinator [&hellip;]<\/p>\n","protected":false},"author":3,"featured_media":0,"comment_status":"open","ping_status":"closed","sticky":false,"template":"","format":"standard","meta":{"_acf_changed":false,"footnotes":""},"categories":[1,7,39],"tags":[132,217,237,242,279,321],"post-format":[2],"post-content":[3,9,67],"class_list":["post-2058","post","type-post","status-publish","format-standard","hentry","category-bildung","category-highlights","category-kultur","tag-digitalladen","tag-podcast","tag-kunst","tag-verein","tag-geschichte","tag-aschaffenburger-geschichten","format-information","content-image","content-audio","content-text","project-aschaffenburger-geschichten"],"acf":[],"yoast_head":"<!-- This site is optimized with the Yoast SEO plugin v27.4 - https:\/\/yoast.com\/product\/yoast-seo-wordpress\/ -->\n<title>Episode 2: Der Geschichts- und Kunstverein Aschaffenburg - Aschaffenburg<\/title>\n<meta name=\"robots\" content=\"index, follow, max-snippet:-1, max-image-preview:large, max-video-preview:-1\" \/>\n<link rel=\"canonical\" href=\"https:\/\/aschaffenburgzweinull.stadtarchiv-digital.de\/neue-podcastfolge-online\/\" \/>\n<meta property=\"og:locale\" content=\"de_DE\" \/>\n<meta property=\"og:type\" content=\"article\" \/>\n<meta property=\"og:title\" content=\"Episode 2: Der Geschichts- und Kunstverein Aschaffenburg - Aschaffenburg\" \/>\n<meta property=\"og:description\" content=\"In der zweiten Folge der Podcast-Reihe &#8222;Aschaffenburger Geschichten&#8220; wird der Geschichts- und Kunstverein Aschaffenburg e.V. vorgestellt. Das Gespr\u00e4ch f\u00fchrten der Gesch\u00e4ftsf\u00fchrende Vorsitzende Dr. Heinrich Fu\u00dfbahn und Dr. Vaios Kalogrias, Koordinator [&hellip;]\" \/>\n<meta property=\"og:url\" content=\"https:\/\/aschaffenburgzweinull.stadtarchiv-digital.de\/neue-podcastfolge-online\/\" \/>\n<meta property=\"og:site_name\" content=\"Aschaffenburg\" \/>\n<meta property=\"article:published_time\" content=\"2021-05-14T08:09:01+00:00\" \/>\n<meta property=\"article:modified_time\" content=\"2022-03-23T08:45:45+00:00\" \/>\n<meta property=\"og:image\" content=\"https:\/\/aschaffenburgzweinull.stadtarchiv-digital.de\/wp-content\/uploads\/2020\/07\/Logo-Stadtarchiv-Aschaffenburg.png\" \/>\n\t<meta property=\"og:image:width\" content=\"379\" \/>\n\t<meta property=\"og:image:height\" content=\"70\" \/>\n\t<meta property=\"og:image:type\" content=\"image\/png\" \/>\n<meta name=\"author\" content=\"Aschaffenburg_2.0\" \/>\n<meta name=\"twitter:card\" content=\"summary_large_image\" \/>\n<meta name=\"twitter:label1\" content=\"Verfasst von\" \/>\n\t<meta name=\"twitter:data1\" content=\"Aschaffenburg_2.0\" \/>\n\t<meta name=\"twitter:label2\" content=\"Gesch\u00e4tzte Lesezeit\" \/>\n\t<meta name=\"twitter:data2\" content=\"1\u00a0Minute\" \/>\n<script type=\"application\/ld+json\" class=\"yoast-schema-graph\">{\"@context\":\"https:\\\/\\\/schema.org\",\"@graph\":[{\"@type\":\"Article\",\"@id\":\"https:\\\/\\\/aschaffenburgzweinull.stadtarchiv-digital.de\\\/neue-podcastfolge-online\\\/#article\",\"isPartOf\":{\"@id\":\"https:\\\/\\\/aschaffenburgzweinull.stadtarchiv-digital.de\\\/neue-podcastfolge-online\\\/\"},\"author\":{\"name\":\"Aschaffenburg_2.0\",\"@id\":\"https:\\\/\\\/aschaffenburgzweinull.stadtarchiv-digital.de\\\/#\\\/schema\\\/person\\\/6620dad05f894110a34e3afd3c3cf3ff\"},\"headline\":\"Episode 2: Der Geschichts- und Kunstverein Aschaffenburg\",\"datePublished\":\"2021-05-14T08:09:01+00:00\",\"dateModified\":\"2022-03-23T08:45:45+00:00\",\"mainEntityOfPage\":{\"@id\":\"https:\\\/\\\/aschaffenburgzweinull.stadtarchiv-digital.de\\\/neue-podcastfolge-online\\\/\"},\"wordCount\":123,\"commentCount\":0,\"keywords\":[\"Digitalladen\",\"Podcast\",\"Kunst\",\"Verein\",\"Geschichte\",\"Aschaffenburger Geschichten\"],\"articleSection\":[\"Bildung\",\"Highlights\",\"Kultur\"],\"inLanguage\":\"de\",\"potentialAction\":[{\"@type\":\"CommentAction\",\"name\":\"Comment\",\"target\":[\"https:\\\/\\\/aschaffenburgzweinull.stadtarchiv-digital.de\\\/neue-podcastfolge-online\\\/#respond\"]}]},{\"@type\":\"WebPage\",\"@id\":\"https:\\\/\\\/aschaffenburgzweinull.stadtarchiv-digital.de\\\/neue-podcastfolge-online\\\/\",\"url\":\"https:\\\/\\\/aschaffenburgzweinull.stadtarchiv-digital.de\\\/neue-podcastfolge-online\\\/\",\"name\":\"Episode 2: Der Geschichts- und Kunstverein Aschaffenburg - Aschaffenburg\",\"isPartOf\":{\"@id\":\"https:\\\/\\\/aschaffenburgzweinull.stadtarchiv-digital.de\\\/#website\"},\"datePublished\":\"2021-05-14T08:09:01+00:00\",\"dateModified\":\"2022-03-23T08:45:45+00:00\",\"author\":{\"@id\":\"https:\\\/\\\/aschaffenburgzweinull.stadtarchiv-digital.de\\\/#\\\/schema\\\/person\\\/6620dad05f894110a34e3afd3c3cf3ff\"},\"breadcrumb\":{\"@id\":\"https:\\\/\\\/aschaffenburgzweinull.stadtarchiv-digital.de\\\/neue-podcastfolge-online\\\/#breadcrumb\"},\"inLanguage\":\"de\",\"potentialAction\":[{\"@type\":\"ReadAction\",\"target\":[\"https:\\\/\\\/aschaffenburgzweinull.stadtarchiv-digital.de\\\/neue-podcastfolge-online\\\/\"]}]},{\"@type\":\"BreadcrumbList\",\"@id\":\"https:\\\/\\\/aschaffenburgzweinull.stadtarchiv-digital.de\\\/neue-podcastfolge-online\\\/#breadcrumb\",\"itemListElement\":[{\"@type\":\"ListItem\",\"position\":1,\"name\":\"Startseite\",\"item\":\"https:\\\/\\\/aschaffenburgzweinull.stadtarchiv-digital.de\\\/\"},{\"@type\":\"ListItem\",\"position\":2,\"name\":\"Episode 2: Der Geschichts- und Kunstverein Aschaffenburg\"}]},{\"@type\":\"WebSite\",\"@id\":\"https:\\\/\\\/aschaffenburgzweinull.stadtarchiv-digital.de\\\/#website\",\"url\":\"https:\\\/\\\/aschaffenburgzweinull.stadtarchiv-digital.de\\\/\",\"name\":\"Aschaffenburg\",\"description\":\"2.0\",\"potentialAction\":[{\"@type\":\"SearchAction\",\"target\":{\"@type\":\"EntryPoint\",\"urlTemplate\":\"https:\\\/\\\/aschaffenburgzweinull.stadtarchiv-digital.de\\\/?s={search_term_string}\"},\"query-input\":{\"@type\":\"PropertyValueSpecification\",\"valueRequired\":true,\"valueName\":\"search_term_string\"}}],\"inLanguage\":\"de\"},{\"@type\":\"Person\",\"@id\":\"https:\\\/\\\/aschaffenburgzweinull.stadtarchiv-digital.de\\\/#\\\/schema\\\/person\\\/6620dad05f894110a34e3afd3c3cf3ff\",\"name\":\"Aschaffenburg_2.0\",\"url\":\"https:\\\/\\\/aschaffenburgzweinull.stadtarchiv-digital.de\\\/author\\\/aschaffenburg_2-0\\\/\"}]}<\/script>\n<!-- \/ Yoast SEO plugin. -->","yoast_head_json":{"title":"Episode 2: Der Geschichts- und Kunstverein Aschaffenburg - Aschaffenburg","robots":{"index":"index","follow":"follow","max-snippet":"max-snippet:-1","max-image-preview":"max-image-preview:large","max-video-preview":"max-video-preview:-1"},"canonical":"https:\/\/aschaffenburgzweinull.stadtarchiv-digital.de\/neue-podcastfolge-online\/","og_locale":"de_DE","og_type":"article","og_title":"Episode 2: Der Geschichts- und Kunstverein Aschaffenburg - Aschaffenburg","og_description":"In der zweiten Folge der Podcast-Reihe &#8222;Aschaffenburger Geschichten&#8220; wird der Geschichts- und Kunstverein Aschaffenburg e.V. vorgestellt. Das Gespr\u00e4ch f\u00fchrten der Gesch\u00e4ftsf\u00fchrende Vorsitzende Dr. Heinrich Fu\u00dfbahn und Dr. Vaios Kalogrias, Koordinator [&hellip;]","og_url":"https:\/\/aschaffenburgzweinull.stadtarchiv-digital.de\/neue-podcastfolge-online\/","og_site_name":"Aschaffenburg","article_published_time":"2021-05-14T08:09:01+00:00","article_modified_time":"2022-03-23T08:45:45+00:00","og_image":[{"width":379,"height":70,"url":"https:\/\/aschaffenburgzweinull.stadtarchiv-digital.de\/wp-content\/uploads\/2020\/07\/Logo-Stadtarchiv-Aschaffenburg.png","type":"image\/png"}],"author":"Aschaffenburg_2.0","twitter_card":"summary_large_image","twitter_misc":{"Verfasst von":"Aschaffenburg_2.0","Gesch\u00e4tzte Lesezeit":"1\u00a0Minute"},"schema":{"@context":"https:\/\/schema.org","@graph":[{"@type":"Article","@id":"https:\/\/aschaffenburgzweinull.stadtarchiv-digital.de\/neue-podcastfolge-online\/#article","isPartOf":{"@id":"https:\/\/aschaffenburgzweinull.stadtarchiv-digital.de\/neue-podcastfolge-online\/"},"author":{"name":"Aschaffenburg_2.0","@id":"https:\/\/aschaffenburgzweinull.stadtarchiv-digital.de\/#\/schema\/person\/6620dad05f894110a34e3afd3c3cf3ff"},"headline":"Episode 2: Der Geschichts- und Kunstverein Aschaffenburg","datePublished":"2021-05-14T08:09:01+00:00","dateModified":"2022-03-23T08:45:45+00:00","mainEntityOfPage":{"@id":"https:\/\/aschaffenburgzweinull.stadtarchiv-digital.de\/neue-podcastfolge-online\/"},"wordCount":123,"commentCount":0,"keywords":["Digitalladen","Podcast","Kunst","Verein","Geschichte","Aschaffenburger Geschichten"],"articleSection":["Bildung","Highlights","Kultur"],"inLanguage":"de","potentialAction":[{"@type":"CommentAction","name":"Comment","target":["https:\/\/aschaffenburgzweinull.stadtarchiv-digital.de\/neue-podcastfolge-online\/#respond"]}]},{"@type":"WebPage","@id":"https:\/\/aschaffenburgzweinull.stadtarchiv-digital.de\/neue-podcastfolge-online\/","url":"https:\/\/aschaffenburgzweinull.stadtarchiv-digital.de\/neue-podcastfolge-online\/","name":"Episode 2: Der Geschichts- und Kunstverein Aschaffenburg - Aschaffenburg","isPartOf":{"@id":"https:\/\/aschaffenburgzweinull.stadtarchiv-digital.de\/#website"},"datePublished":"2021-05-14T08:09:01+00:00","dateModified":"2022-03-23T08:45:45+00:00","author":{"@id":"https:\/\/aschaffenburgzweinull.stadtarchiv-digital.de\/#\/schema\/person\/6620dad05f894110a34e3afd3c3cf3ff"},"breadcrumb":{"@id":"https:\/\/aschaffenburgzweinull.stadtarchiv-digital.de\/neue-podcastfolge-online\/#breadcrumb"},"inLanguage":"de","potentialAction":[{"@type":"ReadAction","target":["https:\/\/aschaffenburgzweinull.stadtarchiv-digital.de\/neue-podcastfolge-online\/"]}]},{"@type":"BreadcrumbList","@id":"https:\/\/aschaffenburgzweinull.stadtarchiv-digital.de\/neue-podcastfolge-online\/#breadcrumb","itemListElement":[{"@type":"ListItem","position":1,"name":"Startseite","item":"https:\/\/aschaffenburgzweinull.stadtarchiv-digital.de\/"},{"@type":"ListItem","position":2,"name":"Episode 2: Der Geschichts- und Kunstverein Aschaffenburg"}]},{"@type":"WebSite","@id":"https:\/\/aschaffenburgzweinull.stadtarchiv-digital.de\/#website","url":"https:\/\/aschaffenburgzweinull.stadtarchiv-digital.de\/","name":"Aschaffenburg","description":"2.0","potentialAction":[{"@type":"SearchAction","target":{"@type":"EntryPoint","urlTemplate":"https:\/\/aschaffenburgzweinull.stadtarchiv-digital.de\/?s={search_term_string}"},"query-input":{"@type":"PropertyValueSpecification","valueRequired":true,"valueName":"search_term_string"}}],"inLanguage":"de"},{"@type":"Person","@id":"https:\/\/aschaffenburgzweinull.stadtarchiv-digital.de\/#\/schema\/person\/6620dad05f894110a34e3afd3c3cf3ff","name":"Aschaffenburg_2.0","url":"https:\/\/aschaffenburgzweinull.stadtarchiv-digital.de\/author\/aschaffenburg_2-0\/"}]}},"_links":{"self":[{"href":"https:\/\/aschaffenburgzweinull.stadtarchiv-digital.de\/data\/wp\/v2\/posts\/2058","targetHints":{"allow":["GET"]}}],"collection":[{"href":"https:\/\/aschaffenburgzweinull.stadtarchiv-digital.de\/data\/wp\/v2\/posts"}],"about":[{"href":"https:\/\/aschaffenburgzweinull.stadtarchiv-digital.de\/data\/wp\/v2\/types\/post"}],"author":[{"embeddable":true,"href":"https:\/\/aschaffenburgzweinull.stadtarchiv-digital.de\/data\/wp\/v2\/users\/3"}],"replies":[{"embeddable":true,"href":"https:\/\/aschaffenburgzweinull.stadtarchiv-digital.de\/data\/wp\/v2\/comments?post=2058"}],"version-history":[{"count":21,"href":"https:\/\/aschaffenburgzweinull.stadtarchiv-digital.de\/data\/wp\/v2\/posts\/2058\/revisions"}],"predecessor-version":[{"id":4864,"href":"https:\/\/aschaffenburgzweinull.stadtarchiv-digital.de\/data\/wp\/v2\/posts\/2058\/revisions\/4864"}],"wp:attachment":[{"href":"https:\/\/aschaffenburgzweinull.stadtarchiv-digital.de\/data\/wp\/v2\/media?parent=2058"}],"wp:term":[{"taxonomy":"category","embeddable":true,"href":"https:\/\/aschaffenburgzweinull.stadtarchiv-digital.de\/data\/wp\/v2\/categories?post=2058"},{"taxonomy":"post_tag","embeddable":true,"href":"https:\/\/aschaffenburgzweinull.stadtarchiv-digital.de\/data\/wp\/v2\/tags?post=2058"},{"taxonomy":"format","embeddable":true,"href":"https:\/\/aschaffenburgzweinull.stadtarchiv-digital.de\/data\/wp\/v2\/post-format?post=2058"},{"taxonomy":"content","embeddable":true,"href":"https:\/\/aschaffenburgzweinull.stadtarchiv-digital.de\/data\/wp\/v2\/post-content?post=2058"}],"curies":[{"name":"wp","href":"https:\/\/api.w.org\/{rel}","templated":true}]}}