{"id":1809,"date":"2021-03-30T07:56:47","date_gmt":"2021-03-30T05:56:47","guid":{"rendered":"https:\/\/aschaffenburgzweinull.stadtarchiv-digital.de\/?p=1809"},"modified":"2022-01-19T22:17:08","modified_gmt":"2022-01-19T21:17:08","slug":"alte-gaststaetten-4","status":"publish","type":"post","link":"https:\/\/aschaffenburgzweinull.stadtarchiv-digital.de\/alte-gaststaetten-4\/","title":{"rendered":"Alte Gastst\u00e4tten (4) &#8211; Zum Kalten Loch"},"content":{"rendered":"<p>\u201eZum kalten Loch&#8220;<strong>\u00a0<\/strong>war eine Gastst\u00e4tte mit ganz besonderem Lokalkolorit, aber ab wann es Gastst\u00e4tte war, ist nicht bekannt. Sicher wei\u00df man, dass 1838 ein gewisser Josef Geiger die \u201e<em>Konzession zum Bierbrauen und die Lizenz zur Verabreichung warmer Speisen an Schankg\u00e4ste\u201c<\/em> erhielt.<br \/>\nIm Laufe der n\u00e4chsten Jahre wurde verschiedentlich an- und umgebaut, z.B. ein Eisraum und ein Malzspeicher wurden eingerichtet, also R\u00e4ume, die eine Brauerei braucht. Das war die Kalt-Loch-Brauerei, die aber 1912 ihre Produktion einstellte.<br \/>\n1922 \u00fcbernahm Leopold Roos, ein geb\u00fcrtiger Bischbrunner, die Gastst\u00e4tte. Bis dahin hatte sie einen nicht sonderlich guten Ruf. In ihr verkehrten sehr raubeinige Gesellen, die nur wenig vom Arbeiten, aber umso mehr vom Trinken hielten. Neben den Gl\u00e4sern lag h\u00e4ufig ein Messer auf dem Wirtshaustisch. Die Wirte mussten nach der Pfeife ihrer G\u00e4ste tanzen und gaben sich sozusagen die Klinke in die Hand. In einem Jahr gab es beispielsweise f\u00fcnf verschiedene P\u00e4chter.<br \/>\nDas alles \u00e4nderte sich als Leopold Roos kam. F\u00fcr die Trinker gab es Bier nur noch in arg ramponierten Kr\u00fcgen. Wer schon einen \u00fcber den Durst getrunken hatte, bekam gar nichts mehr. Und wer sich den Gang auf die Toilette, die \u00fcber dem Hof lag, sparen wollte, und sich im dunklen, unbeleuchteten Hof Erleichterung verschaffte, bekam mit einem Kn\u00fcppel einige Streiche zu sp\u00fcren. So dauerte es auch nicht lange, bis die alte Kundschaft wegblieb.<br \/>\nNun kamen bessere Zeiten f\u00fcr das Kalte Loch.<br \/>\nNicht nur die einfachen B\u00fcrger Aschaffenburgs, auch alles was Rang und Namen hatte, \u00c4rzte, Professoren, Ingenieure, Apotheker und Ascheberger Originale geh\u00f6rten von nun an zu den Stammg\u00e4sten. Dieser Generation folgte die n\u00e4chste, denn Leopold Roos blieb 40 Jahre lang bis 1962 P\u00e4chter im Kalten Loch.<br \/>\nMan traf sich zum D\u00e4mmerschoppen, diskutierte das Weltgeschehen und Aschaffenburger Neuigkeiten, spielte Schafkopf oder trank einfach nur sein Bier, das seit 1933 von der Martinsbrauerei in Marktheidenfeld kam. Manch einer hatte hier jeden Abend seinen Stammtisch. Bekannt waren die Rippchen, die groben Bratw\u00fcrste und das Sauerkraut, das immer auf dem Ofen mitten in der Gaststube vor sich hin k\u00f6chelte. Leopold Roos mochte keine S\u00e4ufer, aber auch niemanden, der nur einen Fingerhut voll trank. Bestellte jemand ein kleines Bier, bekam er zur Antwort: \u201eKomme Se widder, wenn Se Dorscht ham!\u201c.<br \/>\nUm diese urige Gastst\u00e4tte, die mit ihrer Hinterhoflage in der Badergasse selten von Ausw\u00e4rtigen gefunden wurde, rankt sich auch folgende Geschichte:<\/p>\n<p>In den Jahren vor dem Zweiten Weltkrieg konnte man angeblich im ganzen Land, in den entferntesten St\u00e4dten Deutschlands und an den unm\u00f6glichsten Stellen, an Parkb\u00e4nken, Laternen und W\u00e4nden feuerrote Zettelchen entdecken, auf denen zu lesen war:<\/p>\n<p><em>Hast du die ganze Welt befahren,<br \/>\n<\/em><em>kennst Menschen, Land und Meer,<br \/>\n<\/em><em>und kennst\u2019s Kalte Loch in Aschaffenburg net,<br \/>\n<\/em><em>dann dauerst du mich sehr!<\/em><\/p>\n<p>Auf diesen Spruch hin soll ein Leipziger Hotelier, der auf den Weg in den Winterurlaub war, sogar einmal in Aschaffenburg, seiner Zwischenstation, ausgestiegen sein, das Kalte Loch gesucht und besucht \u00a0haben und in sp\u00e4teren Jahren immer mal wieder vorbei gekommen sein.<br \/>\n1964 wurde das Kalte Loch, das vom Krieg doch sehr mitgenommen war, abgerissen, nachdem Leopold Roos ein Jahr zuvor aufgeh\u00f6rt hatte. Verewigt ist es aber in den <em>Ascheberger Spr\u00fcch<\/em> von Gustav Trockenbrodt und festgehalten mit einer Zeichnung von Adalbert Hock.<\/p>\n<p><strong><u>De Rei\u00dfmathias<\/u><\/strong><u>(1)<\/u><\/p>\n<p>De Michel hot im H\u00e4\u00e4\u00dfe Scht\u00e4\u2019 (2)<br \/>\nSei\u2019 Werkschtatt un Quatier,<br \/>\nUn zwickt\u2019s \u201an noch so in de B\u00e4\u2019,<br \/>\nEr g\u00e4iht doch zu sei\u2019m Bier.<\/p>\n<p>De Rei\u00dfmathias ziecht&#8217;n krumm,<br \/>\nEr autscht die ganze Woch&#8216;,<br \/>\nDoch abends sou um finfe &#8218;rum<br \/>\nDa schlorcht er in&#8217;s Kalt&#8216; Loch.<\/p>\n<p>Un fr\u00e4gt&#8217;n \u00e4ner, wie&#8217;s &#8218;m g\u00e4iht,<br \/>\nSo s\u00e4igt er: \u201eK\u00f6nnt&#8216; ni&#8216; klage,<br \/>\nWenn&#8217;s Zipperle ni&#8216; zwicke deht,<br \/>\nW\u00e4r&#8217;s Lebe zu ertrage.<\/p>\n<p>Filzdappe hab&#8216; ich, reib&#8216; un schmier&#8216;,<br \/>\nTrag&#8216; dicke Schtr\u00fcmp&#8216; un Mutze (3),<br \/>\nWas hilft&#8217;s, wenn ich mei&#8216; Zehje schpier&#8216;?<br \/>\nDes Zeig hot all&#8216; k\u00e4n&#8216; Nutze.<\/p>\n<p>Zeh&#8216; Johr&#8216; plagt mich scho&#8216; die Geschicht&#8216;,<br \/>\nDa lernt mer, was Geduld is!<br \/>\nEs hert ni uff, es zwickt un schticht,<br \/>\nDer Deifel w\u00e4\u00e4\u00df, was schuld is!\u201c<\/p>\n<p>\u201eWas schuld is? Michel, des mecht halt<br \/>\nDie annere Demberadur,<br \/>\nBald sitzte h\u00e4\u00e4\u00df, bald sitzte kalt,<br \/>\nWas hilft da jede Kur?<\/p>\n<p>Jetz&#8216; hot der&#8217;s Rei\u00dfe in de B\u00e4&#8216;,<br \/>\nUn wunnert sich dann noch:<br \/>\nAm Tag hockt er im <em>h\u00e4\u00e4\u00dfe Scht\u00e4&#8216;<br \/>\n<\/em>Un nachts <em>im kalte Loch!&#8220;<\/em><\/p>\n<p><em>\u00a0<\/em>Gustav Trockenbrodt<\/p>\n<p><em>(1)Rheumatismus<\/em><\/p>\n<p><em>(2)Gastst\u00e4tte \u201eZum hei\u00dfen Stein\u201c<\/em><\/p>\n<p><em>(3)Wollene Jacke<\/em><\/p>\n<p>&nbsp;<\/p>\n<p><em>Quellen:<\/em><\/p>\n<p><em>Volksblatt vom 3.9.1992.<\/em><\/p>\n<p><em>Main-Echo vom 28.12.1962 und vom 1.12.1964.<\/em><\/p>\n<p><em>Trockenbrodt, Gustav: Ascheberger Spr\u00fcch\u201c, 13.Aufl., 1988.<\/em><\/p>\n<p><em>\u00a0<\/em><\/p>\n","protected":false},"excerpt":{"rendered":"<p>\u201eZum kalten Loch&#8220;\u00a0war eine Gastst\u00e4tte mit ganz besonderem Lokalkolorit, aber ab wann es Gastst\u00e4tte war, ist nicht bekannt. Sicher wei\u00df man, dass 1838 ein gewisser Josef Geiger die \u201eKonzession zum [&hellip;]<\/p>\n","protected":false},"author":33,"featured_media":0,"comment_status":"open","ping_status":"open","sticky":false,"template":"","format":"standard","meta":{"_acf_changed":false,"footnotes":""},"categories":[41],"tags":[184,185,250,251,252],"post-format":[2],"post-content":[3,67],"class_list":["post-1809","post","type-post","status-publish","format-standard","hentry","category-leben","tag-gaststaette","tag-gasthaus","tag-badergasse","tag-kaltes-loch","tag-leopold-roos","format-information","content-image","content-text","project-stadtarchiv"],"acf":[],"yoast_head":"<!-- This site is optimized with the Yoast SEO plugin v27.4 - https:\/\/yoast.com\/product\/yoast-seo-wordpress\/ -->\n<title>Alte Gastst\u00e4tten (4) - Zum Kalten Loch - Aschaffenburg<\/title>\n<meta name=\"robots\" content=\"index, follow, max-snippet:-1, max-image-preview:large, max-video-preview:-1\" \/>\n<link rel=\"canonical\" href=\"https:\/\/aschaffenburgzweinull.stadtarchiv-digital.de\/alte-gaststaetten-4\/\" \/>\n<meta property=\"og:locale\" content=\"de_DE\" \/>\n<meta property=\"og:type\" content=\"article\" \/>\n<meta property=\"og:title\" content=\"Alte Gastst\u00e4tten (4) - Zum Kalten Loch - Aschaffenburg\" \/>\n<meta property=\"og:description\" content=\"\u201eZum kalten Loch&#8220;\u00a0war eine Gastst\u00e4tte mit ganz besonderem Lokalkolorit, aber ab wann es Gastst\u00e4tte war, ist nicht bekannt. Sicher wei\u00df man, dass 1838 ein gewisser Josef Geiger die \u201eKonzession zum [&hellip;]\" \/>\n<meta property=\"og:url\" content=\"https:\/\/aschaffenburgzweinull.stadtarchiv-digital.de\/alte-gaststaetten-4\/\" \/>\n<meta property=\"og:site_name\" content=\"Aschaffenburg\" \/>\n<meta property=\"article:published_time\" content=\"2021-03-30T05:56:47+00:00\" \/>\n<meta property=\"article:modified_time\" content=\"2022-01-19T21:17:08+00:00\" \/>\n<meta property=\"og:image\" content=\"https:\/\/aschaffenburgzweinull.stadtarchiv-digital.de\/wp-content\/uploads\/2020\/07\/Logo-Stadtarchiv-Aschaffenburg.png\" \/>\n\t<meta property=\"og:image:width\" content=\"379\" \/>\n\t<meta property=\"og:image:height\" content=\"70\" \/>\n\t<meta property=\"og:image:type\" content=\"image\/png\" \/>\n<meta name=\"author\" content=\"Monika Spatz\" \/>\n<meta name=\"twitter:card\" content=\"summary_large_image\" \/>\n<meta name=\"twitter:label1\" content=\"Verfasst von\" \/>\n\t<meta name=\"twitter:data1\" content=\"Monika Spatz\" \/>\n\t<meta name=\"twitter:label2\" content=\"Gesch\u00e4tzte Lesezeit\" \/>\n\t<meta name=\"twitter:data2\" content=\"4\u00a0Minuten\" \/>\n<script type=\"application\/ld+json\" class=\"yoast-schema-graph\">{\"@context\":\"https:\\\/\\\/schema.org\",\"@graph\":[{\"@type\":\"Article\",\"@id\":\"https:\\\/\\\/aschaffenburgzweinull.stadtarchiv-digital.de\\\/alte-gaststaetten-4\\\/#article\",\"isPartOf\":{\"@id\":\"https:\\\/\\\/aschaffenburgzweinull.stadtarchiv-digital.de\\\/alte-gaststaetten-4\\\/\"},\"author\":{\"name\":\"Monika Spatz\",\"@id\":\"https:\\\/\\\/aschaffenburgzweinull.stadtarchiv-digital.de\\\/#\\\/schema\\\/person\\\/deae0c448e78ddc35eaf0f6427020bf2\"},\"headline\":\"Alte Gastst\u00e4tten (4) &#8211; Zum Kalten Loch\",\"datePublished\":\"2021-03-30T05:56:47+00:00\",\"dateModified\":\"2022-01-19T21:17:08+00:00\",\"mainEntityOfPage\":{\"@id\":\"https:\\\/\\\/aschaffenburgzweinull.stadtarchiv-digital.de\\\/alte-gaststaetten-4\\\/\"},\"wordCount\":774,\"commentCount\":1,\"keywords\":[\"Gastst\u00e4tte\",\"Gasthaus\",\"Badergasse\",\"Kaltes Loch\",\"Leopold Roos\"],\"articleSection\":[\"Leben\"],\"inLanguage\":\"de\",\"potentialAction\":[{\"@type\":\"CommentAction\",\"name\":\"Comment\",\"target\":[\"https:\\\/\\\/aschaffenburgzweinull.stadtarchiv-digital.de\\\/alte-gaststaetten-4\\\/#respond\"]}]},{\"@type\":\"WebPage\",\"@id\":\"https:\\\/\\\/aschaffenburgzweinull.stadtarchiv-digital.de\\\/alte-gaststaetten-4\\\/\",\"url\":\"https:\\\/\\\/aschaffenburgzweinull.stadtarchiv-digital.de\\\/alte-gaststaetten-4\\\/\",\"name\":\"Alte Gastst\u00e4tten (4) - Zum Kalten Loch - Aschaffenburg\",\"isPartOf\":{\"@id\":\"https:\\\/\\\/aschaffenburgzweinull.stadtarchiv-digital.de\\\/#website\"},\"datePublished\":\"2021-03-30T05:56:47+00:00\",\"dateModified\":\"2022-01-19T21:17:08+00:00\",\"author\":{\"@id\":\"https:\\\/\\\/aschaffenburgzweinull.stadtarchiv-digital.de\\\/#\\\/schema\\\/person\\\/deae0c448e78ddc35eaf0f6427020bf2\"},\"breadcrumb\":{\"@id\":\"https:\\\/\\\/aschaffenburgzweinull.stadtarchiv-digital.de\\\/alte-gaststaetten-4\\\/#breadcrumb\"},\"inLanguage\":\"de\",\"potentialAction\":[{\"@type\":\"ReadAction\",\"target\":[\"https:\\\/\\\/aschaffenburgzweinull.stadtarchiv-digital.de\\\/alte-gaststaetten-4\\\/\"]}]},{\"@type\":\"BreadcrumbList\",\"@id\":\"https:\\\/\\\/aschaffenburgzweinull.stadtarchiv-digital.de\\\/alte-gaststaetten-4\\\/#breadcrumb\",\"itemListElement\":[{\"@type\":\"ListItem\",\"position\":1,\"name\":\"Startseite\",\"item\":\"https:\\\/\\\/aschaffenburgzweinull.stadtarchiv-digital.de\\\/\"},{\"@type\":\"ListItem\",\"position\":2,\"name\":\"Alte Gastst\u00e4tten (4) &#8211; Zum Kalten Loch\"}]},{\"@type\":\"WebSite\",\"@id\":\"https:\\\/\\\/aschaffenburgzweinull.stadtarchiv-digital.de\\\/#website\",\"url\":\"https:\\\/\\\/aschaffenburgzweinull.stadtarchiv-digital.de\\\/\",\"name\":\"Aschaffenburg\",\"description\":\"2.0\",\"potentialAction\":[{\"@type\":\"SearchAction\",\"target\":{\"@type\":\"EntryPoint\",\"urlTemplate\":\"https:\\\/\\\/aschaffenburgzweinull.stadtarchiv-digital.de\\\/?s={search_term_string}\"},\"query-input\":{\"@type\":\"PropertyValueSpecification\",\"valueRequired\":true,\"valueName\":\"search_term_string\"}}],\"inLanguage\":\"de\"},{\"@type\":\"Person\",\"@id\":\"https:\\\/\\\/aschaffenburgzweinull.stadtarchiv-digital.de\\\/#\\\/schema\\\/person\\\/deae0c448e78ddc35eaf0f6427020bf2\",\"name\":\"Monika Spatz\",\"url\":\"https:\\\/\\\/aschaffenburgzweinull.stadtarchiv-digital.de\\\/author\\\/monika-spatz\\\/\"}]}<\/script>\n<!-- \/ Yoast SEO plugin. -->","yoast_head_json":{"title":"Alte Gastst\u00e4tten (4) - Zum Kalten Loch - Aschaffenburg","robots":{"index":"index","follow":"follow","max-snippet":"max-snippet:-1","max-image-preview":"max-image-preview:large","max-video-preview":"max-video-preview:-1"},"canonical":"https:\/\/aschaffenburgzweinull.stadtarchiv-digital.de\/alte-gaststaetten-4\/","og_locale":"de_DE","og_type":"article","og_title":"Alte Gastst\u00e4tten (4) - Zum Kalten Loch - Aschaffenburg","og_description":"\u201eZum kalten Loch&#8220;\u00a0war eine Gastst\u00e4tte mit ganz besonderem Lokalkolorit, aber ab wann es Gastst\u00e4tte war, ist nicht bekannt. Sicher wei\u00df man, dass 1838 ein gewisser Josef Geiger die \u201eKonzession zum [&hellip;]","og_url":"https:\/\/aschaffenburgzweinull.stadtarchiv-digital.de\/alte-gaststaetten-4\/","og_site_name":"Aschaffenburg","article_published_time":"2021-03-30T05:56:47+00:00","article_modified_time":"2022-01-19T21:17:08+00:00","og_image":[{"width":379,"height":70,"url":"https:\/\/aschaffenburgzweinull.stadtarchiv-digital.de\/wp-content\/uploads\/2020\/07\/Logo-Stadtarchiv-Aschaffenburg.png","type":"image\/png"}],"author":"Monika Spatz","twitter_card":"summary_large_image","twitter_misc":{"Verfasst von":"Monika Spatz","Gesch\u00e4tzte Lesezeit":"4\u00a0Minuten"},"schema":{"@context":"https:\/\/schema.org","@graph":[{"@type":"Article","@id":"https:\/\/aschaffenburgzweinull.stadtarchiv-digital.de\/alte-gaststaetten-4\/#article","isPartOf":{"@id":"https:\/\/aschaffenburgzweinull.stadtarchiv-digital.de\/alte-gaststaetten-4\/"},"author":{"name":"Monika Spatz","@id":"https:\/\/aschaffenburgzweinull.stadtarchiv-digital.de\/#\/schema\/person\/deae0c448e78ddc35eaf0f6427020bf2"},"headline":"Alte Gastst\u00e4tten (4) &#8211; Zum Kalten Loch","datePublished":"2021-03-30T05:56:47+00:00","dateModified":"2022-01-19T21:17:08+00:00","mainEntityOfPage":{"@id":"https:\/\/aschaffenburgzweinull.stadtarchiv-digital.de\/alte-gaststaetten-4\/"},"wordCount":774,"commentCount":1,"keywords":["Gastst\u00e4tte","Gasthaus","Badergasse","Kaltes Loch","Leopold Roos"],"articleSection":["Leben"],"inLanguage":"de","potentialAction":[{"@type":"CommentAction","name":"Comment","target":["https:\/\/aschaffenburgzweinull.stadtarchiv-digital.de\/alte-gaststaetten-4\/#respond"]}]},{"@type":"WebPage","@id":"https:\/\/aschaffenburgzweinull.stadtarchiv-digital.de\/alte-gaststaetten-4\/","url":"https:\/\/aschaffenburgzweinull.stadtarchiv-digital.de\/alte-gaststaetten-4\/","name":"Alte Gastst\u00e4tten (4) - Zum Kalten Loch - Aschaffenburg","isPartOf":{"@id":"https:\/\/aschaffenburgzweinull.stadtarchiv-digital.de\/#website"},"datePublished":"2021-03-30T05:56:47+00:00","dateModified":"2022-01-19T21:17:08+00:00","author":{"@id":"https:\/\/aschaffenburgzweinull.stadtarchiv-digital.de\/#\/schema\/person\/deae0c448e78ddc35eaf0f6427020bf2"},"breadcrumb":{"@id":"https:\/\/aschaffenburgzweinull.stadtarchiv-digital.de\/alte-gaststaetten-4\/#breadcrumb"},"inLanguage":"de","potentialAction":[{"@type":"ReadAction","target":["https:\/\/aschaffenburgzweinull.stadtarchiv-digital.de\/alte-gaststaetten-4\/"]}]},{"@type":"BreadcrumbList","@id":"https:\/\/aschaffenburgzweinull.stadtarchiv-digital.de\/alte-gaststaetten-4\/#breadcrumb","itemListElement":[{"@type":"ListItem","position":1,"name":"Startseite","item":"https:\/\/aschaffenburgzweinull.stadtarchiv-digital.de\/"},{"@type":"ListItem","position":2,"name":"Alte Gastst\u00e4tten (4) &#8211; Zum Kalten Loch"}]},{"@type":"WebSite","@id":"https:\/\/aschaffenburgzweinull.stadtarchiv-digital.de\/#website","url":"https:\/\/aschaffenburgzweinull.stadtarchiv-digital.de\/","name":"Aschaffenburg","description":"2.0","potentialAction":[{"@type":"SearchAction","target":{"@type":"EntryPoint","urlTemplate":"https:\/\/aschaffenburgzweinull.stadtarchiv-digital.de\/?s={search_term_string}"},"query-input":{"@type":"PropertyValueSpecification","valueRequired":true,"valueName":"search_term_string"}}],"inLanguage":"de"},{"@type":"Person","@id":"https:\/\/aschaffenburgzweinull.stadtarchiv-digital.de\/#\/schema\/person\/deae0c448e78ddc35eaf0f6427020bf2","name":"Monika Spatz","url":"https:\/\/aschaffenburgzweinull.stadtarchiv-digital.de\/author\/monika-spatz\/"}]}},"_links":{"self":[{"href":"https:\/\/aschaffenburgzweinull.stadtarchiv-digital.de\/data\/wp\/v2\/posts\/1809","targetHints":{"allow":["GET"]}}],"collection":[{"href":"https:\/\/aschaffenburgzweinull.stadtarchiv-digital.de\/data\/wp\/v2\/posts"}],"about":[{"href":"https:\/\/aschaffenburgzweinull.stadtarchiv-digital.de\/data\/wp\/v2\/types\/post"}],"author":[{"embeddable":true,"href":"https:\/\/aschaffenburgzweinull.stadtarchiv-digital.de\/data\/wp\/v2\/users\/33"}],"replies":[{"embeddable":true,"href":"https:\/\/aschaffenburgzweinull.stadtarchiv-digital.de\/data\/wp\/v2\/comments?post=1809"}],"version-history":[{"count":6,"href":"https:\/\/aschaffenburgzweinull.stadtarchiv-digital.de\/data\/wp\/v2\/posts\/1809\/revisions"}],"predecessor-version":[{"id":2973,"href":"https:\/\/aschaffenburgzweinull.stadtarchiv-digital.de\/data\/wp\/v2\/posts\/1809\/revisions\/2973"}],"wp:attachment":[{"href":"https:\/\/aschaffenburgzweinull.stadtarchiv-digital.de\/data\/wp\/v2\/media?parent=1809"}],"wp:term":[{"taxonomy":"category","embeddable":true,"href":"https:\/\/aschaffenburgzweinull.stadtarchiv-digital.de\/data\/wp\/v2\/categories?post=1809"},{"taxonomy":"post_tag","embeddable":true,"href":"https:\/\/aschaffenburgzweinull.stadtarchiv-digital.de\/data\/wp\/v2\/tags?post=1809"},{"taxonomy":"format","embeddable":true,"href":"https:\/\/aschaffenburgzweinull.stadtarchiv-digital.de\/data\/wp\/v2\/post-format?post=1809"},{"taxonomy":"content","embeddable":true,"href":"https:\/\/aschaffenburgzweinull.stadtarchiv-digital.de\/data\/wp\/v2\/post-content?post=1809"}],"curies":[{"name":"wp","href":"https:\/\/api.w.org\/{rel}","templated":true}]}}