{"id":1714,"date":"2021-03-08T11:32:46","date_gmt":"2021-03-08T10:32:46","guid":{"rendered":"https:\/\/aschaffenburgzweinull.stadtarchiv-digital.de\/?p=1714"},"modified":"2022-01-19T22:17:09","modified_gmt":"2022-01-19T21:17:09","slug":"vor-120-jahren-leider-wird-nach-aschaffenburg-eingemeindet","status":"publish","type":"post","link":"https:\/\/aschaffenburgzweinull.stadtarchiv-digital.de\/vor-120-jahren-leider-wird-nach-aschaffenburg-eingemeindet\/","title":{"rendered":"Vor 120 Jahren &#8211; Leider wird nach Aschaffenburg eingemeindet"},"content":{"rendered":"<p>Am 1. M\u00e4rz 1901 \u2013 also vor 120 Jahren \u2013 wurde die Gemeinde Leider zur Stadt Aschaffenburg eingemeindet. Wie kam es dazu, dass die Gemeinde Leider freiwillig ihre Selbstst\u00e4ndigkeit aufgab? Antwort: Sowohl die 600 Einwohner starke Gemeinde Leider als auch die 18.000 Einwohner z\u00e4hlende Stadt Aschaffenburg versprachen sich Vorteile davon.<\/p>\n<p>Der damalige B\u00fcrgermeister von Aschaffenburg, Friedrich von Medicus (Amtszeit: 1877-1904), wollte die Mainkanalisierung vorantreiben. Dazu waren Hafenanlagen auf Leiderer Gebiet geplant \u2013 wo sich heute auch der Staatshafen befindet. Au\u00dferdem versprach sich Aschaffenburg wirtschaftliche Impulse und die St\u00e4rkung der Steuerkraft. Die Leiderer erhofften sich im Gegenzug einen Anteil am industriellen Aufschwung. Bisher war die stark landwirtschaftlich gepr\u00e4gte Gemeinde vor allem durch ihre Milch-, Obst- und Gem\u00fcseh\u00e4ndler in der Stadt bekannt.<\/p>\n<p>Der Eingemeindung gingen nat\u00fcrlich viele Wirtshausversammlungen, Stammtischdiskussionen und Beratungen des Gemeindeausschusses voraus. So konnte sich Leider einige Reservatrechte sichern, zum Beispiel, dass die Leiderer zehn Jahre vom Schlachtzwang im st\u00e4dtischen Schlachthaus ausgenommen waren, dass der Fr\u00fchgottesdienst in der Leiderer Kirche beibehalten wurde, oder dass die Leiderer Stra\u00dfen ausgebaut wurden, ohne die Anlieger mit Ausbaubeitr\u00e4gen zu belasten.<\/p>\n<p>Am 1. Juli 1900 stimmte eine B\u00fcrgerversammlung in Leider einstimmig f\u00fcr den Anschluss zur Stadt Aschaffenburg. Der Aschaffenburger Stadtmagistrat beschloss am 20. Juli 1900, dass Leider von Aschaffenburg \u201eeinverleibt\u201c werde. Urspr\u00fcnglich war als Beitrittstermin der 1. Januar 1901 vorgesehen, allerdings kam die Genehmigung des K\u00f6niglich Bayerischen Innenministeriums erst am 15. Februar 1901 aus M\u00fcnchen. So kam es, dass Leider erst am 1. M\u00e4rz 1901 zur Stadt Aschaffenburg eingemeindet wurde.<\/p>\n<p>Kurz vor der Eingemeindung fasste der Gemeindeausschuss Leider am 25. Februar 1901 noch zwei Beschl\u00fcsse:<\/p>\n<p>1. Es wurden acht Hektoliter Freibier an die hiesige B\u00fcrgerschaft verteilt und die Schuljugend bekam \u201eFestwecken\u201c.<\/p>\n<p>2. Die Mitglieder der nach M\u00fcnchen entsandten Delegation erhielten Ersatz f\u00fcr ihre Auslagen.<\/p>\n<p>Sowohl f\u00fcr die Gemeinde Leider als auch f\u00fcr die Stadt Aschaffenburg war die Eingemeindung ein Gewinn. Der Hafen beispielsweise konnte schlie\u00dflich 1921 der \u00d6ffentlichkeit \u00fcbergeben werden und ist auch 100 Jahre nach der Er\u00f6ffnung ein bedeutender Wirtschaftsfaktor f\u00fcr Aschaffenburg.<\/p>\n<p>Unser Foto zeigt die sportliche Familie Heeg aus Leider, elf Jahre nach der Eingemeindung. In der Mitte die Eltern Georg Heeg, geboren 1858, seine zweite Ehefrau Eva, geboren 1871, und die Kinder Joseph Theodor Fischer, Albert Heeg, Rosa Heeg und Karl Heeg.<\/p>\n<p><u>Quellen:<\/u><\/p>\n<p>Stadt- und Stiftsarchiv Aschaffenburg (Hrsg.): Fotoband &#8222;Leben in Leider. Portrait eines Stadtteils&#8220;, Aschaffenburg 1995, Kapitel \u201eEingemeindung\u201c nach Foto Nr. 157.<\/p>\n<p>Zeitungsartikel: Stadt- und Stiftsarchiv Aschaffenburg, Beobachter am Main 1901, Nr. 53, 2. M\u00e4rz, S. 2;\u00a0<a href=\"https:\/\/aschaffenburgzweinull.stadtarchiv-digital.de\/wp-content\/uploads\/2021\/03\/2021-006-Eingemeindung-Leider-BaM-1901-Nr.-59-2.-Maerz-Seite-2.pdf\">https:\/\/aschaffenburgzweinull.stadtarchiv-digital.de\/wp-content\/uploads\/2021\/03\/2021-006-Eingemeindung-Leider-BaM-1901-Nr.-59-2.-Maerz-Seite-2.pdf<\/a><\/p>\n<p>Foto Familie Heeg, in: Stadt- und Stiftsarchiv Aschaffenburg (Hrsg.): Fotoband &#8222;Leben in Leider. Portrait eines Stadtteils&#8220;, Aschaffenburg 1995, Nr. 70.<\/p>\n","protected":false},"excerpt":{"rendered":"<p>Am 1. M\u00e4rz 1901 \u2013 also vor 120 Jahren \u2013 wurde die Gemeinde Leider zur Stadt Aschaffenburg eingemeindet. Wie kam es dazu, dass die Gemeinde Leider freiwillig ihre Selbstst\u00e4ndigkeit aufgab? [&hellip;]<\/p>\n","protected":false},"author":40,"featured_media":0,"comment_status":"open","ping_status":"open","sticky":false,"template":"","format":"standard","meta":{"_acf_changed":false,"footnotes":""},"categories":[38],"tags":[232,180],"post-format":[2],"post-content":[67,3],"class_list":["post-1714","post","type-post","status-publish","format-standard","hentry","category-geschichte","tag-eingemeindung","tag-leider","format-information","content-text","content-image","project-stadtarchiv"],"acf":[],"yoast_head":"<!-- This site is optimized with the Yoast SEO plugin v27.4 - https:\/\/yoast.com\/product\/yoast-seo-wordpress\/ -->\n<title>Vor 120 Jahren - Leider wird nach Aschaffenburg eingemeindet - Aschaffenburg<\/title>\n<meta name=\"robots\" content=\"index, follow, max-snippet:-1, max-image-preview:large, max-video-preview:-1\" \/>\n<link rel=\"canonical\" href=\"https:\/\/aschaffenburgzweinull.stadtarchiv-digital.de\/vor-120-jahren-leider-wird-nach-aschaffenburg-eingemeindet\/\" \/>\n<meta property=\"og:locale\" content=\"de_DE\" \/>\n<meta property=\"og:type\" content=\"article\" \/>\n<meta property=\"og:title\" content=\"Vor 120 Jahren - Leider wird nach Aschaffenburg eingemeindet - Aschaffenburg\" \/>\n<meta property=\"og:description\" content=\"Am 1. M\u00e4rz 1901 \u2013 also vor 120 Jahren \u2013 wurde die Gemeinde Leider zur Stadt Aschaffenburg eingemeindet. Wie kam es dazu, dass die Gemeinde Leider freiwillig ihre Selbstst\u00e4ndigkeit aufgab? [&hellip;]\" \/>\n<meta property=\"og:url\" content=\"https:\/\/aschaffenburgzweinull.stadtarchiv-digital.de\/vor-120-jahren-leider-wird-nach-aschaffenburg-eingemeindet\/\" \/>\n<meta property=\"og:site_name\" content=\"Aschaffenburg\" \/>\n<meta property=\"article:published_time\" content=\"2021-03-08T10:32:46+00:00\" \/>\n<meta property=\"article:modified_time\" content=\"2022-01-19T21:17:09+00:00\" \/>\n<meta property=\"og:image\" content=\"https:\/\/aschaffenburgzweinull.stadtarchiv-digital.de\/wp-content\/uploads\/2020\/07\/Logo-Stadtarchiv-Aschaffenburg.png\" \/>\n\t<meta property=\"og:image:width\" content=\"379\" \/>\n\t<meta property=\"og:image:height\" content=\"70\" \/>\n\t<meta property=\"og:image:type\" content=\"image\/png\" \/>\n<meta name=\"author\" content=\"KlotzMatthias\" \/>\n<meta name=\"twitter:card\" content=\"summary_large_image\" \/>\n<meta name=\"twitter:label1\" content=\"Verfasst von\" \/>\n\t<meta name=\"twitter:data1\" content=\"KlotzMatthias\" \/>\n\t<meta name=\"twitter:label2\" content=\"Gesch\u00e4tzte Lesezeit\" \/>\n\t<meta name=\"twitter:data2\" content=\"2\u00a0Minuten\" \/>\n<script type=\"application\/ld+json\" class=\"yoast-schema-graph\">{\"@context\":\"https:\\\/\\\/schema.org\",\"@graph\":[{\"@type\":\"Article\",\"@id\":\"https:\\\/\\\/aschaffenburgzweinull.stadtarchiv-digital.de\\\/vor-120-jahren-leider-wird-nach-aschaffenburg-eingemeindet\\\/#article\",\"isPartOf\":{\"@id\":\"https:\\\/\\\/aschaffenburgzweinull.stadtarchiv-digital.de\\\/vor-120-jahren-leider-wird-nach-aschaffenburg-eingemeindet\\\/\"},\"author\":{\"name\":\"KlotzMatthias\",\"@id\":\"https:\\\/\\\/aschaffenburgzweinull.stadtarchiv-digital.de\\\/#\\\/schema\\\/person\\\/8672a8c8425105971cb82cbbe0df75eb\"},\"headline\":\"Vor 120 Jahren &#8211; Leider wird nach Aschaffenburg eingemeindet\",\"datePublished\":\"2021-03-08T10:32:46+00:00\",\"dateModified\":\"2022-01-19T21:17:09+00:00\",\"mainEntityOfPage\":{\"@id\":\"https:\\\/\\\/aschaffenburgzweinull.stadtarchiv-digital.de\\\/vor-120-jahren-leider-wird-nach-aschaffenburg-eingemeindet\\\/\"},\"wordCount\":443,\"commentCount\":2,\"keywords\":[\"Eingemeindung\",\"Leider\"],\"articleSection\":[\"Geschichte\"],\"inLanguage\":\"de\",\"potentialAction\":[{\"@type\":\"CommentAction\",\"name\":\"Comment\",\"target\":[\"https:\\\/\\\/aschaffenburgzweinull.stadtarchiv-digital.de\\\/vor-120-jahren-leider-wird-nach-aschaffenburg-eingemeindet\\\/#respond\"]}]},{\"@type\":\"WebPage\",\"@id\":\"https:\\\/\\\/aschaffenburgzweinull.stadtarchiv-digital.de\\\/vor-120-jahren-leider-wird-nach-aschaffenburg-eingemeindet\\\/\",\"url\":\"https:\\\/\\\/aschaffenburgzweinull.stadtarchiv-digital.de\\\/vor-120-jahren-leider-wird-nach-aschaffenburg-eingemeindet\\\/\",\"name\":\"Vor 120 Jahren - Leider wird nach Aschaffenburg eingemeindet - Aschaffenburg\",\"isPartOf\":{\"@id\":\"https:\\\/\\\/aschaffenburgzweinull.stadtarchiv-digital.de\\\/#website\"},\"datePublished\":\"2021-03-08T10:32:46+00:00\",\"dateModified\":\"2022-01-19T21:17:09+00:00\",\"author\":{\"@id\":\"https:\\\/\\\/aschaffenburgzweinull.stadtarchiv-digital.de\\\/#\\\/schema\\\/person\\\/8672a8c8425105971cb82cbbe0df75eb\"},\"breadcrumb\":{\"@id\":\"https:\\\/\\\/aschaffenburgzweinull.stadtarchiv-digital.de\\\/vor-120-jahren-leider-wird-nach-aschaffenburg-eingemeindet\\\/#breadcrumb\"},\"inLanguage\":\"de\",\"potentialAction\":[{\"@type\":\"ReadAction\",\"target\":[\"https:\\\/\\\/aschaffenburgzweinull.stadtarchiv-digital.de\\\/vor-120-jahren-leider-wird-nach-aschaffenburg-eingemeindet\\\/\"]}]},{\"@type\":\"BreadcrumbList\",\"@id\":\"https:\\\/\\\/aschaffenburgzweinull.stadtarchiv-digital.de\\\/vor-120-jahren-leider-wird-nach-aschaffenburg-eingemeindet\\\/#breadcrumb\",\"itemListElement\":[{\"@type\":\"ListItem\",\"position\":1,\"name\":\"Startseite\",\"item\":\"https:\\\/\\\/aschaffenburgzweinull.stadtarchiv-digital.de\\\/\"},{\"@type\":\"ListItem\",\"position\":2,\"name\":\"Vor 120 Jahren &#8211; Leider wird nach Aschaffenburg eingemeindet\"}]},{\"@type\":\"WebSite\",\"@id\":\"https:\\\/\\\/aschaffenburgzweinull.stadtarchiv-digital.de\\\/#website\",\"url\":\"https:\\\/\\\/aschaffenburgzweinull.stadtarchiv-digital.de\\\/\",\"name\":\"Aschaffenburg\",\"description\":\"2.0\",\"potentialAction\":[{\"@type\":\"SearchAction\",\"target\":{\"@type\":\"EntryPoint\",\"urlTemplate\":\"https:\\\/\\\/aschaffenburgzweinull.stadtarchiv-digital.de\\\/?s={search_term_string}\"},\"query-input\":{\"@type\":\"PropertyValueSpecification\",\"valueRequired\":true,\"valueName\":\"search_term_string\"}}],\"inLanguage\":\"de\"},{\"@type\":\"Person\",\"@id\":\"https:\\\/\\\/aschaffenburgzweinull.stadtarchiv-digital.de\\\/#\\\/schema\\\/person\\\/8672a8c8425105971cb82cbbe0df75eb\",\"name\":\"KlotzMatthias\",\"url\":\"https:\\\/\\\/aschaffenburgzweinull.stadtarchiv-digital.de\\\/author\\\/klotzmatthias\\\/\"}]}<\/script>\n<!-- \/ Yoast SEO plugin. -->","yoast_head_json":{"title":"Vor 120 Jahren - Leider wird nach Aschaffenburg eingemeindet - Aschaffenburg","robots":{"index":"index","follow":"follow","max-snippet":"max-snippet:-1","max-image-preview":"max-image-preview:large","max-video-preview":"max-video-preview:-1"},"canonical":"https:\/\/aschaffenburgzweinull.stadtarchiv-digital.de\/vor-120-jahren-leider-wird-nach-aschaffenburg-eingemeindet\/","og_locale":"de_DE","og_type":"article","og_title":"Vor 120 Jahren - Leider wird nach Aschaffenburg eingemeindet - Aschaffenburg","og_description":"Am 1. M\u00e4rz 1901 \u2013 also vor 120 Jahren \u2013 wurde die Gemeinde Leider zur Stadt Aschaffenburg eingemeindet. Wie kam es dazu, dass die Gemeinde Leider freiwillig ihre Selbstst\u00e4ndigkeit aufgab? [&hellip;]","og_url":"https:\/\/aschaffenburgzweinull.stadtarchiv-digital.de\/vor-120-jahren-leider-wird-nach-aschaffenburg-eingemeindet\/","og_site_name":"Aschaffenburg","article_published_time":"2021-03-08T10:32:46+00:00","article_modified_time":"2022-01-19T21:17:09+00:00","og_image":[{"width":379,"height":70,"url":"https:\/\/aschaffenburgzweinull.stadtarchiv-digital.de\/wp-content\/uploads\/2020\/07\/Logo-Stadtarchiv-Aschaffenburg.png","type":"image\/png"}],"author":"KlotzMatthias","twitter_card":"summary_large_image","twitter_misc":{"Verfasst von":"KlotzMatthias","Gesch\u00e4tzte Lesezeit":"2\u00a0Minuten"},"schema":{"@context":"https:\/\/schema.org","@graph":[{"@type":"Article","@id":"https:\/\/aschaffenburgzweinull.stadtarchiv-digital.de\/vor-120-jahren-leider-wird-nach-aschaffenburg-eingemeindet\/#article","isPartOf":{"@id":"https:\/\/aschaffenburgzweinull.stadtarchiv-digital.de\/vor-120-jahren-leider-wird-nach-aschaffenburg-eingemeindet\/"},"author":{"name":"KlotzMatthias","@id":"https:\/\/aschaffenburgzweinull.stadtarchiv-digital.de\/#\/schema\/person\/8672a8c8425105971cb82cbbe0df75eb"},"headline":"Vor 120 Jahren &#8211; Leider wird nach Aschaffenburg eingemeindet","datePublished":"2021-03-08T10:32:46+00:00","dateModified":"2022-01-19T21:17:09+00:00","mainEntityOfPage":{"@id":"https:\/\/aschaffenburgzweinull.stadtarchiv-digital.de\/vor-120-jahren-leider-wird-nach-aschaffenburg-eingemeindet\/"},"wordCount":443,"commentCount":2,"keywords":["Eingemeindung","Leider"],"articleSection":["Geschichte"],"inLanguage":"de","potentialAction":[{"@type":"CommentAction","name":"Comment","target":["https:\/\/aschaffenburgzweinull.stadtarchiv-digital.de\/vor-120-jahren-leider-wird-nach-aschaffenburg-eingemeindet\/#respond"]}]},{"@type":"WebPage","@id":"https:\/\/aschaffenburgzweinull.stadtarchiv-digital.de\/vor-120-jahren-leider-wird-nach-aschaffenburg-eingemeindet\/","url":"https:\/\/aschaffenburgzweinull.stadtarchiv-digital.de\/vor-120-jahren-leider-wird-nach-aschaffenburg-eingemeindet\/","name":"Vor 120 Jahren - Leider wird nach Aschaffenburg eingemeindet - Aschaffenburg","isPartOf":{"@id":"https:\/\/aschaffenburgzweinull.stadtarchiv-digital.de\/#website"},"datePublished":"2021-03-08T10:32:46+00:00","dateModified":"2022-01-19T21:17:09+00:00","author":{"@id":"https:\/\/aschaffenburgzweinull.stadtarchiv-digital.de\/#\/schema\/person\/8672a8c8425105971cb82cbbe0df75eb"},"breadcrumb":{"@id":"https:\/\/aschaffenburgzweinull.stadtarchiv-digital.de\/vor-120-jahren-leider-wird-nach-aschaffenburg-eingemeindet\/#breadcrumb"},"inLanguage":"de","potentialAction":[{"@type":"ReadAction","target":["https:\/\/aschaffenburgzweinull.stadtarchiv-digital.de\/vor-120-jahren-leider-wird-nach-aschaffenburg-eingemeindet\/"]}]},{"@type":"BreadcrumbList","@id":"https:\/\/aschaffenburgzweinull.stadtarchiv-digital.de\/vor-120-jahren-leider-wird-nach-aschaffenburg-eingemeindet\/#breadcrumb","itemListElement":[{"@type":"ListItem","position":1,"name":"Startseite","item":"https:\/\/aschaffenburgzweinull.stadtarchiv-digital.de\/"},{"@type":"ListItem","position":2,"name":"Vor 120 Jahren &#8211; Leider wird nach Aschaffenburg eingemeindet"}]},{"@type":"WebSite","@id":"https:\/\/aschaffenburgzweinull.stadtarchiv-digital.de\/#website","url":"https:\/\/aschaffenburgzweinull.stadtarchiv-digital.de\/","name":"Aschaffenburg","description":"2.0","potentialAction":[{"@type":"SearchAction","target":{"@type":"EntryPoint","urlTemplate":"https:\/\/aschaffenburgzweinull.stadtarchiv-digital.de\/?s={search_term_string}"},"query-input":{"@type":"PropertyValueSpecification","valueRequired":true,"valueName":"search_term_string"}}],"inLanguage":"de"},{"@type":"Person","@id":"https:\/\/aschaffenburgzweinull.stadtarchiv-digital.de\/#\/schema\/person\/8672a8c8425105971cb82cbbe0df75eb","name":"KlotzMatthias","url":"https:\/\/aschaffenburgzweinull.stadtarchiv-digital.de\/author\/klotzmatthias\/"}]}},"_links":{"self":[{"href":"https:\/\/aschaffenburgzweinull.stadtarchiv-digital.de\/data\/wp\/v2\/posts\/1714","targetHints":{"allow":["GET"]}}],"collection":[{"href":"https:\/\/aschaffenburgzweinull.stadtarchiv-digital.de\/data\/wp\/v2\/posts"}],"about":[{"href":"https:\/\/aschaffenburgzweinull.stadtarchiv-digital.de\/data\/wp\/v2\/types\/post"}],"author":[{"embeddable":true,"href":"https:\/\/aschaffenburgzweinull.stadtarchiv-digital.de\/data\/wp\/v2\/users\/40"}],"replies":[{"embeddable":true,"href":"https:\/\/aschaffenburgzweinull.stadtarchiv-digital.de\/data\/wp\/v2\/comments?post=1714"}],"version-history":[{"count":9,"href":"https:\/\/aschaffenburgzweinull.stadtarchiv-digital.de\/data\/wp\/v2\/posts\/1714\/revisions"}],"predecessor-version":[{"id":1731,"href":"https:\/\/aschaffenburgzweinull.stadtarchiv-digital.de\/data\/wp\/v2\/posts\/1714\/revisions\/1731"}],"wp:attachment":[{"href":"https:\/\/aschaffenburgzweinull.stadtarchiv-digital.de\/data\/wp\/v2\/media?parent=1714"}],"wp:term":[{"taxonomy":"category","embeddable":true,"href":"https:\/\/aschaffenburgzweinull.stadtarchiv-digital.de\/data\/wp\/v2\/categories?post=1714"},{"taxonomy":"post_tag","embeddable":true,"href":"https:\/\/aschaffenburgzweinull.stadtarchiv-digital.de\/data\/wp\/v2\/tags?post=1714"},{"taxonomy":"format","embeddable":true,"href":"https:\/\/aschaffenburgzweinull.stadtarchiv-digital.de\/data\/wp\/v2\/post-format?post=1714"},{"taxonomy":"content","embeddable":true,"href":"https:\/\/aschaffenburgzweinull.stadtarchiv-digital.de\/data\/wp\/v2\/post-content?post=1714"}],"curies":[{"name":"wp","href":"https:\/\/api.w.org\/{rel}","templated":true}]}}