{"id":1517,"date":"2021-02-02T09:44:50","date_gmt":"2021-02-02T08:44:50","guid":{"rendered":"https:\/\/aschaffenburgzweinull.stadtarchiv-digital.de\/?p=1517"},"modified":"2022-01-19T22:17:10","modified_gmt":"2022-01-19T21:17:10","slug":"franz-josef-feller-1827-1831","status":"publish","type":"post","link":"https:\/\/aschaffenburgzweinull.stadtarchiv-digital.de\/franz-josef-feller-1827-1831\/","title":{"rendered":"Franz Josef Feller (1827-1831)"},"content":{"rendered":"<p>Im Fr\u00fchsommer 1827 \u00fcbernahm Franz Josef Feller das Amt des B\u00fcrgermeisters in Aschaffenburg. Sein Vorg\u00e4nger (und Nachfolger) war <a href=\"https:\/\/aschaffenburgzweinull.stadtarchiv-digital.de\/gottlieb-leo-1824-1827-und-1831-1835\/\">Gottlieb Leo<\/a>.<\/p>\n<p>Franz Josef Feller wurde am 6. April 1773 in Aschaffenburg geboren. Obwohl er ein gelernter Kaufmann war, war er als Protokollschreiber am Kreis- und Stadtgericht t\u00e4tig. Er war sehr engagiert in der Schulpolitik. Wegen Steuerhinterziehung wurde Franz Josef Feller allerdings von seinem Amt als B\u00fcrgermeister fr\u00fchzeitig suspendiert. Nach kurzer Zeit zog er sich aus dem \u00f6ffentlichen Leben zur\u00fcck. 1831 wurde Gottlieb Leo wieder als B\u00fcrgermeister von Aschaffenburg gew\u00e4hlt.<\/p>\n<p>Franz Josef Feller war von 1822 bis 1831 Eigent\u00fcmer des Hauses in der Pfaffengasse 16.<sup>1<\/sup>\u00a0Er starb am 2. September 1834 im Alter von 61 Jahren an &#8222;Lungenschwindsucht&#8220;.<\/p>\n<p><u>Seine Leistungen f\u00fcr die Stadt (Beispiele):<\/u><\/p>\n<ul>\n<li>1830: der protestantischen Gemeinde in Aschaffenburg wurde erm\u00f6glicht, den ehemaligen Scholasteriehof \u201eZum Schelmen\u201c aufzukaufen. Die Protestanten bekamen jetzt einen Platz f\u00fcr ihre Gottesdienste. In den Jahren 1837-1839 entstand hier die Christuskirche.<\/li>\n<li>Ausbau des st\u00e4dtischen Wasserleitungsnetzes.<\/li>\n<\/ul>\n<p><sup>1 <\/sup><em>Quelle: Aschaffenburger H\u00e4userbuch II. Altstadt zwischen Dalbergstra\u00dfe und Schlo\u00df, Mainufer \u2013 Mainbr\u00fccke \u2013 L\u00f6hrerstra\u00dfe, von Alois Grimm, Band 34, S. 158, Aschaffenburg 1991, (Ver\u00f6ffentlichungen des Geschichts- und Kunstvereins Aschaffenburg e.V.).<\/em><\/p>\n<p><em>\u00a0<\/em><em>Quelle: Stadtoberh\u00e4upter. B\u00fcrgermeister und Oberb\u00fcrgermeister in Aschaffenburg, von Carsten Pollnick \/ Susanne von Mach, S. 27-29, Aschaffenburg 2020, Stadt- und Stiftsarchiv.<\/em><\/p>\n<p>&nbsp;<\/p>\n","protected":false},"excerpt":{"rendered":"<p>Im Fr\u00fchsommer 1827 \u00fcbernahm Franz Josef Feller das Amt des B\u00fcrgermeisters in Aschaffenburg. Sein Vorg\u00e4nger (und Nachfolger) war Gottlieb Leo. Franz Josef Feller wurde am 6. April 1773 in Aschaffenburg [&hellip;]<\/p>\n","protected":false},"author":77,"featured_media":0,"comment_status":"open","ping_status":"open","sticky":false,"template":"","format":"standard","meta":{"_acf_changed":false,"footnotes":""},"categories":[1,38],"tags":[170,172,209],"post-format":[2],"post-content":[3,67],"class_list":["post-1517","post","type-post","status-publish","format-standard","hentry","category-bildung","category-geschichte","tag-buergermeister","tag-stadtoberhaupt","tag-franz-josef-feller","format-information","content-image","content-text","project-stadtarchiv"],"acf":[],"yoast_head":"<!-- This site is optimized with the Yoast SEO plugin v27.4 - https:\/\/yoast.com\/product\/yoast-seo-wordpress\/ -->\n<title>Franz Josef Feller (1827-1831) - Aschaffenburg<\/title>\n<meta name=\"robots\" content=\"index, follow, max-snippet:-1, max-image-preview:large, max-video-preview:-1\" \/>\n<link rel=\"canonical\" href=\"https:\/\/aschaffenburgzweinull.stadtarchiv-digital.de\/franz-josef-feller-1827-1831\/\" \/>\n<meta property=\"og:locale\" content=\"de_DE\" \/>\n<meta property=\"og:type\" content=\"article\" \/>\n<meta property=\"og:title\" content=\"Franz Josef Feller (1827-1831) - Aschaffenburg\" \/>\n<meta property=\"og:description\" content=\"Im Fr\u00fchsommer 1827 \u00fcbernahm Franz Josef Feller das Amt des B\u00fcrgermeisters in Aschaffenburg. Sein Vorg\u00e4nger (und Nachfolger) war Gottlieb Leo. Franz Josef Feller wurde am 6. April 1773 in Aschaffenburg [&hellip;]\" \/>\n<meta property=\"og:url\" content=\"https:\/\/aschaffenburgzweinull.stadtarchiv-digital.de\/franz-josef-feller-1827-1831\/\" \/>\n<meta property=\"og:site_name\" content=\"Aschaffenburg\" \/>\n<meta property=\"article:published_time\" content=\"2021-02-02T08:44:50+00:00\" \/>\n<meta property=\"article:modified_time\" content=\"2022-01-19T21:17:10+00:00\" \/>\n<meta property=\"og:image\" content=\"https:\/\/aschaffenburgzweinull.stadtarchiv-digital.de\/wp-content\/uploads\/2020\/07\/Logo-Stadtarchiv-Aschaffenburg.png\" \/>\n\t<meta property=\"og:image:width\" content=\"379\" \/>\n\t<meta property=\"og:image:height\" content=\"70\" \/>\n\t<meta property=\"og:image:type\" content=\"image\/png\" \/>\n<meta name=\"author\" content=\"Justyna Baumgart\" \/>\n<meta name=\"twitter:card\" content=\"summary_large_image\" \/>\n<meta name=\"twitter:label1\" content=\"Verfasst von\" \/>\n\t<meta name=\"twitter:data1\" content=\"Justyna Baumgart\" \/>\n\t<meta name=\"twitter:label2\" content=\"Gesch\u00e4tzte Lesezeit\" \/>\n\t<meta name=\"twitter:data2\" content=\"1\u00a0Minute\" \/>\n<script type=\"application\/ld+json\" class=\"yoast-schema-graph\">{\"@context\":\"https:\\\/\\\/schema.org\",\"@graph\":[{\"@type\":\"Article\",\"@id\":\"https:\\\/\\\/aschaffenburgzweinull.stadtarchiv-digital.de\\\/franz-josef-feller-1827-1831\\\/#article\",\"isPartOf\":{\"@id\":\"https:\\\/\\\/aschaffenburgzweinull.stadtarchiv-digital.de\\\/franz-josef-feller-1827-1831\\\/\"},\"author\":{\"name\":\"Justyna Baumgart\",\"@id\":\"https:\\\/\\\/aschaffenburgzweinull.stadtarchiv-digital.de\\\/#\\\/schema\\\/person\\\/06045c3a3338d9a193265d8f7be62cc7\"},\"headline\":\"Franz Josef Feller (1827-1831)\",\"datePublished\":\"2021-02-02T08:44:50+00:00\",\"dateModified\":\"2022-01-19T21:17:10+00:00\",\"mainEntityOfPage\":{\"@id\":\"https:\\\/\\\/aschaffenburgzweinull.stadtarchiv-digital.de\\\/franz-josef-feller-1827-1831\\\/\"},\"wordCount\":219,\"commentCount\":0,\"keywords\":[\"B\u00fcrgermeister\",\"Stadtoberhaupt\",\"Franz Josef Feller\"],\"articleSection\":[\"Bildung\",\"Geschichte\"],\"inLanguage\":\"de\",\"potentialAction\":[{\"@type\":\"CommentAction\",\"name\":\"Comment\",\"target\":[\"https:\\\/\\\/aschaffenburgzweinull.stadtarchiv-digital.de\\\/franz-josef-feller-1827-1831\\\/#respond\"]}]},{\"@type\":\"WebPage\",\"@id\":\"https:\\\/\\\/aschaffenburgzweinull.stadtarchiv-digital.de\\\/franz-josef-feller-1827-1831\\\/\",\"url\":\"https:\\\/\\\/aschaffenburgzweinull.stadtarchiv-digital.de\\\/franz-josef-feller-1827-1831\\\/\",\"name\":\"Franz Josef Feller (1827-1831) - Aschaffenburg\",\"isPartOf\":{\"@id\":\"https:\\\/\\\/aschaffenburgzweinull.stadtarchiv-digital.de\\\/#website\"},\"datePublished\":\"2021-02-02T08:44:50+00:00\",\"dateModified\":\"2022-01-19T21:17:10+00:00\",\"author\":{\"@id\":\"https:\\\/\\\/aschaffenburgzweinull.stadtarchiv-digital.de\\\/#\\\/schema\\\/person\\\/06045c3a3338d9a193265d8f7be62cc7\"},\"breadcrumb\":{\"@id\":\"https:\\\/\\\/aschaffenburgzweinull.stadtarchiv-digital.de\\\/franz-josef-feller-1827-1831\\\/#breadcrumb\"},\"inLanguage\":\"de\",\"potentialAction\":[{\"@type\":\"ReadAction\",\"target\":[\"https:\\\/\\\/aschaffenburgzweinull.stadtarchiv-digital.de\\\/franz-josef-feller-1827-1831\\\/\"]}]},{\"@type\":\"BreadcrumbList\",\"@id\":\"https:\\\/\\\/aschaffenburgzweinull.stadtarchiv-digital.de\\\/franz-josef-feller-1827-1831\\\/#breadcrumb\",\"itemListElement\":[{\"@type\":\"ListItem\",\"position\":1,\"name\":\"Startseite\",\"item\":\"https:\\\/\\\/aschaffenburgzweinull.stadtarchiv-digital.de\\\/\"},{\"@type\":\"ListItem\",\"position\":2,\"name\":\"Franz Josef Feller (1827-1831)\"}]},{\"@type\":\"WebSite\",\"@id\":\"https:\\\/\\\/aschaffenburgzweinull.stadtarchiv-digital.de\\\/#website\",\"url\":\"https:\\\/\\\/aschaffenburgzweinull.stadtarchiv-digital.de\\\/\",\"name\":\"Aschaffenburg\",\"description\":\"2.0\",\"potentialAction\":[{\"@type\":\"SearchAction\",\"target\":{\"@type\":\"EntryPoint\",\"urlTemplate\":\"https:\\\/\\\/aschaffenburgzweinull.stadtarchiv-digital.de\\\/?s={search_term_string}\"},\"query-input\":{\"@type\":\"PropertyValueSpecification\",\"valueRequired\":true,\"valueName\":\"search_term_string\"}}],\"inLanguage\":\"de\"},{\"@type\":\"Person\",\"@id\":\"https:\\\/\\\/aschaffenburgzweinull.stadtarchiv-digital.de\\\/#\\\/schema\\\/person\\\/06045c3a3338d9a193265d8f7be62cc7\",\"name\":\"Justyna Baumgart\",\"url\":\"https:\\\/\\\/aschaffenburgzweinull.stadtarchiv-digital.de\\\/author\\\/justyna-baumgart\\\/\"}]}<\/script>\n<!-- \/ Yoast SEO plugin. -->","yoast_head_json":{"title":"Franz Josef Feller (1827-1831) - Aschaffenburg","robots":{"index":"index","follow":"follow","max-snippet":"max-snippet:-1","max-image-preview":"max-image-preview:large","max-video-preview":"max-video-preview:-1"},"canonical":"https:\/\/aschaffenburgzweinull.stadtarchiv-digital.de\/franz-josef-feller-1827-1831\/","og_locale":"de_DE","og_type":"article","og_title":"Franz Josef Feller (1827-1831) - Aschaffenburg","og_description":"Im Fr\u00fchsommer 1827 \u00fcbernahm Franz Josef Feller das Amt des B\u00fcrgermeisters in Aschaffenburg. Sein Vorg\u00e4nger (und Nachfolger) war Gottlieb Leo. Franz Josef Feller wurde am 6. April 1773 in Aschaffenburg [&hellip;]","og_url":"https:\/\/aschaffenburgzweinull.stadtarchiv-digital.de\/franz-josef-feller-1827-1831\/","og_site_name":"Aschaffenburg","article_published_time":"2021-02-02T08:44:50+00:00","article_modified_time":"2022-01-19T21:17:10+00:00","og_image":[{"width":379,"height":70,"url":"https:\/\/aschaffenburgzweinull.stadtarchiv-digital.de\/wp-content\/uploads\/2020\/07\/Logo-Stadtarchiv-Aschaffenburg.png","type":"image\/png"}],"author":"Justyna Baumgart","twitter_card":"summary_large_image","twitter_misc":{"Verfasst von":"Justyna Baumgart","Gesch\u00e4tzte Lesezeit":"1\u00a0Minute"},"schema":{"@context":"https:\/\/schema.org","@graph":[{"@type":"Article","@id":"https:\/\/aschaffenburgzweinull.stadtarchiv-digital.de\/franz-josef-feller-1827-1831\/#article","isPartOf":{"@id":"https:\/\/aschaffenburgzweinull.stadtarchiv-digital.de\/franz-josef-feller-1827-1831\/"},"author":{"name":"Justyna Baumgart","@id":"https:\/\/aschaffenburgzweinull.stadtarchiv-digital.de\/#\/schema\/person\/06045c3a3338d9a193265d8f7be62cc7"},"headline":"Franz Josef Feller (1827-1831)","datePublished":"2021-02-02T08:44:50+00:00","dateModified":"2022-01-19T21:17:10+00:00","mainEntityOfPage":{"@id":"https:\/\/aschaffenburgzweinull.stadtarchiv-digital.de\/franz-josef-feller-1827-1831\/"},"wordCount":219,"commentCount":0,"keywords":["B\u00fcrgermeister","Stadtoberhaupt","Franz Josef Feller"],"articleSection":["Bildung","Geschichte"],"inLanguage":"de","potentialAction":[{"@type":"CommentAction","name":"Comment","target":["https:\/\/aschaffenburgzweinull.stadtarchiv-digital.de\/franz-josef-feller-1827-1831\/#respond"]}]},{"@type":"WebPage","@id":"https:\/\/aschaffenburgzweinull.stadtarchiv-digital.de\/franz-josef-feller-1827-1831\/","url":"https:\/\/aschaffenburgzweinull.stadtarchiv-digital.de\/franz-josef-feller-1827-1831\/","name":"Franz Josef Feller (1827-1831) - Aschaffenburg","isPartOf":{"@id":"https:\/\/aschaffenburgzweinull.stadtarchiv-digital.de\/#website"},"datePublished":"2021-02-02T08:44:50+00:00","dateModified":"2022-01-19T21:17:10+00:00","author":{"@id":"https:\/\/aschaffenburgzweinull.stadtarchiv-digital.de\/#\/schema\/person\/06045c3a3338d9a193265d8f7be62cc7"},"breadcrumb":{"@id":"https:\/\/aschaffenburgzweinull.stadtarchiv-digital.de\/franz-josef-feller-1827-1831\/#breadcrumb"},"inLanguage":"de","potentialAction":[{"@type":"ReadAction","target":["https:\/\/aschaffenburgzweinull.stadtarchiv-digital.de\/franz-josef-feller-1827-1831\/"]}]},{"@type":"BreadcrumbList","@id":"https:\/\/aschaffenburgzweinull.stadtarchiv-digital.de\/franz-josef-feller-1827-1831\/#breadcrumb","itemListElement":[{"@type":"ListItem","position":1,"name":"Startseite","item":"https:\/\/aschaffenburgzweinull.stadtarchiv-digital.de\/"},{"@type":"ListItem","position":2,"name":"Franz Josef Feller (1827-1831)"}]},{"@type":"WebSite","@id":"https:\/\/aschaffenburgzweinull.stadtarchiv-digital.de\/#website","url":"https:\/\/aschaffenburgzweinull.stadtarchiv-digital.de\/","name":"Aschaffenburg","description":"2.0","potentialAction":[{"@type":"SearchAction","target":{"@type":"EntryPoint","urlTemplate":"https:\/\/aschaffenburgzweinull.stadtarchiv-digital.de\/?s={search_term_string}"},"query-input":{"@type":"PropertyValueSpecification","valueRequired":true,"valueName":"search_term_string"}}],"inLanguage":"de"},{"@type":"Person","@id":"https:\/\/aschaffenburgzweinull.stadtarchiv-digital.de\/#\/schema\/person\/06045c3a3338d9a193265d8f7be62cc7","name":"Justyna Baumgart","url":"https:\/\/aschaffenburgzweinull.stadtarchiv-digital.de\/author\/justyna-baumgart\/"}]}},"_links":{"self":[{"href":"https:\/\/aschaffenburgzweinull.stadtarchiv-digital.de\/data\/wp\/v2\/posts\/1517","targetHints":{"allow":["GET"]}}],"collection":[{"href":"https:\/\/aschaffenburgzweinull.stadtarchiv-digital.de\/data\/wp\/v2\/posts"}],"about":[{"href":"https:\/\/aschaffenburgzweinull.stadtarchiv-digital.de\/data\/wp\/v2\/types\/post"}],"author":[{"embeddable":true,"href":"https:\/\/aschaffenburgzweinull.stadtarchiv-digital.de\/data\/wp\/v2\/users\/77"}],"replies":[{"embeddable":true,"href":"https:\/\/aschaffenburgzweinull.stadtarchiv-digital.de\/data\/wp\/v2\/comments?post=1517"}],"version-history":[{"count":11,"href":"https:\/\/aschaffenburgzweinull.stadtarchiv-digital.de\/data\/wp\/v2\/posts\/1517\/revisions"}],"predecessor-version":[{"id":3149,"href":"https:\/\/aschaffenburgzweinull.stadtarchiv-digital.de\/data\/wp\/v2\/posts\/1517\/revisions\/3149"}],"wp:attachment":[{"href":"https:\/\/aschaffenburgzweinull.stadtarchiv-digital.de\/data\/wp\/v2\/media?parent=1517"}],"wp:term":[{"taxonomy":"category","embeddable":true,"href":"https:\/\/aschaffenburgzweinull.stadtarchiv-digital.de\/data\/wp\/v2\/categories?post=1517"},{"taxonomy":"post_tag","embeddable":true,"href":"https:\/\/aschaffenburgzweinull.stadtarchiv-digital.de\/data\/wp\/v2\/tags?post=1517"},{"taxonomy":"format","embeddable":true,"href":"https:\/\/aschaffenburgzweinull.stadtarchiv-digital.de\/data\/wp\/v2\/post-format?post=1517"},{"taxonomy":"content","embeddable":true,"href":"https:\/\/aschaffenburgzweinull.stadtarchiv-digital.de\/data\/wp\/v2\/post-content?post=1517"}],"curies":[{"name":"wp","href":"https:\/\/api.w.org\/{rel}","templated":true}]}}