{"id":1502,"date":"2021-01-25T10:00:37","date_gmt":"2021-01-25T09:00:37","guid":{"rendered":"https:\/\/aschaffenburgzweinull.stadtarchiv-digital.de\/?p=1502"},"modified":"2022-03-22T12:15:45","modified_gmt":"2022-03-22T11:15:45","slug":"brunnen-in-aschaffenburg-8","status":"publish","type":"post","link":"https:\/\/aschaffenburgzweinull.stadtarchiv-digital.de\/brunnen-in-aschaffenburg-8\/","title":{"rendered":"Brunnen in Aschaffenburg (8) &#8211; M\u00f6wenbrunnen in Leider"},"content":{"rendered":"<p>Nachdem der<a href=\"https:\/\/aschaffenburgzweinull.stadtarchiv-digital.de\/brunnen-in-aschaffenburg-5\/\"> Leiderer Schwellkopp<\/a> 1994 auf den Friedrich-Krane-Platz umgesetzt worden war, wurde auf dem Lukasplatz, mitten im alten Ortskern von Leider, ein Jahr sp\u00e4ter ein neuer Brunnen aufgestellt.<br \/>\nNeun M\u00f6wen steigen in der Mitte einer Sandsteinschale auf und kreisen so um die meterhohe Font\u00e4ne, die aus dem Brunnen aufsteigt. Eine zehnte M\u00f6we sitzt am Brunnenrand und speit Wasser. Die M\u00f6wen sollen an den nahen Main erinnern, der im Winter oft Ausweichquartier zahlreicher Seev\u00f6gel ist.<\/p>\n<p>Geistiger Vater dieses Brunnens ist Gunter Ullrich. Sein Entwurf fand bei \u00fcber 20 eingereichten Entw\u00fcrfen die meiste Zustimmung bei einer Leiderer Interessengemeinschaft.<br \/>\nW\u00e4hrend die Sandsteinschale mit 1,80 m Durchmesser ein Werk der Aschaffenburger Steinmetzschule ist, wurden die M\u00f6wen in der Firma Grundh\u00f6fer in Niedernberg in Bronze gegossen. Von jeder einzelnen M\u00f6we fertigte Ullrich zun\u00e4chst ein Modell im Ma\u00dfstab 1:1 aus Ton an, bevor sie gegossen werden konnte. Jede M\u00f6we hat eine Spannweite von 50 bis 70 cm und wiegt bis zu 50 kg.<br \/>\nDie Patina, die zu Bronzeskulpturen geh\u00f6rt, haben Gunter Ullrich und Leiderer B\u00fcrger eigenh\u00e4ndig aufgetragen.<\/p>\n<p><em>Quelle: Main-Echo vom 5.9.1995<\/em><\/p>\n<p>&nbsp;<\/p>\n<p>Hier gibt es weitere Beitr\u00e4ge zu Brunnen in Aschaffenburg<\/p>\n<blockquote class=\"wp-embedded-content\" data-secret=\"hrMFiNqQgD\"><p><a href=\"https:\/\/aschaffenburgzweinull.stadtarchiv-digital.de\/brunnen-in-aschaffenburg-1\/\">Brunnen in Aschaffenburg  (1) &#8211; Die Zinsquetsche<\/a><\/p><\/blockquote>\n<p><iframe loading=\"lazy\" class=\"wp-embedded-content\" sandbox=\"allow-scripts\" security=\"restricted\" style=\"position: absolute; clip: rect(1px, 1px, 1px, 1px);\" title=\"&#8222;Brunnen in Aschaffenburg  (1) &#8211; Die Zinsquetsche&#8220; &#8212; Aschaffenburg\" src=\"https:\/\/aschaffenburgzweinull.stadtarchiv-digital.de\/brunnen-in-aschaffenburg-1\/embed\/#?secret=lPjixMoxQ0#?secret=hrMFiNqQgD\" data-secret=\"hrMFiNqQgD\" width=\"600\" height=\"338\" frameborder=\"0\" marginwidth=\"0\" marginheight=\"0\" scrolling=\"no\"><\/iframe><\/p>\n<blockquote class=\"wp-embedded-content\" data-secret=\"KtVFMGur4B\"><p><a href=\"https:\/\/aschaffenburgzweinull.stadtarchiv-digital.de\/brunnen-in-aschaffenburg-2\/\">Brunnen in Aschaffenburg (2) &#8211; Meinungsaustausch am Stadtgraben<\/a><\/p><\/blockquote>\n<p><iframe loading=\"lazy\" class=\"wp-embedded-content\" sandbox=\"allow-scripts\" security=\"restricted\" style=\"position: absolute; clip: rect(1px, 1px, 1px, 1px);\" title=\"&#8222;Brunnen in Aschaffenburg (2) &#8211; Meinungsaustausch am Stadtgraben&#8220; &#8212; Aschaffenburg\" src=\"https:\/\/aschaffenburgzweinull.stadtarchiv-digital.de\/brunnen-in-aschaffenburg-2\/embed\/#?secret=0JWaaNjWgg#?secret=KtVFMGur4B\" data-secret=\"KtVFMGur4B\" width=\"600\" height=\"338\" frameborder=\"0\" marginwidth=\"0\" marginheight=\"0\" scrolling=\"no\"><\/iframe><\/p>\n<blockquote class=\"wp-embedded-content\" data-secret=\"byi6vluOet\"><p><a href=\"https:\/\/aschaffenburgzweinull.stadtarchiv-digital.de\/brunnen-in-aschaffenburg-3\/\">Brunnen in Aschaffenburg (3) &#8211; Der Gei\u00dfenbrunnen in Obernau<\/a><\/p><\/blockquote>\n<p><iframe loading=\"lazy\" class=\"wp-embedded-content\" sandbox=\"allow-scripts\" security=\"restricted\" style=\"position: absolute; clip: rect(1px, 1px, 1px, 1px);\" title=\"&#8222;Brunnen in Aschaffenburg (3) &#8211; Der Gei\u00dfenbrunnen in Obernau&#8220; &#8212; Aschaffenburg\" src=\"https:\/\/aschaffenburgzweinull.stadtarchiv-digital.de\/brunnen-in-aschaffenburg-3\/embed\/#?secret=nggZpqZko3#?secret=byi6vluOet\" data-secret=\"byi6vluOet\" width=\"600\" height=\"338\" frameborder=\"0\" marginwidth=\"0\" marginheight=\"0\" scrolling=\"no\"><\/iframe><\/p>\n<blockquote class=\"wp-embedded-content\" data-secret=\"A6TMfDPND7\"><p><a href=\"https:\/\/aschaffenburgzweinull.stadtarchiv-digital.de\/brunnen-in-aschaffenburg-4\/\">Brunnen in Aschaffenburg (4) &#8211; Der Janusbrunnen<\/a><\/p><\/blockquote>\n<p><iframe loading=\"lazy\" class=\"wp-embedded-content\" sandbox=\"allow-scripts\" security=\"restricted\" style=\"position: absolute; clip: rect(1px, 1px, 1px, 1px);\" title=\"&#8222;Brunnen in Aschaffenburg (4) &#8211; Der Janusbrunnen&#8220; &#8212; Aschaffenburg\" src=\"https:\/\/aschaffenburgzweinull.stadtarchiv-digital.de\/brunnen-in-aschaffenburg-4\/embed\/#?secret=xt1HFWuqvB#?secret=A6TMfDPND7\" data-secret=\"A6TMfDPND7\" width=\"600\" height=\"338\" frameborder=\"0\" marginwidth=\"0\" marginheight=\"0\" scrolling=\"no\"><\/iframe><\/p>\n<blockquote class=\"wp-embedded-content\" data-secret=\"qwsvJJ6UIy\"><p><a href=\"https:\/\/aschaffenburgzweinull.stadtarchiv-digital.de\/brunnen-in-aschaffenburg-5\/\">Brunnen in Aschaffenburg (5) &#8211; Leiderer Schwellkopp<\/a><\/p><\/blockquote>\n<p><iframe loading=\"lazy\" class=\"wp-embedded-content\" sandbox=\"allow-scripts\" security=\"restricted\" style=\"position: absolute; clip: rect(1px, 1px, 1px, 1px);\" title=\"&#8222;Brunnen in Aschaffenburg (5) &#8211; Leiderer Schwellkopp&#8220; &#8212; Aschaffenburg\" src=\"https:\/\/aschaffenburgzweinull.stadtarchiv-digital.de\/brunnen-in-aschaffenburg-5\/embed\/#?secret=CQABoX4Vda#?secret=qwsvJJ6UIy\" data-secret=\"qwsvJJ6UIy\" width=\"600\" height=\"338\" frameborder=\"0\" marginwidth=\"0\" marginheight=\"0\" scrolling=\"no\"><\/iframe><\/p>\n<blockquote class=\"wp-embedded-content\" data-secret=\"nqmNKJrHdh\"><p><a href=\"https:\/\/aschaffenburgzweinull.stadtarchiv-digital.de\/brunnen-in-aschaffenburg-6\/\">Brunnen in Aschaffenburg (6) &#8211; Geschwister-Scholl-Brunnen in Nilkheim<\/a><\/p><\/blockquote>\n<p><iframe loading=\"lazy\" class=\"wp-embedded-content\" sandbox=\"allow-scripts\" security=\"restricted\" style=\"position: absolute; clip: rect(1px, 1px, 1px, 1px);\" title=\"&#8222;Brunnen in Aschaffenburg (6) &#8211; Geschwister-Scholl-Brunnen in Nilkheim&#8220; &#8212; Aschaffenburg\" src=\"https:\/\/aschaffenburgzweinull.stadtarchiv-digital.de\/brunnen-in-aschaffenburg-6\/embed\/#?secret=i7JOpB3FOQ#?secret=nqmNKJrHdh\" data-secret=\"nqmNKJrHdh\" width=\"600\" height=\"338\" frameborder=\"0\" marginwidth=\"0\" marginheight=\"0\" scrolling=\"no\"><\/iframe><\/p>\n<blockquote class=\"wp-embedded-content\" data-secret=\"BjdTQNKzCQ\"><p><a href=\"https:\/\/aschaffenburgzweinull.stadtarchiv-digital.de\/brunnen-in-aschaffenburg-7\/\">Brunnen in Aschaffenburg (7) &#8211; Der Brentanobrunnen<\/a><\/p><\/blockquote>\n<p><iframe loading=\"lazy\" class=\"wp-embedded-content\" sandbox=\"allow-scripts\" security=\"restricted\" style=\"position: absolute; clip: rect(1px, 1px, 1px, 1px);\" title=\"&#8222;Brunnen in Aschaffenburg (7) &#8211; Der Brentanobrunnen&#8220; &#8212; Aschaffenburg\" src=\"https:\/\/aschaffenburgzweinull.stadtarchiv-digital.de\/brunnen-in-aschaffenburg-7\/embed\/#?secret=Lp2oe9wSqo#?secret=BjdTQNKzCQ\" data-secret=\"BjdTQNKzCQ\" width=\"600\" height=\"338\" frameborder=\"0\" marginwidth=\"0\" marginheight=\"0\" scrolling=\"no\"><\/iframe><\/p>\n","protected":false},"excerpt":{"rendered":"<p>Nachdem der Leiderer Schwellkopp 1994 auf den Friedrich-Krane-Platz umgesetzt worden war, wurde auf dem Lukasplatz, mitten im alten Ortskern von Leider, ein Jahr sp\u00e4ter ein neuer Brunnen aufgestellt. Neun M\u00f6wen [&hellip;]<\/p>\n","protected":false},"author":33,"featured_media":0,"comment_status":"open","ping_status":"open","sticky":false,"template":"","format":"standard","meta":{"_acf_changed":false,"footnotes":""},"categories":[39],"tags":[93,180,207,208],"post-format":[],"post-content":[3,67],"class_list":["post-1502","post","type-post","status-publish","format-standard","hentry","category-kultur","tag-brunnen","tag-leider","tag-moewe","tag-gunter-ullrich","content-image","content-text","project-stadtarchiv"],"acf":[],"yoast_head":"<!-- This site is optimized with the Yoast SEO plugin v27.4 - https:\/\/yoast.com\/product\/yoast-seo-wordpress\/ -->\n<title>Brunnen in Aschaffenburg (8) - M\u00f6wenbrunnen in Leider - Aschaffenburg<\/title>\n<meta name=\"robots\" content=\"index, follow, max-snippet:-1, max-image-preview:large, max-video-preview:-1\" \/>\n<link rel=\"canonical\" href=\"https:\/\/aschaffenburgzweinull.stadtarchiv-digital.de\/brunnen-in-aschaffenburg-8\/\" \/>\n<meta property=\"og:locale\" content=\"de_DE\" \/>\n<meta property=\"og:type\" content=\"article\" \/>\n<meta property=\"og:title\" content=\"Brunnen in Aschaffenburg (8) - M\u00f6wenbrunnen in Leider - Aschaffenburg\" \/>\n<meta property=\"og:description\" content=\"Nachdem der Leiderer Schwellkopp 1994 auf den Friedrich-Krane-Platz umgesetzt worden war, wurde auf dem Lukasplatz, mitten im alten Ortskern von Leider, ein Jahr sp\u00e4ter ein neuer Brunnen aufgestellt. Neun M\u00f6wen [&hellip;]\" \/>\n<meta property=\"og:url\" content=\"https:\/\/aschaffenburgzweinull.stadtarchiv-digital.de\/brunnen-in-aschaffenburg-8\/\" \/>\n<meta property=\"og:site_name\" content=\"Aschaffenburg\" \/>\n<meta property=\"article:published_time\" content=\"2021-01-25T09:00:37+00:00\" \/>\n<meta property=\"article:modified_time\" content=\"2022-03-22T11:15:45+00:00\" \/>\n<meta property=\"og:image\" content=\"https:\/\/aschaffenburgzweinull.stadtarchiv-digital.de\/wp-content\/uploads\/2020\/07\/Logo-Stadtarchiv-Aschaffenburg.png\" \/>\n\t<meta property=\"og:image:width\" content=\"379\" \/>\n\t<meta property=\"og:image:height\" content=\"70\" \/>\n\t<meta property=\"og:image:type\" content=\"image\/png\" \/>\n<meta name=\"author\" content=\"Monika Spatz\" \/>\n<meta name=\"twitter:card\" content=\"summary_large_image\" \/>\n<meta name=\"twitter:label1\" content=\"Verfasst von\" \/>\n\t<meta name=\"twitter:data1\" content=\"Monika Spatz\" \/>\n\t<meta name=\"twitter:label2\" content=\"Gesch\u00e4tzte Lesezeit\" \/>\n\t<meta name=\"twitter:data2\" content=\"1\u00a0Minute\" \/>\n<script type=\"application\/ld+json\" class=\"yoast-schema-graph\">{\"@context\":\"https:\\\/\\\/schema.org\",\"@graph\":[{\"@type\":\"Article\",\"@id\":\"https:\\\/\\\/aschaffenburgzweinull.stadtarchiv-digital.de\\\/brunnen-in-aschaffenburg-8\\\/#article\",\"isPartOf\":{\"@id\":\"https:\\\/\\\/aschaffenburgzweinull.stadtarchiv-digital.de\\\/brunnen-in-aschaffenburg-8\\\/\"},\"author\":{\"name\":\"Monika Spatz\",\"@id\":\"https:\\\/\\\/aschaffenburgzweinull.stadtarchiv-digital.de\\\/#\\\/schema\\\/person\\\/deae0c448e78ddc35eaf0f6427020bf2\"},\"headline\":\"Brunnen in Aschaffenburg (8) &#8211; M\u00f6wenbrunnen in Leider\",\"datePublished\":\"2021-01-25T09:00:37+00:00\",\"dateModified\":\"2022-03-22T11:15:45+00:00\",\"mainEntityOfPage\":{\"@id\":\"https:\\\/\\\/aschaffenburgzweinull.stadtarchiv-digital.de\\\/brunnen-in-aschaffenburg-8\\\/\"},\"wordCount\":250,\"commentCount\":0,\"keywords\":[\"Brunnen\",\"Leider\",\"M\u00f6we\",\"Gunter Ullrich\"],\"articleSection\":[\"Kultur\"],\"inLanguage\":\"de\",\"potentialAction\":[{\"@type\":\"CommentAction\",\"name\":\"Comment\",\"target\":[\"https:\\\/\\\/aschaffenburgzweinull.stadtarchiv-digital.de\\\/brunnen-in-aschaffenburg-8\\\/#respond\"]}]},{\"@type\":\"WebPage\",\"@id\":\"https:\\\/\\\/aschaffenburgzweinull.stadtarchiv-digital.de\\\/brunnen-in-aschaffenburg-8\\\/\",\"url\":\"https:\\\/\\\/aschaffenburgzweinull.stadtarchiv-digital.de\\\/brunnen-in-aschaffenburg-8\\\/\",\"name\":\"Brunnen in Aschaffenburg (8) - M\u00f6wenbrunnen in Leider - Aschaffenburg\",\"isPartOf\":{\"@id\":\"https:\\\/\\\/aschaffenburgzweinull.stadtarchiv-digital.de\\\/#website\"},\"datePublished\":\"2021-01-25T09:00:37+00:00\",\"dateModified\":\"2022-03-22T11:15:45+00:00\",\"author\":{\"@id\":\"https:\\\/\\\/aschaffenburgzweinull.stadtarchiv-digital.de\\\/#\\\/schema\\\/person\\\/deae0c448e78ddc35eaf0f6427020bf2\"},\"breadcrumb\":{\"@id\":\"https:\\\/\\\/aschaffenburgzweinull.stadtarchiv-digital.de\\\/brunnen-in-aschaffenburg-8\\\/#breadcrumb\"},\"inLanguage\":\"de\",\"potentialAction\":[{\"@type\":\"ReadAction\",\"target\":[\"https:\\\/\\\/aschaffenburgzweinull.stadtarchiv-digital.de\\\/brunnen-in-aschaffenburg-8\\\/\"]}]},{\"@type\":\"BreadcrumbList\",\"@id\":\"https:\\\/\\\/aschaffenburgzweinull.stadtarchiv-digital.de\\\/brunnen-in-aschaffenburg-8\\\/#breadcrumb\",\"itemListElement\":[{\"@type\":\"ListItem\",\"position\":1,\"name\":\"Startseite\",\"item\":\"https:\\\/\\\/aschaffenburgzweinull.stadtarchiv-digital.de\\\/\"},{\"@type\":\"ListItem\",\"position\":2,\"name\":\"Brunnen in Aschaffenburg (8) &#8211; M\u00f6wenbrunnen in Leider\"}]},{\"@type\":\"WebSite\",\"@id\":\"https:\\\/\\\/aschaffenburgzweinull.stadtarchiv-digital.de\\\/#website\",\"url\":\"https:\\\/\\\/aschaffenburgzweinull.stadtarchiv-digital.de\\\/\",\"name\":\"Aschaffenburg\",\"description\":\"2.0\",\"potentialAction\":[{\"@type\":\"SearchAction\",\"target\":{\"@type\":\"EntryPoint\",\"urlTemplate\":\"https:\\\/\\\/aschaffenburgzweinull.stadtarchiv-digital.de\\\/?s={search_term_string}\"},\"query-input\":{\"@type\":\"PropertyValueSpecification\",\"valueRequired\":true,\"valueName\":\"search_term_string\"}}],\"inLanguage\":\"de\"},{\"@type\":\"Person\",\"@id\":\"https:\\\/\\\/aschaffenburgzweinull.stadtarchiv-digital.de\\\/#\\\/schema\\\/person\\\/deae0c448e78ddc35eaf0f6427020bf2\",\"name\":\"Monika Spatz\",\"url\":\"https:\\\/\\\/aschaffenburgzweinull.stadtarchiv-digital.de\\\/author\\\/monika-spatz\\\/\"}]}<\/script>\n<!-- \/ Yoast SEO plugin. -->","yoast_head_json":{"title":"Brunnen in Aschaffenburg (8) - M\u00f6wenbrunnen in Leider - Aschaffenburg","robots":{"index":"index","follow":"follow","max-snippet":"max-snippet:-1","max-image-preview":"max-image-preview:large","max-video-preview":"max-video-preview:-1"},"canonical":"https:\/\/aschaffenburgzweinull.stadtarchiv-digital.de\/brunnen-in-aschaffenburg-8\/","og_locale":"de_DE","og_type":"article","og_title":"Brunnen in Aschaffenburg (8) - M\u00f6wenbrunnen in Leider - Aschaffenburg","og_description":"Nachdem der Leiderer Schwellkopp 1994 auf den Friedrich-Krane-Platz umgesetzt worden war, wurde auf dem Lukasplatz, mitten im alten Ortskern von Leider, ein Jahr sp\u00e4ter ein neuer Brunnen aufgestellt. Neun M\u00f6wen [&hellip;]","og_url":"https:\/\/aschaffenburgzweinull.stadtarchiv-digital.de\/brunnen-in-aschaffenburg-8\/","og_site_name":"Aschaffenburg","article_published_time":"2021-01-25T09:00:37+00:00","article_modified_time":"2022-03-22T11:15:45+00:00","og_image":[{"width":379,"height":70,"url":"https:\/\/aschaffenburgzweinull.stadtarchiv-digital.de\/wp-content\/uploads\/2020\/07\/Logo-Stadtarchiv-Aschaffenburg.png","type":"image\/png"}],"author":"Monika Spatz","twitter_card":"summary_large_image","twitter_misc":{"Verfasst von":"Monika Spatz","Gesch\u00e4tzte Lesezeit":"1\u00a0Minute"},"schema":{"@context":"https:\/\/schema.org","@graph":[{"@type":"Article","@id":"https:\/\/aschaffenburgzweinull.stadtarchiv-digital.de\/brunnen-in-aschaffenburg-8\/#article","isPartOf":{"@id":"https:\/\/aschaffenburgzweinull.stadtarchiv-digital.de\/brunnen-in-aschaffenburg-8\/"},"author":{"name":"Monika Spatz","@id":"https:\/\/aschaffenburgzweinull.stadtarchiv-digital.de\/#\/schema\/person\/deae0c448e78ddc35eaf0f6427020bf2"},"headline":"Brunnen in Aschaffenburg (8) &#8211; M\u00f6wenbrunnen in Leider","datePublished":"2021-01-25T09:00:37+00:00","dateModified":"2022-03-22T11:15:45+00:00","mainEntityOfPage":{"@id":"https:\/\/aschaffenburgzweinull.stadtarchiv-digital.de\/brunnen-in-aschaffenburg-8\/"},"wordCount":250,"commentCount":0,"keywords":["Brunnen","Leider","M\u00f6we","Gunter Ullrich"],"articleSection":["Kultur"],"inLanguage":"de","potentialAction":[{"@type":"CommentAction","name":"Comment","target":["https:\/\/aschaffenburgzweinull.stadtarchiv-digital.de\/brunnen-in-aschaffenburg-8\/#respond"]}]},{"@type":"WebPage","@id":"https:\/\/aschaffenburgzweinull.stadtarchiv-digital.de\/brunnen-in-aschaffenburg-8\/","url":"https:\/\/aschaffenburgzweinull.stadtarchiv-digital.de\/brunnen-in-aschaffenburg-8\/","name":"Brunnen in Aschaffenburg (8) - M\u00f6wenbrunnen in Leider - Aschaffenburg","isPartOf":{"@id":"https:\/\/aschaffenburgzweinull.stadtarchiv-digital.de\/#website"},"datePublished":"2021-01-25T09:00:37+00:00","dateModified":"2022-03-22T11:15:45+00:00","author":{"@id":"https:\/\/aschaffenburgzweinull.stadtarchiv-digital.de\/#\/schema\/person\/deae0c448e78ddc35eaf0f6427020bf2"},"breadcrumb":{"@id":"https:\/\/aschaffenburgzweinull.stadtarchiv-digital.de\/brunnen-in-aschaffenburg-8\/#breadcrumb"},"inLanguage":"de","potentialAction":[{"@type":"ReadAction","target":["https:\/\/aschaffenburgzweinull.stadtarchiv-digital.de\/brunnen-in-aschaffenburg-8\/"]}]},{"@type":"BreadcrumbList","@id":"https:\/\/aschaffenburgzweinull.stadtarchiv-digital.de\/brunnen-in-aschaffenburg-8\/#breadcrumb","itemListElement":[{"@type":"ListItem","position":1,"name":"Startseite","item":"https:\/\/aschaffenburgzweinull.stadtarchiv-digital.de\/"},{"@type":"ListItem","position":2,"name":"Brunnen in Aschaffenburg (8) &#8211; M\u00f6wenbrunnen in Leider"}]},{"@type":"WebSite","@id":"https:\/\/aschaffenburgzweinull.stadtarchiv-digital.de\/#website","url":"https:\/\/aschaffenburgzweinull.stadtarchiv-digital.de\/","name":"Aschaffenburg","description":"2.0","potentialAction":[{"@type":"SearchAction","target":{"@type":"EntryPoint","urlTemplate":"https:\/\/aschaffenburgzweinull.stadtarchiv-digital.de\/?s={search_term_string}"},"query-input":{"@type":"PropertyValueSpecification","valueRequired":true,"valueName":"search_term_string"}}],"inLanguage":"de"},{"@type":"Person","@id":"https:\/\/aschaffenburgzweinull.stadtarchiv-digital.de\/#\/schema\/person\/deae0c448e78ddc35eaf0f6427020bf2","name":"Monika Spatz","url":"https:\/\/aschaffenburgzweinull.stadtarchiv-digital.de\/author\/monika-spatz\/"}]}},"_links":{"self":[{"href":"https:\/\/aschaffenburgzweinull.stadtarchiv-digital.de\/data\/wp\/v2\/posts\/1502","targetHints":{"allow":["GET"]}}],"collection":[{"href":"https:\/\/aschaffenburgzweinull.stadtarchiv-digital.de\/data\/wp\/v2\/posts"}],"about":[{"href":"https:\/\/aschaffenburgzweinull.stadtarchiv-digital.de\/data\/wp\/v2\/types\/post"}],"author":[{"embeddable":true,"href":"https:\/\/aschaffenburgzweinull.stadtarchiv-digital.de\/data\/wp\/v2\/users\/33"}],"replies":[{"embeddable":true,"href":"https:\/\/aschaffenburgzweinull.stadtarchiv-digital.de\/data\/wp\/v2\/comments?post=1502"}],"version-history":[{"count":8,"href":"https:\/\/aschaffenburgzweinull.stadtarchiv-digital.de\/data\/wp\/v2\/posts\/1502\/revisions"}],"predecessor-version":[{"id":4847,"href":"https:\/\/aschaffenburgzweinull.stadtarchiv-digital.de\/data\/wp\/v2\/posts\/1502\/revisions\/4847"}],"wp:attachment":[{"href":"https:\/\/aschaffenburgzweinull.stadtarchiv-digital.de\/data\/wp\/v2\/media?parent=1502"}],"wp:term":[{"taxonomy":"category","embeddable":true,"href":"https:\/\/aschaffenburgzweinull.stadtarchiv-digital.de\/data\/wp\/v2\/categories?post=1502"},{"taxonomy":"post_tag","embeddable":true,"href":"https:\/\/aschaffenburgzweinull.stadtarchiv-digital.de\/data\/wp\/v2\/tags?post=1502"},{"taxonomy":"format","embeddable":true,"href":"https:\/\/aschaffenburgzweinull.stadtarchiv-digital.de\/data\/wp\/v2\/post-format?post=1502"},{"taxonomy":"content","embeddable":true,"href":"https:\/\/aschaffenburgzweinull.stadtarchiv-digital.de\/data\/wp\/v2\/post-content?post=1502"}],"curies":[{"name":"wp","href":"https:\/\/api.w.org\/{rel}","templated":true}]}}