{"id":13397,"date":"2025-04-09T13:54:23","date_gmt":"2025-04-09T11:54:23","guid":{"rendered":"https:\/\/aschaffenburgzweinull.stadtarchiv-digital.de\/?p=13397"},"modified":"2025-10-30T10:58:44","modified_gmt":"2025-10-30T09:58:44","slug":"leo-weissmantel-auf-den-spuren-im-sinngrund","status":"publish","type":"post","link":"https:\/\/aschaffenburgzweinull.stadtarchiv-digital.de\/leo-weissmantel-auf-den-spuren-im-sinngrund\/","title":{"rendered":"Leo Wei\u00dfmantel \u2013 Auf den Spuren im Sinngrund"},"content":{"rendered":"<p>Ob Historikerinnen, Lokalhistoriker oder einfach nur Geschichtsinteressierte \u2013 die neue Podcastreihe \u00f6ffnet T\u00fcren zu neuen Erkenntnissen und l\u00e4sst die Vergangenheit lebendig werden. Aus dem Heimathub berichten Akteurinnen und Akteure, Mitwirkende, beteiligte Institutionen und die Macherinnen und Macher \u00fcber spezielle Themen, geben Einblick hinter die Kulissen und vertiefen Artikel, die bereits im Journal ver\u00f6ffentlicht wurden.<\/p>\n<p>Moderiert wird die Reihe von Arch\u00e4ologin Katrin Vill, Gerrit Himmelsbach vom Arch\u00e4ologischen Spessartprojekt bereichert jede Folge mit Hintergrundinformationen zum jeweiligen Thema und Ort. Die musikalische Umrahmung stammt von Max Koch und Stefan Frisch aus M\u00f6mbris im Kahlgrund.<\/p>\n<p>Werden Sie inspiriert, eigene Spuren im Heimathub zu legen und die Geschichte unserer Heimat mitzugestalten \u2013 digital-analog-miteinander.<\/p>\n<p>In dieser Folge informiert Rudi Dill \u00fcber den Schriftsteller Leo Wei\u00dfmantel, Dialekte und den Sinngrund.<\/p>\n<p data-pm-slice=\"1 1 []\">Der Podcast kann bei verschiedenen Podcast-Anbietern geh\u00f6rt werden:\u00a0<a href=\"https:\/\/open.spotify.com\/episode\/23Hyst9kfSuLFODpvtKTTH?si=kOcZjUv_RUqCwEHlgp-GPA\">Spotify<\/a>,\u00a0<a href=\"https:\/\/dzr.page.link\/j2fAVn9gdXVdC92x5\">Deezer<\/a>,\u00a0<a href=\"https:\/\/music.amazon.de\/podcasts\/9f5e974f-816a-4369-98fc-041407ab44ef\/episodes\/95c5d113-0d28-4d33-85cc-0ad62976876f\/heimatspuren-leo-wei%C3%9Fmantel---auf-den-spuren-im-sinngrund\">Amazon Music<\/a>, <a href=\"https:\/\/www.audible.de\/podcast\/Heimatspuren\/B0DQLDK4YH?qid=1761817630&amp;sr=1-2&amp;ref_pageloadid=2OHIseOrTnVAb8wp&amp;pf_rd_p=e54013e2-074a-460e-861f-7feac676b789&amp;pf_rd_r=F7A36D6V4GW8WXR9FQVJ&amp;plink=9zTyBMpyfJYkiEaZ&amp;pageLoadId=5wBjX9OIyAlGWswR&amp;creativeId=41e85e98-10b8-40e2-907d-6b663f04a42d&amp;ref=a_search_c3_lProduct_1_2\">Audible<\/a><\/p>\n<p data-pm-slice=\"1 1 []\">Viel Spa\u00df beim Zuh\u00f6ren!<\/p>\n<audio class=\"wp-audio-shortcode\" id=\"audio-13397-1\" preload=\"none\" style=\"width: 100%;\" controls=\"controls\"><source type=\"audio\/mpeg\" src=\"https:\/\/aschaffenburgzweinull.stadtarchiv-digital.de\/wp-content\/uploads\/2025\/04\/030425LeoWeissmantel_Sinngrund.mp3?_=1\" \/><a href=\"https:\/\/aschaffenburgzweinull.stadtarchiv-digital.de\/wp-content\/uploads\/2025\/04\/030425LeoWeissmantel_Sinngrund.mp3\">https:\/\/aschaffenburgzweinull.stadtarchiv-digital.de\/wp-content\/uploads\/2025\/04\/030425LeoWeissmantel_Sinngrund.mp3<\/a><\/audio>\n","protected":false},"excerpt":{"rendered":"<p>Ob Historikerinnen, Lokalhistoriker oder einfach nur Geschichtsinteressierte \u2013 die neue Podcastreihe \u00f6ffnet T\u00fcren zu neuen Erkenntnissen und l\u00e4sst die Vergangenheit lebendig werden. Aus dem Heimathub berichten Akteurinnen und Akteure, Mitwirkende, [&hellip;]<\/p>\n","protected":false},"author":60,"featured_media":9961,"comment_status":"open","ping_status":"open","sticky":false,"template":"","format":"standard","meta":{"_acf_changed":false,"footnotes":""},"categories":[1,38,937],"tags":[217,1001,1002,1567,1568,1569],"post-format":[],"post-content":[3,9,67],"class_list":["post-13397","post","type-post","status-publish","format-standard","has-post-thumbnail","hentry","category-bildung","category-geschichte","category-podcast","tag-podcast","tag-heimathub","tag-heimatspuren","tag-sinngrund","tag-rudi-dill","tag-leo-weissmantel","content-image","content-audio","content-text","project-heimatspuren"],"acf":[],"yoast_head":"<!-- This site is optimized with the Yoast SEO plugin v27.4 - https:\/\/yoast.com\/product\/yoast-seo-wordpress\/ -->\n<title>Leo Wei\u00dfmantel \u2013 Auf den Spuren im Sinngrund - Aschaffenburg<\/title>\n<meta name=\"robots\" content=\"index, follow, max-snippet:-1, max-image-preview:large, max-video-preview:-1\" \/>\n<link rel=\"canonical\" href=\"https:\/\/aschaffenburgzweinull.stadtarchiv-digital.de\/leo-weissmantel-auf-den-spuren-im-sinngrund\/\" \/>\n<meta property=\"og:locale\" content=\"de_DE\" \/>\n<meta property=\"og:type\" content=\"article\" \/>\n<meta property=\"og:title\" content=\"Leo Wei\u00dfmantel \u2013 Auf den Spuren im Sinngrund - Aschaffenburg\" \/>\n<meta property=\"og:description\" content=\"Ob Historikerinnen, Lokalhistoriker oder einfach nur Geschichtsinteressierte \u2013 die neue Podcastreihe \u00f6ffnet T\u00fcren zu neuen Erkenntnissen und l\u00e4sst die Vergangenheit lebendig werden. Aus dem Heimathub berichten Akteurinnen und Akteure, Mitwirkende, [&hellip;]\" \/>\n<meta property=\"og:url\" content=\"https:\/\/aschaffenburgzweinull.stadtarchiv-digital.de\/leo-weissmantel-auf-den-spuren-im-sinngrund\/\" \/>\n<meta property=\"og:site_name\" content=\"Aschaffenburg\" \/>\n<meta property=\"article:published_time\" content=\"2025-04-09T11:54:23+00:00\" \/>\n<meta property=\"article:modified_time\" content=\"2025-10-30T09:58:44+00:00\" \/>\n<meta property=\"og:image\" content=\"https:\/\/aschaffenburgzweinull.stadtarchiv-digital.de\/wp-content\/uploads\/2024\/12\/DSA_Heimathub_Podcastcover_Final_1200px-2-1-e1734519363220.png\" \/>\n\t<meta property=\"og:image:width\" content=\"300\" \/>\n\t<meta property=\"og:image:height\" content=\"300\" \/>\n\t<meta property=\"og:image:type\" content=\"image\/png\" \/>\n<meta name=\"author\" content=\"Digitalladen\" \/>\n<meta name=\"twitter:card\" content=\"summary_large_image\" \/>\n<meta name=\"twitter:label1\" content=\"Verfasst von\" \/>\n\t<meta name=\"twitter:data1\" content=\"Digitalladen\" \/>\n\t<meta name=\"twitter:label2\" content=\"Gesch\u00e4tzte Lesezeit\" \/>\n\t<meta name=\"twitter:data2\" content=\"1\u00a0Minute\" \/>\n<script type=\"application\/ld+json\" class=\"yoast-schema-graph\">{\"@context\":\"https:\\\/\\\/schema.org\",\"@graph\":[{\"@type\":\"Article\",\"@id\":\"https:\\\/\\\/aschaffenburgzweinull.stadtarchiv-digital.de\\\/leo-weissmantel-auf-den-spuren-im-sinngrund\\\/#article\",\"isPartOf\":{\"@id\":\"https:\\\/\\\/aschaffenburgzweinull.stadtarchiv-digital.de\\\/leo-weissmantel-auf-den-spuren-im-sinngrund\\\/\"},\"author\":{\"name\":\"Digitalladen\",\"@id\":\"https:\\\/\\\/aschaffenburgzweinull.stadtarchiv-digital.de\\\/#\\\/schema\\\/person\\\/84b4bb62119cfdf954220af584269d46\"},\"headline\":\"Leo Wei\u00dfmantel \u2013 Auf den Spuren im Sinngrund\",\"datePublished\":\"2025-04-09T11:54:23+00:00\",\"dateModified\":\"2025-10-30T09:58:44+00:00\",\"mainEntityOfPage\":{\"@id\":\"https:\\\/\\\/aschaffenburgzweinull.stadtarchiv-digital.de\\\/leo-weissmantel-auf-den-spuren-im-sinngrund\\\/\"},\"wordCount\":167,\"commentCount\":0,\"image\":{\"@id\":\"https:\\\/\\\/aschaffenburgzweinull.stadtarchiv-digital.de\\\/leo-weissmantel-auf-den-spuren-im-sinngrund\\\/#primaryimage\"},\"thumbnailUrl\":\"https:\\\/\\\/aschaffenburgzweinull.stadtarchiv-digital.de\\\/wp-content\\\/uploads\\\/2024\\\/12\\\/DSA_Heimathub_Podcastcover_Final_1200px-2-1-e1734519363220.png\",\"keywords\":[\"Podcast\",\"Heimathub\",\"Heimatspuren\",\"Sinngrund\",\"Rudi Dill\",\"Leo Wei\u00dfmantel\"],\"articleSection\":[\"Bildung\",\"Geschichte\",\"Podcast\"],\"inLanguage\":\"de\",\"potentialAction\":[{\"@type\":\"CommentAction\",\"name\":\"Comment\",\"target\":[\"https:\\\/\\\/aschaffenburgzweinull.stadtarchiv-digital.de\\\/leo-weissmantel-auf-den-spuren-im-sinngrund\\\/#respond\"]}]},{\"@type\":\"WebPage\",\"@id\":\"https:\\\/\\\/aschaffenburgzweinull.stadtarchiv-digital.de\\\/leo-weissmantel-auf-den-spuren-im-sinngrund\\\/\",\"url\":\"https:\\\/\\\/aschaffenburgzweinull.stadtarchiv-digital.de\\\/leo-weissmantel-auf-den-spuren-im-sinngrund\\\/\",\"name\":\"Leo Wei\u00dfmantel \u2013 Auf den Spuren im Sinngrund - Aschaffenburg\",\"isPartOf\":{\"@id\":\"https:\\\/\\\/aschaffenburgzweinull.stadtarchiv-digital.de\\\/#website\"},\"primaryImageOfPage\":{\"@id\":\"https:\\\/\\\/aschaffenburgzweinull.stadtarchiv-digital.de\\\/leo-weissmantel-auf-den-spuren-im-sinngrund\\\/#primaryimage\"},\"image\":{\"@id\":\"https:\\\/\\\/aschaffenburgzweinull.stadtarchiv-digital.de\\\/leo-weissmantel-auf-den-spuren-im-sinngrund\\\/#primaryimage\"},\"thumbnailUrl\":\"https:\\\/\\\/aschaffenburgzweinull.stadtarchiv-digital.de\\\/wp-content\\\/uploads\\\/2024\\\/12\\\/DSA_Heimathub_Podcastcover_Final_1200px-2-1-e1734519363220.png\",\"datePublished\":\"2025-04-09T11:54:23+00:00\",\"dateModified\":\"2025-10-30T09:58:44+00:00\",\"author\":{\"@id\":\"https:\\\/\\\/aschaffenburgzweinull.stadtarchiv-digital.de\\\/#\\\/schema\\\/person\\\/84b4bb62119cfdf954220af584269d46\"},\"breadcrumb\":{\"@id\":\"https:\\\/\\\/aschaffenburgzweinull.stadtarchiv-digital.de\\\/leo-weissmantel-auf-den-spuren-im-sinngrund\\\/#breadcrumb\"},\"inLanguage\":\"de\",\"potentialAction\":[{\"@type\":\"ReadAction\",\"target\":[\"https:\\\/\\\/aschaffenburgzweinull.stadtarchiv-digital.de\\\/leo-weissmantel-auf-den-spuren-im-sinngrund\\\/\"]}]},{\"@type\":\"ImageObject\",\"inLanguage\":\"de\",\"@id\":\"https:\\\/\\\/aschaffenburgzweinull.stadtarchiv-digital.de\\\/leo-weissmantel-auf-den-spuren-im-sinngrund\\\/#primaryimage\",\"url\":\"https:\\\/\\\/aschaffenburgzweinull.stadtarchiv-digital.de\\\/wp-content\\\/uploads\\\/2024\\\/12\\\/DSA_Heimathub_Podcastcover_Final_1200px-2-1-e1734519363220.png\",\"contentUrl\":\"https:\\\/\\\/aschaffenburgzweinull.stadtarchiv-digital.de\\\/wp-content\\\/uploads\\\/2024\\\/12\\\/DSA_Heimathub_Podcastcover_Final_1200px-2-1-e1734519363220.png\",\"width\":300,\"height\":300},{\"@type\":\"BreadcrumbList\",\"@id\":\"https:\\\/\\\/aschaffenburgzweinull.stadtarchiv-digital.de\\\/leo-weissmantel-auf-den-spuren-im-sinngrund\\\/#breadcrumb\",\"itemListElement\":[{\"@type\":\"ListItem\",\"position\":1,\"name\":\"Startseite\",\"item\":\"https:\\\/\\\/aschaffenburgzweinull.stadtarchiv-digital.de\\\/\"},{\"@type\":\"ListItem\",\"position\":2,\"name\":\"Leo Wei\u00dfmantel \u2013 Auf den Spuren im Sinngrund\"}]},{\"@type\":\"WebSite\",\"@id\":\"https:\\\/\\\/aschaffenburgzweinull.stadtarchiv-digital.de\\\/#website\",\"url\":\"https:\\\/\\\/aschaffenburgzweinull.stadtarchiv-digital.de\\\/\",\"name\":\"Aschaffenburg\",\"description\":\"2.0\",\"potentialAction\":[{\"@type\":\"SearchAction\",\"target\":{\"@type\":\"EntryPoint\",\"urlTemplate\":\"https:\\\/\\\/aschaffenburgzweinull.stadtarchiv-digital.de\\\/?s={search_term_string}\"},\"query-input\":{\"@type\":\"PropertyValueSpecification\",\"valueRequired\":true,\"valueName\":\"search_term_string\"}}],\"inLanguage\":\"de\"},{\"@type\":\"Person\",\"@id\":\"https:\\\/\\\/aschaffenburgzweinull.stadtarchiv-digital.de\\\/#\\\/schema\\\/person\\\/84b4bb62119cfdf954220af584269d46\",\"name\":\"Digitalladen\",\"url\":\"https:\\\/\\\/aschaffenburgzweinull.stadtarchiv-digital.de\\\/author\\\/paula-lambertson\\\/\"}]}<\/script>\n<!-- \/ Yoast SEO plugin. -->","yoast_head_json":{"title":"Leo Wei\u00dfmantel \u2013 Auf den Spuren im Sinngrund - Aschaffenburg","robots":{"index":"index","follow":"follow","max-snippet":"max-snippet:-1","max-image-preview":"max-image-preview:large","max-video-preview":"max-video-preview:-1"},"canonical":"https:\/\/aschaffenburgzweinull.stadtarchiv-digital.de\/leo-weissmantel-auf-den-spuren-im-sinngrund\/","og_locale":"de_DE","og_type":"article","og_title":"Leo Wei\u00dfmantel \u2013 Auf den Spuren im Sinngrund - Aschaffenburg","og_description":"Ob Historikerinnen, Lokalhistoriker oder einfach nur Geschichtsinteressierte \u2013 die neue Podcastreihe \u00f6ffnet T\u00fcren zu neuen Erkenntnissen und l\u00e4sst die Vergangenheit lebendig werden. Aus dem Heimathub berichten Akteurinnen und Akteure, Mitwirkende, [&hellip;]","og_url":"https:\/\/aschaffenburgzweinull.stadtarchiv-digital.de\/leo-weissmantel-auf-den-spuren-im-sinngrund\/","og_site_name":"Aschaffenburg","article_published_time":"2025-04-09T11:54:23+00:00","article_modified_time":"2025-10-30T09:58:44+00:00","og_image":[{"width":300,"height":300,"url":"https:\/\/aschaffenburgzweinull.stadtarchiv-digital.de\/wp-content\/uploads\/2024\/12\/DSA_Heimathub_Podcastcover_Final_1200px-2-1-e1734519363220.png","type":"image\/png"}],"author":"Digitalladen","twitter_card":"summary_large_image","twitter_misc":{"Verfasst von":"Digitalladen","Gesch\u00e4tzte Lesezeit":"1\u00a0Minute"},"schema":{"@context":"https:\/\/schema.org","@graph":[{"@type":"Article","@id":"https:\/\/aschaffenburgzweinull.stadtarchiv-digital.de\/leo-weissmantel-auf-den-spuren-im-sinngrund\/#article","isPartOf":{"@id":"https:\/\/aschaffenburgzweinull.stadtarchiv-digital.de\/leo-weissmantel-auf-den-spuren-im-sinngrund\/"},"author":{"name":"Digitalladen","@id":"https:\/\/aschaffenburgzweinull.stadtarchiv-digital.de\/#\/schema\/person\/84b4bb62119cfdf954220af584269d46"},"headline":"Leo Wei\u00dfmantel \u2013 Auf den Spuren im Sinngrund","datePublished":"2025-04-09T11:54:23+00:00","dateModified":"2025-10-30T09:58:44+00:00","mainEntityOfPage":{"@id":"https:\/\/aschaffenburgzweinull.stadtarchiv-digital.de\/leo-weissmantel-auf-den-spuren-im-sinngrund\/"},"wordCount":167,"commentCount":0,"image":{"@id":"https:\/\/aschaffenburgzweinull.stadtarchiv-digital.de\/leo-weissmantel-auf-den-spuren-im-sinngrund\/#primaryimage"},"thumbnailUrl":"https:\/\/aschaffenburgzweinull.stadtarchiv-digital.de\/wp-content\/uploads\/2024\/12\/DSA_Heimathub_Podcastcover_Final_1200px-2-1-e1734519363220.png","keywords":["Podcast","Heimathub","Heimatspuren","Sinngrund","Rudi Dill","Leo Wei\u00dfmantel"],"articleSection":["Bildung","Geschichte","Podcast"],"inLanguage":"de","potentialAction":[{"@type":"CommentAction","name":"Comment","target":["https:\/\/aschaffenburgzweinull.stadtarchiv-digital.de\/leo-weissmantel-auf-den-spuren-im-sinngrund\/#respond"]}]},{"@type":"WebPage","@id":"https:\/\/aschaffenburgzweinull.stadtarchiv-digital.de\/leo-weissmantel-auf-den-spuren-im-sinngrund\/","url":"https:\/\/aschaffenburgzweinull.stadtarchiv-digital.de\/leo-weissmantel-auf-den-spuren-im-sinngrund\/","name":"Leo Wei\u00dfmantel \u2013 Auf den Spuren im Sinngrund - Aschaffenburg","isPartOf":{"@id":"https:\/\/aschaffenburgzweinull.stadtarchiv-digital.de\/#website"},"primaryImageOfPage":{"@id":"https:\/\/aschaffenburgzweinull.stadtarchiv-digital.de\/leo-weissmantel-auf-den-spuren-im-sinngrund\/#primaryimage"},"image":{"@id":"https:\/\/aschaffenburgzweinull.stadtarchiv-digital.de\/leo-weissmantel-auf-den-spuren-im-sinngrund\/#primaryimage"},"thumbnailUrl":"https:\/\/aschaffenburgzweinull.stadtarchiv-digital.de\/wp-content\/uploads\/2024\/12\/DSA_Heimathub_Podcastcover_Final_1200px-2-1-e1734519363220.png","datePublished":"2025-04-09T11:54:23+00:00","dateModified":"2025-10-30T09:58:44+00:00","author":{"@id":"https:\/\/aschaffenburgzweinull.stadtarchiv-digital.de\/#\/schema\/person\/84b4bb62119cfdf954220af584269d46"},"breadcrumb":{"@id":"https:\/\/aschaffenburgzweinull.stadtarchiv-digital.de\/leo-weissmantel-auf-den-spuren-im-sinngrund\/#breadcrumb"},"inLanguage":"de","potentialAction":[{"@type":"ReadAction","target":["https:\/\/aschaffenburgzweinull.stadtarchiv-digital.de\/leo-weissmantel-auf-den-spuren-im-sinngrund\/"]}]},{"@type":"ImageObject","inLanguage":"de","@id":"https:\/\/aschaffenburgzweinull.stadtarchiv-digital.de\/leo-weissmantel-auf-den-spuren-im-sinngrund\/#primaryimage","url":"https:\/\/aschaffenburgzweinull.stadtarchiv-digital.de\/wp-content\/uploads\/2024\/12\/DSA_Heimathub_Podcastcover_Final_1200px-2-1-e1734519363220.png","contentUrl":"https:\/\/aschaffenburgzweinull.stadtarchiv-digital.de\/wp-content\/uploads\/2024\/12\/DSA_Heimathub_Podcastcover_Final_1200px-2-1-e1734519363220.png","width":300,"height":300},{"@type":"BreadcrumbList","@id":"https:\/\/aschaffenburgzweinull.stadtarchiv-digital.de\/leo-weissmantel-auf-den-spuren-im-sinngrund\/#breadcrumb","itemListElement":[{"@type":"ListItem","position":1,"name":"Startseite","item":"https:\/\/aschaffenburgzweinull.stadtarchiv-digital.de\/"},{"@type":"ListItem","position":2,"name":"Leo Wei\u00dfmantel \u2013 Auf den Spuren im Sinngrund"}]},{"@type":"WebSite","@id":"https:\/\/aschaffenburgzweinull.stadtarchiv-digital.de\/#website","url":"https:\/\/aschaffenburgzweinull.stadtarchiv-digital.de\/","name":"Aschaffenburg","description":"2.0","potentialAction":[{"@type":"SearchAction","target":{"@type":"EntryPoint","urlTemplate":"https:\/\/aschaffenburgzweinull.stadtarchiv-digital.de\/?s={search_term_string}"},"query-input":{"@type":"PropertyValueSpecification","valueRequired":true,"valueName":"search_term_string"}}],"inLanguage":"de"},{"@type":"Person","@id":"https:\/\/aschaffenburgzweinull.stadtarchiv-digital.de\/#\/schema\/person\/84b4bb62119cfdf954220af584269d46","name":"Digitalladen","url":"https:\/\/aschaffenburgzweinull.stadtarchiv-digital.de\/author\/paula-lambertson\/"}]}},"_links":{"self":[{"href":"https:\/\/aschaffenburgzweinull.stadtarchiv-digital.de\/data\/wp\/v2\/posts\/13397","targetHints":{"allow":["GET"]}}],"collection":[{"href":"https:\/\/aschaffenburgzweinull.stadtarchiv-digital.de\/data\/wp\/v2\/posts"}],"about":[{"href":"https:\/\/aschaffenburgzweinull.stadtarchiv-digital.de\/data\/wp\/v2\/types\/post"}],"author":[{"embeddable":true,"href":"https:\/\/aschaffenburgzweinull.stadtarchiv-digital.de\/data\/wp\/v2\/users\/60"}],"replies":[{"embeddable":true,"href":"https:\/\/aschaffenburgzweinull.stadtarchiv-digital.de\/data\/wp\/v2\/comments?post=13397"}],"version-history":[{"count":3,"href":"https:\/\/aschaffenburgzweinull.stadtarchiv-digital.de\/data\/wp\/v2\/posts\/13397\/revisions"}],"predecessor-version":[{"id":14101,"href":"https:\/\/aschaffenburgzweinull.stadtarchiv-digital.de\/data\/wp\/v2\/posts\/13397\/revisions\/14101"}],"wp:featuredmedia":[{"embeddable":true,"href":"https:\/\/aschaffenburgzweinull.stadtarchiv-digital.de\/data\/wp\/v2\/media\/9961"}],"wp:attachment":[{"href":"https:\/\/aschaffenburgzweinull.stadtarchiv-digital.de\/data\/wp\/v2\/media?parent=13397"}],"wp:term":[{"taxonomy":"category","embeddable":true,"href":"https:\/\/aschaffenburgzweinull.stadtarchiv-digital.de\/data\/wp\/v2\/categories?post=13397"},{"taxonomy":"post_tag","embeddable":true,"href":"https:\/\/aschaffenburgzweinull.stadtarchiv-digital.de\/data\/wp\/v2\/tags?post=13397"},{"taxonomy":"format","embeddable":true,"href":"https:\/\/aschaffenburgzweinull.stadtarchiv-digital.de\/data\/wp\/v2\/post-format?post=13397"},{"taxonomy":"content","embeddable":true,"href":"https:\/\/aschaffenburgzweinull.stadtarchiv-digital.de\/data\/wp\/v2\/post-content?post=13397"}],"curies":[{"name":"wp","href":"https:\/\/api.w.org\/{rel}","templated":true}]}}