{"id":12530,"date":"2025-03-06T15:14:32","date_gmt":"2025-03-06T14:14:32","guid":{"rendered":"https:\/\/aschaffenburgzweinull.stadtarchiv-digital.de\/?p=12530"},"modified":"2025-03-06T15:14:32","modified_gmt":"2025-03-06T14:14:32","slug":"lebensgeschichten-der-digitalisierung-22-dialog-city","status":"publish","type":"post","link":"https:\/\/aschaffenburgzweinull.stadtarchiv-digital.de\/lebensgeschichten-der-digitalisierung-22-dialog-city\/","title":{"rendered":"Lebensgeschichten der Digitalisierung (22): Dialog City"},"content":{"rendered":"<p>In der heutigen Podcastfolge geht es um Termine die in diesem Jahr rund um das Thema Digitalisierung, in Aschaffenburg, anstehen. Im Rahmen dieser Termine spielen Begriffe wie &#8222;Future Literacy&#8220; als auch &#8222;Dialog City&#8220; wichtige Rollen. Diese werden von unseren Gespr\u00e4chspartnern erkl\u00e4rt und den B\u00fcrger:innen n\u00e4her gebracht.<\/p>\n<p>Das Gespr\u00e4ch f\u00fchren Eric Leiderer (B\u00fcrgermeister), Joachim Kemper (Leitung des Stadt- und Stiftsarchives), Anna Hein-Schwesinger (Mitarbeiterin des Stadt- und Stiftsarchives), in Moderation durch Moni M\u00fcnch (Main-Echo).<\/p>\n<p>Moni M\u00fcnch arbeitet als Digitalreporterin in der Main-Echo-Onlineredaktion. Dort ist sie in erster Linie f\u00fcr die digitale Umsetzung regionaler Themen in und um Aschaffenburg zust\u00e4ndig und produziert unter anderem Videos und Podcasts. Moni M\u00fcnch wurde 1980 in Aschaffenburg geboren und hat nach dem Abitur in Marburg und Limerick (Irland) Anglistik, Germanistik und Gender Studies studiert. Nach ihrem Volontariat arbeitete sie zun\u00e4chst etliche Jahre als Reporterin und Editorin in der Main-Echo Print-Redaktion, bevor sie sich auf digitalen Journalismus spezialisierte.<\/p>\n<p>Eric Leiderer (Jg. 1972) absolvierte 1988 eine Ausbildung als Zerspanungsmechaniker und trat w\u00e4hrenddessen der IG Metall bei. 1999 wurde er hauptamtlicher Gesch\u00e4ftssekret\u00e4r bei der IG Metall mit den Arbeitsschwerpunkten Jugend, Bildung und Mitgliedergewinnung. Es schlossen sich 2007 und 2009 eine Ausbildung zum systemischen Berater und 2018 ein zertifiziertes Studium in General Management an. 2020 wurde Eric Leiderer zum B\u00fcrgermeister der Stadt Aschaffenburg gew\u00e4hlt. Dort leitet er das Referat f\u00fcr Digitalstrategie, Personalmanagement und zentrale Dienste.<\/p>\n<p>Dr. Joachim Kemper, seit November 2017 Leiter\u00a0 des Stadt- und Stiftsarchivs.<\/p>\n<p>Anna Hein-Schwesinger M. A. studierte an der Julius-Maximilians-Universit\u00e4t W\u00fcrzburg\u00a0 Europ\u00e4ische Ethnologie\/Volkskunde, mit dem Schwerpunkt Erz\u00e4hlforschung, und Germanistik. Nach dem\u00a0 Studium absolvierte sie ein Volontariat beim Bertuch Verlag und war dort anschlie\u00dfend f\u00fcr die Presse-\u00a0 und \u00d6ffentlichkeitsarbeit sowie f\u00fcr das Lektorat vornehmlich der Kinder-, Jugend- und M\u00e4rchenb\u00fccher\u00a0 zust\u00e4ndig. Zwischen 2014 und 2016 war sie Lehrbeauftragte f\u00fcr Kinder- und Jugendliteratur an der\u00a0 Universit\u00e4t Bremen, w\u00e4hrend sie hauptberuflich bis 2021 bei der Deutschen Akademie f\u00fcr Kinder- und\u00a0 Jugendliteratur e. V.\u00a0 angestellt war. Seit 2022 ist sie zertifizierte Museumsp\u00e4dagogin und arbeitet beim\u00a0 Stadt- und Stiftsarchiv Aschaffenburg. Sie ist f\u00fcr die Landeskundliche Bibliothek f\u00fcr Spessart und Untermain zust\u00e4ndig sowie die digitale Vermittlung.<\/p>\n<p>Der Podcast kann bei verschiedenen Podcast-Anbietern geh\u00f6rt werden: <a href=\"https:\/\/open.spotify.com\/episode\/6uz6k2ynFWB3zTlnQIBQZ8?si=GOA2mezKTb2KSE8IYmO7ZA\">Spotify<\/a>, <a href=\"https:\/\/podcasts.apple.com\/de\/podcast\/episode-21-dialog-city\/id1575729433?i=1000698056749\">Apple Podcasts,<\/a>\u00a0<a href=\"https:\/\/www.deezer.com\/de\/show\/2820882?host=0&amp;deferredFl=1\">Deezer<\/a>,\u00a0<a href=\"https:\/\/www.podcast.de\/episode\/677480352\/episode-21-dialog-city\">Podcast.de<\/a>,\u00a0<a href=\"https:\/\/www.audible.de\/pd\/B0DZHJHRSX?source_code=ASSGB149080119000H&amp;share_location=pdp\">Audible<\/a><\/p>\n<p>Viel Spa\u00df beim Zuh\u00f6ren!<\/p>\n<audio class=\"wp-audio-shortcode\" id=\"audio-12530-1\" preload=\"none\" style=\"width: 100%;\" controls=\"controls\"><source type=\"audio\/mpeg\" src=\"https:\/\/aschaffenburgzweinull.stadtarchiv-digital.de\/wp-content\/uploads\/2025\/03\/130225Dialog-City.mp3?_=1\" \/><a href=\"https:\/\/aschaffenburgzweinull.stadtarchiv-digital.de\/wp-content\/uploads\/2025\/03\/130225Dialog-City.mp3\">https:\/\/aschaffenburgzweinull.stadtarchiv-digital.de\/wp-content\/uploads\/2025\/03\/130225Dialog-City.mp3<\/a><\/audio>\n","protected":false},"excerpt":{"rendered":"<p>In der heutigen Podcastfolge geht es um Termine die in diesem Jahr rund um das Thema Digitalisierung, in Aschaffenburg, anstehen. Im Rahmen dieser Termine spielen Begriffe wie &#8222;Future Literacy&#8220; als [&hellip;]<\/p>\n","protected":false},"author":60,"featured_media":9476,"comment_status":"open","ping_status":"open","sticky":false,"template":"","format":"standard","meta":{"_acf_changed":false,"footnotes":""},"categories":[937],"tags":[],"post-format":[],"post-content":[],"class_list":["post-12530","post","type-post","status-publish","format-standard","has-post-thumbnail","hentry","category-podcast","project-podcast-lebensgeschichten-der-digitalisierung"],"acf":[],"yoast_head":"<!-- This site is optimized with the Yoast SEO plugin v27.4 - https:\/\/yoast.com\/product\/yoast-seo-wordpress\/ -->\n<title>Lebensgeschichten der Digitalisierung (22): Dialog City - Aschaffenburg<\/title>\n<meta name=\"robots\" content=\"index, follow, max-snippet:-1, max-image-preview:large, max-video-preview:-1\" \/>\n<link rel=\"canonical\" href=\"https:\/\/aschaffenburgzweinull.stadtarchiv-digital.de\/lebensgeschichten-der-digitalisierung-22-dialog-city\/\" \/>\n<meta property=\"og:locale\" content=\"de_DE\" \/>\n<meta property=\"og:type\" content=\"article\" \/>\n<meta property=\"og:title\" content=\"Lebensgeschichten der Digitalisierung (22): Dialog City - Aschaffenburg\" \/>\n<meta property=\"og:description\" content=\"In der heutigen Podcastfolge geht es um Termine die in diesem Jahr rund um das Thema Digitalisierung, in Aschaffenburg, anstehen. Im Rahmen dieser Termine spielen Begriffe wie &#8222;Future Literacy&#8220; als [&hellip;]\" \/>\n<meta property=\"og:url\" content=\"https:\/\/aschaffenburgzweinull.stadtarchiv-digital.de\/lebensgeschichten-der-digitalisierung-22-dialog-city\/\" \/>\n<meta property=\"og:site_name\" content=\"Aschaffenburg\" \/>\n<meta property=\"article:published_time\" content=\"2025-03-06T14:14:32+00:00\" \/>\n<meta property=\"og:image\" content=\"https:\/\/aschaffenburgzweinull.stadtarchiv-digital.de\/wp-content\/uploads\/2024\/04\/DSA_PodcastCover_Lebensgeschichten_1400x1400px-1080x1080-1.webp\" \/>\n\t<meta property=\"og:image:width\" content=\"1080\" \/>\n\t<meta property=\"og:image:height\" content=\"1080\" \/>\n\t<meta property=\"og:image:type\" content=\"image\/webp\" \/>\n<meta name=\"author\" content=\"Digitalladen\" \/>\n<meta name=\"twitter:card\" content=\"summary_large_image\" \/>\n<meta name=\"twitter:label1\" content=\"Verfasst von\" \/>\n\t<meta name=\"twitter:data1\" content=\"Digitalladen\" \/>\n\t<meta name=\"twitter:label2\" content=\"Gesch\u00e4tzte Lesezeit\" \/>\n\t<meta name=\"twitter:data2\" content=\"3\u00a0Minuten\" \/>\n<script type=\"application\/ld+json\" class=\"yoast-schema-graph\">{\"@context\":\"https:\\\/\\\/schema.org\",\"@graph\":[{\"@type\":\"Article\",\"@id\":\"https:\\\/\\\/aschaffenburgzweinull.stadtarchiv-digital.de\\\/lebensgeschichten-der-digitalisierung-22-dialog-city\\\/#article\",\"isPartOf\":{\"@id\":\"https:\\\/\\\/aschaffenburgzweinull.stadtarchiv-digital.de\\\/lebensgeschichten-der-digitalisierung-22-dialog-city\\\/\"},\"author\":{\"name\":\"Digitalladen\",\"@id\":\"https:\\\/\\\/aschaffenburgzweinull.stadtarchiv-digital.de\\\/#\\\/schema\\\/person\\\/84b4bb62119cfdf954220af584269d46\"},\"headline\":\"Lebensgeschichten der Digitalisierung (22): Dialog City\",\"datePublished\":\"2025-03-06T14:14:32+00:00\",\"mainEntityOfPage\":{\"@id\":\"https:\\\/\\\/aschaffenburgzweinull.stadtarchiv-digital.de\\\/lebensgeschichten-der-digitalisierung-22-dialog-city\\\/\"},\"wordCount\":405,\"commentCount\":0,\"image\":{\"@id\":\"https:\\\/\\\/aschaffenburgzweinull.stadtarchiv-digital.de\\\/lebensgeschichten-der-digitalisierung-22-dialog-city\\\/#primaryimage\"},\"thumbnailUrl\":\"https:\\\/\\\/aschaffenburgzweinull.stadtarchiv-digital.de\\\/wp-content\\\/uploads\\\/2024\\\/04\\\/DSA_PodcastCover_Lebensgeschichten_1400x1400px-1080x1080-1.webp\",\"articleSection\":[\"Podcast\"],\"inLanguage\":\"de\",\"potentialAction\":[{\"@type\":\"CommentAction\",\"name\":\"Comment\",\"target\":[\"https:\\\/\\\/aschaffenburgzweinull.stadtarchiv-digital.de\\\/lebensgeschichten-der-digitalisierung-22-dialog-city\\\/#respond\"]}]},{\"@type\":\"WebPage\",\"@id\":\"https:\\\/\\\/aschaffenburgzweinull.stadtarchiv-digital.de\\\/lebensgeschichten-der-digitalisierung-22-dialog-city\\\/\",\"url\":\"https:\\\/\\\/aschaffenburgzweinull.stadtarchiv-digital.de\\\/lebensgeschichten-der-digitalisierung-22-dialog-city\\\/\",\"name\":\"Lebensgeschichten der Digitalisierung (22): Dialog City - Aschaffenburg\",\"isPartOf\":{\"@id\":\"https:\\\/\\\/aschaffenburgzweinull.stadtarchiv-digital.de\\\/#website\"},\"primaryImageOfPage\":{\"@id\":\"https:\\\/\\\/aschaffenburgzweinull.stadtarchiv-digital.de\\\/lebensgeschichten-der-digitalisierung-22-dialog-city\\\/#primaryimage\"},\"image\":{\"@id\":\"https:\\\/\\\/aschaffenburgzweinull.stadtarchiv-digital.de\\\/lebensgeschichten-der-digitalisierung-22-dialog-city\\\/#primaryimage\"},\"thumbnailUrl\":\"https:\\\/\\\/aschaffenburgzweinull.stadtarchiv-digital.de\\\/wp-content\\\/uploads\\\/2024\\\/04\\\/DSA_PodcastCover_Lebensgeschichten_1400x1400px-1080x1080-1.webp\",\"datePublished\":\"2025-03-06T14:14:32+00:00\",\"author\":{\"@id\":\"https:\\\/\\\/aschaffenburgzweinull.stadtarchiv-digital.de\\\/#\\\/schema\\\/person\\\/84b4bb62119cfdf954220af584269d46\"},\"breadcrumb\":{\"@id\":\"https:\\\/\\\/aschaffenburgzweinull.stadtarchiv-digital.de\\\/lebensgeschichten-der-digitalisierung-22-dialog-city\\\/#breadcrumb\"},\"inLanguage\":\"de\",\"potentialAction\":[{\"@type\":\"ReadAction\",\"target\":[\"https:\\\/\\\/aschaffenburgzweinull.stadtarchiv-digital.de\\\/lebensgeschichten-der-digitalisierung-22-dialog-city\\\/\"]}]},{\"@type\":\"ImageObject\",\"inLanguage\":\"de\",\"@id\":\"https:\\\/\\\/aschaffenburgzweinull.stadtarchiv-digital.de\\\/lebensgeschichten-der-digitalisierung-22-dialog-city\\\/#primaryimage\",\"url\":\"https:\\\/\\\/aschaffenburgzweinull.stadtarchiv-digital.de\\\/wp-content\\\/uploads\\\/2024\\\/04\\\/DSA_PodcastCover_Lebensgeschichten_1400x1400px-1080x1080-1.webp\",\"contentUrl\":\"https:\\\/\\\/aschaffenburgzweinull.stadtarchiv-digital.de\\\/wp-content\\\/uploads\\\/2024\\\/04\\\/DSA_PodcastCover_Lebensgeschichten_1400x1400px-1080x1080-1.webp\",\"width\":1080,\"height\":1080},{\"@type\":\"BreadcrumbList\",\"@id\":\"https:\\\/\\\/aschaffenburgzweinull.stadtarchiv-digital.de\\\/lebensgeschichten-der-digitalisierung-22-dialog-city\\\/#breadcrumb\",\"itemListElement\":[{\"@type\":\"ListItem\",\"position\":1,\"name\":\"Startseite\",\"item\":\"https:\\\/\\\/aschaffenburgzweinull.stadtarchiv-digital.de\\\/\"},{\"@type\":\"ListItem\",\"position\":2,\"name\":\"Lebensgeschichten der Digitalisierung (22): Dialog City\"}]},{\"@type\":\"WebSite\",\"@id\":\"https:\\\/\\\/aschaffenburgzweinull.stadtarchiv-digital.de\\\/#website\",\"url\":\"https:\\\/\\\/aschaffenburgzweinull.stadtarchiv-digital.de\\\/\",\"name\":\"Aschaffenburg\",\"description\":\"2.0\",\"potentialAction\":[{\"@type\":\"SearchAction\",\"target\":{\"@type\":\"EntryPoint\",\"urlTemplate\":\"https:\\\/\\\/aschaffenburgzweinull.stadtarchiv-digital.de\\\/?s={search_term_string}\"},\"query-input\":{\"@type\":\"PropertyValueSpecification\",\"valueRequired\":true,\"valueName\":\"search_term_string\"}}],\"inLanguage\":\"de\"},{\"@type\":\"Person\",\"@id\":\"https:\\\/\\\/aschaffenburgzweinull.stadtarchiv-digital.de\\\/#\\\/schema\\\/person\\\/84b4bb62119cfdf954220af584269d46\",\"name\":\"Digitalladen\",\"url\":\"https:\\\/\\\/aschaffenburgzweinull.stadtarchiv-digital.de\\\/author\\\/paula-lambertson\\\/\"}]}<\/script>\n<!-- \/ Yoast SEO plugin. -->","yoast_head_json":{"title":"Lebensgeschichten der Digitalisierung (22): Dialog City - Aschaffenburg","robots":{"index":"index","follow":"follow","max-snippet":"max-snippet:-1","max-image-preview":"max-image-preview:large","max-video-preview":"max-video-preview:-1"},"canonical":"https:\/\/aschaffenburgzweinull.stadtarchiv-digital.de\/lebensgeschichten-der-digitalisierung-22-dialog-city\/","og_locale":"de_DE","og_type":"article","og_title":"Lebensgeschichten der Digitalisierung (22): Dialog City - Aschaffenburg","og_description":"In der heutigen Podcastfolge geht es um Termine die in diesem Jahr rund um das Thema Digitalisierung, in Aschaffenburg, anstehen. Im Rahmen dieser Termine spielen Begriffe wie &#8222;Future Literacy&#8220; als [&hellip;]","og_url":"https:\/\/aschaffenburgzweinull.stadtarchiv-digital.de\/lebensgeschichten-der-digitalisierung-22-dialog-city\/","og_site_name":"Aschaffenburg","article_published_time":"2025-03-06T14:14:32+00:00","og_image":[{"width":1080,"height":1080,"url":"https:\/\/aschaffenburgzweinull.stadtarchiv-digital.de\/wp-content\/uploads\/2024\/04\/DSA_PodcastCover_Lebensgeschichten_1400x1400px-1080x1080-1.webp","type":"image\/webp"}],"author":"Digitalladen","twitter_card":"summary_large_image","twitter_misc":{"Verfasst von":"Digitalladen","Gesch\u00e4tzte Lesezeit":"3\u00a0Minuten"},"schema":{"@context":"https:\/\/schema.org","@graph":[{"@type":"Article","@id":"https:\/\/aschaffenburgzweinull.stadtarchiv-digital.de\/lebensgeschichten-der-digitalisierung-22-dialog-city\/#article","isPartOf":{"@id":"https:\/\/aschaffenburgzweinull.stadtarchiv-digital.de\/lebensgeschichten-der-digitalisierung-22-dialog-city\/"},"author":{"name":"Digitalladen","@id":"https:\/\/aschaffenburgzweinull.stadtarchiv-digital.de\/#\/schema\/person\/84b4bb62119cfdf954220af584269d46"},"headline":"Lebensgeschichten der Digitalisierung (22): Dialog City","datePublished":"2025-03-06T14:14:32+00:00","mainEntityOfPage":{"@id":"https:\/\/aschaffenburgzweinull.stadtarchiv-digital.de\/lebensgeschichten-der-digitalisierung-22-dialog-city\/"},"wordCount":405,"commentCount":0,"image":{"@id":"https:\/\/aschaffenburgzweinull.stadtarchiv-digital.de\/lebensgeschichten-der-digitalisierung-22-dialog-city\/#primaryimage"},"thumbnailUrl":"https:\/\/aschaffenburgzweinull.stadtarchiv-digital.de\/wp-content\/uploads\/2024\/04\/DSA_PodcastCover_Lebensgeschichten_1400x1400px-1080x1080-1.webp","articleSection":["Podcast"],"inLanguage":"de","potentialAction":[{"@type":"CommentAction","name":"Comment","target":["https:\/\/aschaffenburgzweinull.stadtarchiv-digital.de\/lebensgeschichten-der-digitalisierung-22-dialog-city\/#respond"]}]},{"@type":"WebPage","@id":"https:\/\/aschaffenburgzweinull.stadtarchiv-digital.de\/lebensgeschichten-der-digitalisierung-22-dialog-city\/","url":"https:\/\/aschaffenburgzweinull.stadtarchiv-digital.de\/lebensgeschichten-der-digitalisierung-22-dialog-city\/","name":"Lebensgeschichten der Digitalisierung (22): Dialog City - Aschaffenburg","isPartOf":{"@id":"https:\/\/aschaffenburgzweinull.stadtarchiv-digital.de\/#website"},"primaryImageOfPage":{"@id":"https:\/\/aschaffenburgzweinull.stadtarchiv-digital.de\/lebensgeschichten-der-digitalisierung-22-dialog-city\/#primaryimage"},"image":{"@id":"https:\/\/aschaffenburgzweinull.stadtarchiv-digital.de\/lebensgeschichten-der-digitalisierung-22-dialog-city\/#primaryimage"},"thumbnailUrl":"https:\/\/aschaffenburgzweinull.stadtarchiv-digital.de\/wp-content\/uploads\/2024\/04\/DSA_PodcastCover_Lebensgeschichten_1400x1400px-1080x1080-1.webp","datePublished":"2025-03-06T14:14:32+00:00","author":{"@id":"https:\/\/aschaffenburgzweinull.stadtarchiv-digital.de\/#\/schema\/person\/84b4bb62119cfdf954220af584269d46"},"breadcrumb":{"@id":"https:\/\/aschaffenburgzweinull.stadtarchiv-digital.de\/lebensgeschichten-der-digitalisierung-22-dialog-city\/#breadcrumb"},"inLanguage":"de","potentialAction":[{"@type":"ReadAction","target":["https:\/\/aschaffenburgzweinull.stadtarchiv-digital.de\/lebensgeschichten-der-digitalisierung-22-dialog-city\/"]}]},{"@type":"ImageObject","inLanguage":"de","@id":"https:\/\/aschaffenburgzweinull.stadtarchiv-digital.de\/lebensgeschichten-der-digitalisierung-22-dialog-city\/#primaryimage","url":"https:\/\/aschaffenburgzweinull.stadtarchiv-digital.de\/wp-content\/uploads\/2024\/04\/DSA_PodcastCover_Lebensgeschichten_1400x1400px-1080x1080-1.webp","contentUrl":"https:\/\/aschaffenburgzweinull.stadtarchiv-digital.de\/wp-content\/uploads\/2024\/04\/DSA_PodcastCover_Lebensgeschichten_1400x1400px-1080x1080-1.webp","width":1080,"height":1080},{"@type":"BreadcrumbList","@id":"https:\/\/aschaffenburgzweinull.stadtarchiv-digital.de\/lebensgeschichten-der-digitalisierung-22-dialog-city\/#breadcrumb","itemListElement":[{"@type":"ListItem","position":1,"name":"Startseite","item":"https:\/\/aschaffenburgzweinull.stadtarchiv-digital.de\/"},{"@type":"ListItem","position":2,"name":"Lebensgeschichten der Digitalisierung (22): Dialog City"}]},{"@type":"WebSite","@id":"https:\/\/aschaffenburgzweinull.stadtarchiv-digital.de\/#website","url":"https:\/\/aschaffenburgzweinull.stadtarchiv-digital.de\/","name":"Aschaffenburg","description":"2.0","potentialAction":[{"@type":"SearchAction","target":{"@type":"EntryPoint","urlTemplate":"https:\/\/aschaffenburgzweinull.stadtarchiv-digital.de\/?s={search_term_string}"},"query-input":{"@type":"PropertyValueSpecification","valueRequired":true,"valueName":"search_term_string"}}],"inLanguage":"de"},{"@type":"Person","@id":"https:\/\/aschaffenburgzweinull.stadtarchiv-digital.de\/#\/schema\/person\/84b4bb62119cfdf954220af584269d46","name":"Digitalladen","url":"https:\/\/aschaffenburgzweinull.stadtarchiv-digital.de\/author\/paula-lambertson\/"}]}},"_links":{"self":[{"href":"https:\/\/aschaffenburgzweinull.stadtarchiv-digital.de\/data\/wp\/v2\/posts\/12530","targetHints":{"allow":["GET"]}}],"collection":[{"href":"https:\/\/aschaffenburgzweinull.stadtarchiv-digital.de\/data\/wp\/v2\/posts"}],"about":[{"href":"https:\/\/aschaffenburgzweinull.stadtarchiv-digital.de\/data\/wp\/v2\/types\/post"}],"author":[{"embeddable":true,"href":"https:\/\/aschaffenburgzweinull.stadtarchiv-digital.de\/data\/wp\/v2\/users\/60"}],"replies":[{"embeddable":true,"href":"https:\/\/aschaffenburgzweinull.stadtarchiv-digital.de\/data\/wp\/v2\/comments?post=12530"}],"version-history":[{"count":5,"href":"https:\/\/aschaffenburgzweinull.stadtarchiv-digital.de\/data\/wp\/v2\/posts\/12530\/revisions"}],"predecessor-version":[{"id":13456,"href":"https:\/\/aschaffenburgzweinull.stadtarchiv-digital.de\/data\/wp\/v2\/posts\/12530\/revisions\/13456"}],"wp:featuredmedia":[{"embeddable":true,"href":"https:\/\/aschaffenburgzweinull.stadtarchiv-digital.de\/data\/wp\/v2\/media\/9476"}],"wp:attachment":[{"href":"https:\/\/aschaffenburgzweinull.stadtarchiv-digital.de\/data\/wp\/v2\/media?parent=12530"}],"wp:term":[{"taxonomy":"category","embeddable":true,"href":"https:\/\/aschaffenburgzweinull.stadtarchiv-digital.de\/data\/wp\/v2\/categories?post=12530"},{"taxonomy":"post_tag","embeddable":true,"href":"https:\/\/aschaffenburgzweinull.stadtarchiv-digital.de\/data\/wp\/v2\/tags?post=12530"},{"taxonomy":"format","embeddable":true,"href":"https:\/\/aschaffenburgzweinull.stadtarchiv-digital.de\/data\/wp\/v2\/post-format?post=12530"},{"taxonomy":"content","embeddable":true,"href":"https:\/\/aschaffenburgzweinull.stadtarchiv-digital.de\/data\/wp\/v2\/post-content?post=12530"}],"curies":[{"name":"wp","href":"https:\/\/api.w.org\/{rel}","templated":true}]}}