{"id":1216,"date":"2020-12-16T10:15:00","date_gmt":"2020-12-16T09:15:00","guid":{"rendered":"https:\/\/aschaffenburgzweinull.stadtarchiv-digital.de\/?p=1216"},"modified":"2022-01-19T22:17:12","modified_gmt":"2022-01-19T21:17:12","slug":"die-aschaffenburger-familie-ritter-von-deines-und-ihr-adelssitz-auf-dem-gut-neuhof","status":"publish","type":"post","link":"https:\/\/aschaffenburgzweinull.stadtarchiv-digital.de\/die-aschaffenburger-familie-ritter-von-deines-und-ihr-adelssitz-auf-dem-gut-neuhof\/","title":{"rendered":"Die Aschaffenburger Familie Ritter von Deines und ihr Adelssitz auf dem Gut Neuhof"},"content":{"rendered":"<p>Der Neuhof in Aschaffenburg kann auf eine lange Geschichte zur\u00fcckblicken. 1570 erstmals erw\u00e4hnt, wechselten die Besitzer und die Nutzung des Hofes ihr Gesicht. Gebhard Johann Syndikus zeichnet in seinem Beitrag die Geschichte des Neuhofes nach.<\/p>\n<p>Von einem auf dem Gel\u00e4nde gelegenen Seuchenhospital im 17. Jahrhundert \u00fcber die \u00f6konomische Nutzung des Hofes samt Viehhaltung und Brennerei im 19. Jahrhundert bis in die 1960er Jahre hinein, als der Hof an die Stadt Aschaffenburg \u00fcberging, reicht der Bericht. Viel ausf\u00fchrlicher wird dar\u00fcber hinaus ein Blick auf die Familiengeschichte der Aschaffenburger Linien der Familie Ritter von Deines geworfen und der soziale Aufstieg der Familie in der Fr\u00fchen Neuzeit, das Familienwappen, Heiratsverbindungen und der Werdegang der Familie beschrieben und erl\u00e4utert.<\/p>\n<p>Der vollst\u00e4ndige Beitrag befindet sich hier: <a href=\"https:\/\/aschaffenburgzweinull.stadtarchiv-digital.de\/wp-content\/uploads\/2020\/12\/Die-Aschaffenburger-Familie-Ritter-von-Deines-2.pdf\">Die Aschaffenburger Familie Ritter von Deines<\/a><\/p>\n<p>&nbsp;<\/p>\n<p>&nbsp;<\/p>\n","protected":false},"excerpt":{"rendered":"<p>Der Neuhof in Aschaffenburg kann auf eine lange Geschichte zur\u00fcckblicken. 1570 erstmals erw\u00e4hnt, wechselten die Besitzer und die Nutzung des Hofes ihr Gesicht. Gebhard Johann Syndikus zeichnet in seinem Beitrag [&hellip;]<\/p>\n","protected":false},"author":3,"featured_media":0,"comment_status":"open","ping_status":"open","sticky":false,"template":"","format":"standard","meta":{"_acf_changed":false,"footnotes":""},"categories":[1,38,39],"tags":[157,158,159],"post-format":[2],"post-content":[3,67],"class_list":["post-1216","post","type-post","status-publish","format-standard","hentry","category-bildung","category-geschichte","category-kultur","tag-neuhof","tag-familiengeschichte","tag-ritter-von-deines","format-information","content-image","content-text","project-stadtarchiv"],"acf":[],"yoast_head":"<!-- This site is optimized with the Yoast SEO plugin v27.4 - https:\/\/yoast.com\/product\/yoast-seo-wordpress\/ -->\n<title>Die Aschaffenburger Familie Ritter von Deines und ihr Adelssitz auf dem Gut Neuhof - Aschaffenburg<\/title>\n<meta name=\"robots\" content=\"index, follow, max-snippet:-1, max-image-preview:large, max-video-preview:-1\" \/>\n<link rel=\"canonical\" href=\"https:\/\/aschaffenburgzweinull.stadtarchiv-digital.de\/die-aschaffenburger-familie-ritter-von-deines-und-ihr-adelssitz-auf-dem-gut-neuhof\/\" \/>\n<meta property=\"og:locale\" content=\"de_DE\" \/>\n<meta property=\"og:type\" content=\"article\" \/>\n<meta property=\"og:title\" content=\"Die Aschaffenburger Familie Ritter von Deines und ihr Adelssitz auf dem Gut Neuhof - Aschaffenburg\" \/>\n<meta property=\"og:description\" content=\"Der Neuhof in Aschaffenburg kann auf eine lange Geschichte zur\u00fcckblicken. 1570 erstmals erw\u00e4hnt, wechselten die Besitzer und die Nutzung des Hofes ihr Gesicht. Gebhard Johann Syndikus zeichnet in seinem Beitrag [&hellip;]\" \/>\n<meta property=\"og:url\" content=\"https:\/\/aschaffenburgzweinull.stadtarchiv-digital.de\/die-aschaffenburger-familie-ritter-von-deines-und-ihr-adelssitz-auf-dem-gut-neuhof\/\" \/>\n<meta property=\"og:site_name\" content=\"Aschaffenburg\" \/>\n<meta property=\"article:published_time\" content=\"2020-12-16T09:15:00+00:00\" \/>\n<meta property=\"article:modified_time\" content=\"2022-01-19T21:17:12+00:00\" \/>\n<meta property=\"og:image\" content=\"https:\/\/aschaffenburgzweinull.stadtarchiv-digital.de\/wp-content\/uploads\/2020\/07\/Logo-Stadtarchiv-Aschaffenburg.png\" \/>\n\t<meta property=\"og:image:width\" content=\"379\" \/>\n\t<meta property=\"og:image:height\" content=\"70\" \/>\n\t<meta property=\"og:image:type\" content=\"image\/png\" \/>\n<meta name=\"author\" content=\"Aschaffenburg_2.0\" \/>\n<meta name=\"twitter:card\" content=\"summary_large_image\" \/>\n<meta name=\"twitter:label1\" content=\"Verfasst von\" \/>\n\t<meta name=\"twitter:data1\" content=\"Aschaffenburg_2.0\" \/>\n\t<meta name=\"twitter:label2\" content=\"Gesch\u00e4tzte Lesezeit\" \/>\n\t<meta name=\"twitter:data2\" content=\"1\u00a0Minute\" \/>\n<script type=\"application\/ld+json\" class=\"yoast-schema-graph\">{\"@context\":\"https:\\\/\\\/schema.org\",\"@graph\":[{\"@type\":\"Article\",\"@id\":\"https:\\\/\\\/aschaffenburgzweinull.stadtarchiv-digital.de\\\/die-aschaffenburger-familie-ritter-von-deines-und-ihr-adelssitz-auf-dem-gut-neuhof\\\/#article\",\"isPartOf\":{\"@id\":\"https:\\\/\\\/aschaffenburgzweinull.stadtarchiv-digital.de\\\/die-aschaffenburger-familie-ritter-von-deines-und-ihr-adelssitz-auf-dem-gut-neuhof\\\/\"},\"author\":{\"name\":\"Aschaffenburg_2.0\",\"@id\":\"https:\\\/\\\/aschaffenburgzweinull.stadtarchiv-digital.de\\\/#\\\/schema\\\/person\\\/6620dad05f894110a34e3afd3c3cf3ff\"},\"headline\":\"Die Aschaffenburger Familie Ritter von Deines und ihr Adelssitz auf dem Gut Neuhof\",\"datePublished\":\"2020-12-16T09:15:00+00:00\",\"dateModified\":\"2022-01-19T21:17:12+00:00\",\"mainEntityOfPage\":{\"@id\":\"https:\\\/\\\/aschaffenburgzweinull.stadtarchiv-digital.de\\\/die-aschaffenburger-familie-ritter-von-deines-und-ihr-adelssitz-auf-dem-gut-neuhof\\\/\"},\"wordCount\":147,\"commentCount\":5,\"keywords\":[\"Neuhof\",\"Familiengeschichte\",\"Ritter von Deines\"],\"articleSection\":[\"Bildung\",\"Geschichte\",\"Kultur\"],\"inLanguage\":\"de\",\"potentialAction\":[{\"@type\":\"CommentAction\",\"name\":\"Comment\",\"target\":[\"https:\\\/\\\/aschaffenburgzweinull.stadtarchiv-digital.de\\\/die-aschaffenburger-familie-ritter-von-deines-und-ihr-adelssitz-auf-dem-gut-neuhof\\\/#respond\"]}]},{\"@type\":\"WebPage\",\"@id\":\"https:\\\/\\\/aschaffenburgzweinull.stadtarchiv-digital.de\\\/die-aschaffenburger-familie-ritter-von-deines-und-ihr-adelssitz-auf-dem-gut-neuhof\\\/\",\"url\":\"https:\\\/\\\/aschaffenburgzweinull.stadtarchiv-digital.de\\\/die-aschaffenburger-familie-ritter-von-deines-und-ihr-adelssitz-auf-dem-gut-neuhof\\\/\",\"name\":\"Die Aschaffenburger Familie Ritter von Deines und ihr Adelssitz auf dem Gut Neuhof - Aschaffenburg\",\"isPartOf\":{\"@id\":\"https:\\\/\\\/aschaffenburgzweinull.stadtarchiv-digital.de\\\/#website\"},\"datePublished\":\"2020-12-16T09:15:00+00:00\",\"dateModified\":\"2022-01-19T21:17:12+00:00\",\"author\":{\"@id\":\"https:\\\/\\\/aschaffenburgzweinull.stadtarchiv-digital.de\\\/#\\\/schema\\\/person\\\/6620dad05f894110a34e3afd3c3cf3ff\"},\"breadcrumb\":{\"@id\":\"https:\\\/\\\/aschaffenburgzweinull.stadtarchiv-digital.de\\\/die-aschaffenburger-familie-ritter-von-deines-und-ihr-adelssitz-auf-dem-gut-neuhof\\\/#breadcrumb\"},\"inLanguage\":\"de\",\"potentialAction\":[{\"@type\":\"ReadAction\",\"target\":[\"https:\\\/\\\/aschaffenburgzweinull.stadtarchiv-digital.de\\\/die-aschaffenburger-familie-ritter-von-deines-und-ihr-adelssitz-auf-dem-gut-neuhof\\\/\"]}]},{\"@type\":\"BreadcrumbList\",\"@id\":\"https:\\\/\\\/aschaffenburgzweinull.stadtarchiv-digital.de\\\/die-aschaffenburger-familie-ritter-von-deines-und-ihr-adelssitz-auf-dem-gut-neuhof\\\/#breadcrumb\",\"itemListElement\":[{\"@type\":\"ListItem\",\"position\":1,\"name\":\"Startseite\",\"item\":\"https:\\\/\\\/aschaffenburgzweinull.stadtarchiv-digital.de\\\/\"},{\"@type\":\"ListItem\",\"position\":2,\"name\":\"Die Aschaffenburger Familie Ritter von Deines und ihr Adelssitz auf dem Gut Neuhof\"}]},{\"@type\":\"WebSite\",\"@id\":\"https:\\\/\\\/aschaffenburgzweinull.stadtarchiv-digital.de\\\/#website\",\"url\":\"https:\\\/\\\/aschaffenburgzweinull.stadtarchiv-digital.de\\\/\",\"name\":\"Aschaffenburg\",\"description\":\"2.0\",\"potentialAction\":[{\"@type\":\"SearchAction\",\"target\":{\"@type\":\"EntryPoint\",\"urlTemplate\":\"https:\\\/\\\/aschaffenburgzweinull.stadtarchiv-digital.de\\\/?s={search_term_string}\"},\"query-input\":{\"@type\":\"PropertyValueSpecification\",\"valueRequired\":true,\"valueName\":\"search_term_string\"}}],\"inLanguage\":\"de\"},{\"@type\":\"Person\",\"@id\":\"https:\\\/\\\/aschaffenburgzweinull.stadtarchiv-digital.de\\\/#\\\/schema\\\/person\\\/6620dad05f894110a34e3afd3c3cf3ff\",\"name\":\"Aschaffenburg_2.0\",\"url\":\"https:\\\/\\\/aschaffenburgzweinull.stadtarchiv-digital.de\\\/author\\\/aschaffenburg_2-0\\\/\"}]}<\/script>\n<!-- \/ Yoast SEO plugin. -->","yoast_head_json":{"title":"Die Aschaffenburger Familie Ritter von Deines und ihr Adelssitz auf dem Gut Neuhof - Aschaffenburg","robots":{"index":"index","follow":"follow","max-snippet":"max-snippet:-1","max-image-preview":"max-image-preview:large","max-video-preview":"max-video-preview:-1"},"canonical":"https:\/\/aschaffenburgzweinull.stadtarchiv-digital.de\/die-aschaffenburger-familie-ritter-von-deines-und-ihr-adelssitz-auf-dem-gut-neuhof\/","og_locale":"de_DE","og_type":"article","og_title":"Die Aschaffenburger Familie Ritter von Deines und ihr Adelssitz auf dem Gut Neuhof - Aschaffenburg","og_description":"Der Neuhof in Aschaffenburg kann auf eine lange Geschichte zur\u00fcckblicken. 1570 erstmals erw\u00e4hnt, wechselten die Besitzer und die Nutzung des Hofes ihr Gesicht. Gebhard Johann Syndikus zeichnet in seinem Beitrag [&hellip;]","og_url":"https:\/\/aschaffenburgzweinull.stadtarchiv-digital.de\/die-aschaffenburger-familie-ritter-von-deines-und-ihr-adelssitz-auf-dem-gut-neuhof\/","og_site_name":"Aschaffenburg","article_published_time":"2020-12-16T09:15:00+00:00","article_modified_time":"2022-01-19T21:17:12+00:00","og_image":[{"width":379,"height":70,"url":"https:\/\/aschaffenburgzweinull.stadtarchiv-digital.de\/wp-content\/uploads\/2020\/07\/Logo-Stadtarchiv-Aschaffenburg.png","type":"image\/png"}],"author":"Aschaffenburg_2.0","twitter_card":"summary_large_image","twitter_misc":{"Verfasst von":"Aschaffenburg_2.0","Gesch\u00e4tzte Lesezeit":"1\u00a0Minute"},"schema":{"@context":"https:\/\/schema.org","@graph":[{"@type":"Article","@id":"https:\/\/aschaffenburgzweinull.stadtarchiv-digital.de\/die-aschaffenburger-familie-ritter-von-deines-und-ihr-adelssitz-auf-dem-gut-neuhof\/#article","isPartOf":{"@id":"https:\/\/aschaffenburgzweinull.stadtarchiv-digital.de\/die-aschaffenburger-familie-ritter-von-deines-und-ihr-adelssitz-auf-dem-gut-neuhof\/"},"author":{"name":"Aschaffenburg_2.0","@id":"https:\/\/aschaffenburgzweinull.stadtarchiv-digital.de\/#\/schema\/person\/6620dad05f894110a34e3afd3c3cf3ff"},"headline":"Die Aschaffenburger Familie Ritter von Deines und ihr Adelssitz auf dem Gut Neuhof","datePublished":"2020-12-16T09:15:00+00:00","dateModified":"2022-01-19T21:17:12+00:00","mainEntityOfPage":{"@id":"https:\/\/aschaffenburgzweinull.stadtarchiv-digital.de\/die-aschaffenburger-familie-ritter-von-deines-und-ihr-adelssitz-auf-dem-gut-neuhof\/"},"wordCount":147,"commentCount":5,"keywords":["Neuhof","Familiengeschichte","Ritter von Deines"],"articleSection":["Bildung","Geschichte","Kultur"],"inLanguage":"de","potentialAction":[{"@type":"CommentAction","name":"Comment","target":["https:\/\/aschaffenburgzweinull.stadtarchiv-digital.de\/die-aschaffenburger-familie-ritter-von-deines-und-ihr-adelssitz-auf-dem-gut-neuhof\/#respond"]}]},{"@type":"WebPage","@id":"https:\/\/aschaffenburgzweinull.stadtarchiv-digital.de\/die-aschaffenburger-familie-ritter-von-deines-und-ihr-adelssitz-auf-dem-gut-neuhof\/","url":"https:\/\/aschaffenburgzweinull.stadtarchiv-digital.de\/die-aschaffenburger-familie-ritter-von-deines-und-ihr-adelssitz-auf-dem-gut-neuhof\/","name":"Die Aschaffenburger Familie Ritter von Deines und ihr Adelssitz auf dem Gut Neuhof - Aschaffenburg","isPartOf":{"@id":"https:\/\/aschaffenburgzweinull.stadtarchiv-digital.de\/#website"},"datePublished":"2020-12-16T09:15:00+00:00","dateModified":"2022-01-19T21:17:12+00:00","author":{"@id":"https:\/\/aschaffenburgzweinull.stadtarchiv-digital.de\/#\/schema\/person\/6620dad05f894110a34e3afd3c3cf3ff"},"breadcrumb":{"@id":"https:\/\/aschaffenburgzweinull.stadtarchiv-digital.de\/die-aschaffenburger-familie-ritter-von-deines-und-ihr-adelssitz-auf-dem-gut-neuhof\/#breadcrumb"},"inLanguage":"de","potentialAction":[{"@type":"ReadAction","target":["https:\/\/aschaffenburgzweinull.stadtarchiv-digital.de\/die-aschaffenburger-familie-ritter-von-deines-und-ihr-adelssitz-auf-dem-gut-neuhof\/"]}]},{"@type":"BreadcrumbList","@id":"https:\/\/aschaffenburgzweinull.stadtarchiv-digital.de\/die-aschaffenburger-familie-ritter-von-deines-und-ihr-adelssitz-auf-dem-gut-neuhof\/#breadcrumb","itemListElement":[{"@type":"ListItem","position":1,"name":"Startseite","item":"https:\/\/aschaffenburgzweinull.stadtarchiv-digital.de\/"},{"@type":"ListItem","position":2,"name":"Die Aschaffenburger Familie Ritter von Deines und ihr Adelssitz auf dem Gut Neuhof"}]},{"@type":"WebSite","@id":"https:\/\/aschaffenburgzweinull.stadtarchiv-digital.de\/#website","url":"https:\/\/aschaffenburgzweinull.stadtarchiv-digital.de\/","name":"Aschaffenburg","description":"2.0","potentialAction":[{"@type":"SearchAction","target":{"@type":"EntryPoint","urlTemplate":"https:\/\/aschaffenburgzweinull.stadtarchiv-digital.de\/?s={search_term_string}"},"query-input":{"@type":"PropertyValueSpecification","valueRequired":true,"valueName":"search_term_string"}}],"inLanguage":"de"},{"@type":"Person","@id":"https:\/\/aschaffenburgzweinull.stadtarchiv-digital.de\/#\/schema\/person\/6620dad05f894110a34e3afd3c3cf3ff","name":"Aschaffenburg_2.0","url":"https:\/\/aschaffenburgzweinull.stadtarchiv-digital.de\/author\/aschaffenburg_2-0\/"}]}},"_links":{"self":[{"href":"https:\/\/aschaffenburgzweinull.stadtarchiv-digital.de\/data\/wp\/v2\/posts\/1216","targetHints":{"allow":["GET"]}}],"collection":[{"href":"https:\/\/aschaffenburgzweinull.stadtarchiv-digital.de\/data\/wp\/v2\/posts"}],"about":[{"href":"https:\/\/aschaffenburgzweinull.stadtarchiv-digital.de\/data\/wp\/v2\/types\/post"}],"author":[{"embeddable":true,"href":"https:\/\/aschaffenburgzweinull.stadtarchiv-digital.de\/data\/wp\/v2\/users\/3"}],"replies":[{"embeddable":true,"href":"https:\/\/aschaffenburgzweinull.stadtarchiv-digital.de\/data\/wp\/v2\/comments?post=1216"}],"version-history":[{"count":12,"href":"https:\/\/aschaffenburgzweinull.stadtarchiv-digital.de\/data\/wp\/v2\/posts\/1216\/revisions"}],"predecessor-version":[{"id":2651,"href":"https:\/\/aschaffenburgzweinull.stadtarchiv-digital.de\/data\/wp\/v2\/posts\/1216\/revisions\/2651"}],"wp:attachment":[{"href":"https:\/\/aschaffenburgzweinull.stadtarchiv-digital.de\/data\/wp\/v2\/media?parent=1216"}],"wp:term":[{"taxonomy":"category","embeddable":true,"href":"https:\/\/aschaffenburgzweinull.stadtarchiv-digital.de\/data\/wp\/v2\/categories?post=1216"},{"taxonomy":"post_tag","embeddable":true,"href":"https:\/\/aschaffenburgzweinull.stadtarchiv-digital.de\/data\/wp\/v2\/tags?post=1216"},{"taxonomy":"format","embeddable":true,"href":"https:\/\/aschaffenburgzweinull.stadtarchiv-digital.de\/data\/wp\/v2\/post-format?post=1216"},{"taxonomy":"content","embeddable":true,"href":"https:\/\/aschaffenburgzweinull.stadtarchiv-digital.de\/data\/wp\/v2\/post-content?post=1216"}],"curies":[{"name":"wp","href":"https:\/\/api.w.org\/{rel}","templated":true}]}}