{"id":1063,"date":"2020-11-20T16:40:02","date_gmt":"2020-11-20T15:40:02","guid":{"rendered":"https:\/\/aschaffenburgzweinull.stadtarchiv-digital.de\/?p=1063"},"modified":"2024-03-07T11:04:56","modified_gmt":"2024-03-07T10:04:56","slug":"bubengeschichten-vom-godelsberg-der-lufthof","status":"publish","type":"post","link":"https:\/\/aschaffenburgzweinull.stadtarchiv-digital.de\/bubengeschichten-vom-godelsberg-der-lufthof\/","title":{"rendered":"Bubengeschichten vom Godelsberg &#8211; der Lufthof"},"content":{"rendered":"<p>Am Beginn der Schmerlenbacher Stra\u00dfe, also nach dem Zeughaus und dem sich anschlie\u00dfenden oberen Fasaneriew\u00e4ldchen mit dem sog. &#8222;Luginsland&#8220; (Ausblick unterhalb des Zeughauses Richtung Johannesberg \/ Kugelberg) in Richtung Schellenm\u00fchle \/ Schmerlenbach, liegt linker Hand am Lufthofweg, Richtung Kleingartenanlage Fasanerie, der &#8222;Lufthof&#8220;. Als Bub bin ich mit meinen Spielkameraden 1963 \/ 1966 oft \u00fcber die Kippenburg hierhergezogen. Denn dieses, damals langsam verfallende Hof-Ensemble war einfach ein toller Abenteuerspielplatz.<\/p>\n<p>Direkt hinter dem hohen Eingangstor war ein zentraler gepflasterter Platz, in dessen Mitte ein sch\u00f6ner alter Lindenbaum stand. Dahinter Richtung Schellenm\u00fchle lag das Haupthaus, links und rechts davon waren Scheunen und verschiedene Stallungen. Dieser Hof wurde damals noch bewirtschaftet, aber\u00a0 er war bereits in einem bedauerlichen, fast schon verwahrlosten Zustand. Es grunzten zwar immer noch ein paar freilaufende Schweine und gackernde H\u00fchner liefen K\u00f6rner pickend umher. Auch sah man den gesch\u00e4ftig umherwieselnden\u00a0 Bauer &#8211; einen alten, stark hinkenden und \u00e4rmlich bekleideten Mann, der hier mit seinem Hund alleine lebte. Von meinem Vater wusste ich, dass dieser Hof wohl in den 1920 \/ 1930-Jahren schon viel bessere Zeiten erlebt hatte, n\u00e4mlich auch als florierende Gastwirtschaft bzw. Restauration.<\/p>\n<p>Oberhalb der Hofgeb\u00e4ude, Richtung Schmerlenbacher Stra\u00dfe, befand sich ein damals noch niedrig bewachsener, park\u00e4hnlich gestalteter Garten mit einer Quelle &#8211; er war eingez\u00e4unt. Aber nat\u00fcrlich fanden wir eine L\u00fccke in dem schon br\u00fcchigen Zaun, um dort hinein zu gelangen. Diesen Garten empfand ich damals als &#8222;verwunschenes idyllisches Paradies`chen&#8220;, das im Fr\u00fchling \u00fcbers\u00e4ht war mit tausenden wei\u00dfen Buschwindr\u00f6schen. Fast in der Mitte gab es eine kleine gefasste Wasserquelle mit einem sich anschlie\u00dfenden, flie\u00dfenden B\u00e4chlein; dar\u00fcber ein kleines steinernes Br\u00fcckchen. Es waren im ganzen Garten schmale Wege angelegt &#8211; sich romantisch schl\u00e4ngelnd mit steinernen B\u00e4nkchen am Rand. Kleine Gr\u00fcnpflanzungen lockerten gemeinsam mit niedrigen B\u00e4umen alles auf und machten ihn zu einem irgendwie geheimnisumwitternden &#8222;Mini-Park&#8220;, der einmal mit viel Detailliebe angelegt worden sein musste, aber langsam verwilderte. Also ein Ort zum Entdecken und Tr\u00e4umen &#8211; vor dem Hintergrund des alten, langsam verfallenden Hofes mit echtem morbiden Charme &#8211; wie aus einer &#8222;Spessartsage&#8220;!<\/p>\n<p>Nat\u00fcrlich warteten wir oft ab, bis der alte Bauer zusammen mit dem Hund den Hof verlie\u00df, um dann in die Scheunen zu schleichen, wo es unendlich viel Interessantes zu sehen gab: alte Pferdekutschen, alte Ackerger\u00e4tschaften usw. Da wir nicht erwischt werden wollten, wurde bei diesen Aktionen immer einer von uns\u00a0 als Wache bestimmt, denn ab und zu wurden wir ja schon von dem &#8222;Alten&#8220; erwischt und von ihm w\u00fctend gestikulierend und hinkend vertrieben. Denn manches Mal fanden wir ja auch ein paar H\u00fchnereier, die wir sorgsam in unseren Brotbeuteln verstauten &#8211; also &#8222;klauten&#8220;. Mit durchaus schlechtem Gewissen zogen wir dann aber auch wieder schnell mit dieser &#8222;Beute&#8220; ab &#8211; meist wieder hoch auf die Kippenburg. Diese war damals noch &#8222;in unserer Hand&#8220;, denn der Karnevals-Verein &#8222;Stadtgarde&#8220; war noch nicht Dauerp\u00e4chter. Sie war auch noch nicht so baulich ver\u00e4ndert, gesichert und eingez\u00e4unt wie heute. Wir hatten also auch Zugang in den Turm und auf die obere, damals noch nicht \u00fcberdachte Plattform. Dort oben f\u00fchlten wir uns sicher und brutzelten unsere geklauten H\u00fchnereier &#8211; oft zusammen mit einer Dose &#8222;Corned Beef&#8220; von amerikanischen GI\u00b4s (aber das ist eine andere Geschichte).\u00a0 Kein Problem &#8211; dank unserem &#8222;Esbitkocher&#8220;, den Fahrtenmessern und dem Feldgeschirr.<\/p>\n<p>Ach &#8211; es war `ne sch\u00f6ne, unbeschwerte Zeit mit vielen Freir\u00e4umen &#8211; die ich selbstverst\u00e4ndlich nicht verkl\u00e4rt sehe &#8211; oder doch etwas!?<\/p>\n<p>Nachtrag: Dort, wo einmal das o.g. G\u00e4rtchen war, steht\u00a0 heute nur noch ein verbuschtes und verwahrlostes W\u00e4ldchen &#8211; lediglich die Quelle ist noch zu erkennen. Aber der Hof wurde wenigstens von der Stadt Aschaffenburg als Eigent\u00fcmerin vor dem Abbruch gerettet und von dem aktuellen P\u00e4chter seit 1982 (Karneval-Klub-Kakadu &#8211; CCC) wieder fein herausgeputzt und renoviert. Seit einigen Jahren finden dort auch wieder \u00f6ffentliche Lufthoffeste statt &#8211; hoffentlich werden diese nach &#8222;Corona&#8220; auch wieder stattfinden!?<\/p>\n<p>K.M. 2020<\/p>\n","protected":false},"excerpt":{"rendered":"<p>Am Beginn der Schmerlenbacher Stra\u00dfe, also nach dem Zeughaus und dem sich anschlie\u00dfenden oberen Fasaneriew\u00e4ldchen mit dem sog. &#8222;Luginsland&#8220; (Ausblick unterhalb des Zeughauses Richtung Johannesberg \/ Kugelberg) in Richtung Schellenm\u00fchle [&hellip;]<\/p>\n","protected":false},"author":39,"featured_media":0,"comment_status":"open","ping_status":"open","sticky":false,"template":"","format":"standard","meta":{"_acf_changed":false,"footnotes":""},"categories":[7,41,42],"tags":[49,104,139,140],"post-format":[44],"post-content":[3,67],"class_list":["post-1063","post","type-post","status-publish","format-standard","hentry","category-highlights","category-leben","category-persoenliches","tag-kindheit","tag-godelsberg","tag-lufthof","tag-abenteuer","format-beobachtung","content-image","content-text","project-stadtarchiv"],"acf":[],"yoast_head":"<!-- This site is optimized with the Yoast SEO plugin v27.4 - https:\/\/yoast.com\/product\/yoast-seo-wordpress\/ -->\n<title>Bubengeschichten vom Godelsberg - der Lufthof - Aschaffenburg<\/title>\n<meta name=\"robots\" content=\"index, follow, max-snippet:-1, max-image-preview:large, max-video-preview:-1\" \/>\n<link rel=\"canonical\" href=\"https:\/\/aschaffenburgzweinull.stadtarchiv-digital.de\/bubengeschichten-vom-godelsberg-der-lufthof\/\" \/>\n<meta property=\"og:locale\" content=\"de_DE\" \/>\n<meta property=\"og:type\" content=\"article\" \/>\n<meta property=\"og:title\" content=\"Bubengeschichten vom Godelsberg - der Lufthof - Aschaffenburg\" \/>\n<meta property=\"og:description\" content=\"Am Beginn der Schmerlenbacher Stra\u00dfe, also nach dem Zeughaus und dem sich anschlie\u00dfenden oberen Fasaneriew\u00e4ldchen mit dem sog. &#8222;Luginsland&#8220; (Ausblick unterhalb des Zeughauses Richtung Johannesberg \/ Kugelberg) in Richtung Schellenm\u00fchle [&hellip;]\" \/>\n<meta property=\"og:url\" content=\"https:\/\/aschaffenburgzweinull.stadtarchiv-digital.de\/bubengeschichten-vom-godelsberg-der-lufthof\/\" \/>\n<meta property=\"og:site_name\" content=\"Aschaffenburg\" \/>\n<meta property=\"article:published_time\" content=\"2020-11-20T15:40:02+00:00\" \/>\n<meta property=\"article:modified_time\" content=\"2024-03-07T10:04:56+00:00\" \/>\n<meta property=\"og:image\" content=\"https:\/\/aschaffenburgzweinull.stadtarchiv-digital.de\/wp-content\/uploads\/2020\/07\/Logo-Stadtarchiv-Aschaffenburg.png\" \/>\n\t<meta property=\"og:image:width\" content=\"379\" \/>\n\t<meta property=\"og:image:height\" content=\"70\" \/>\n\t<meta property=\"og:image:type\" content=\"image\/png\" \/>\n<meta name=\"author\" content=\"K.M.\" \/>\n<meta name=\"twitter:card\" content=\"summary_large_image\" \/>\n<meta name=\"twitter:label1\" content=\"Verfasst von\" \/>\n\t<meta name=\"twitter:data1\" content=\"K.M.\" \/>\n\t<meta name=\"twitter:label2\" content=\"Gesch\u00e4tzte Lesezeit\" \/>\n\t<meta name=\"twitter:data2\" content=\"3\u00a0Minuten\" \/>\n<script type=\"application\/ld+json\" class=\"yoast-schema-graph\">{\"@context\":\"https:\\\/\\\/schema.org\",\"@graph\":[{\"@type\":\"Article\",\"@id\":\"https:\\\/\\\/aschaffenburgzweinull.stadtarchiv-digital.de\\\/bubengeschichten-vom-godelsberg-der-lufthof\\\/#article\",\"isPartOf\":{\"@id\":\"https:\\\/\\\/aschaffenburgzweinull.stadtarchiv-digital.de\\\/bubengeschichten-vom-godelsberg-der-lufthof\\\/\"},\"author\":{\"name\":\"K.M.\",\"@id\":\"https:\\\/\\\/aschaffenburgzweinull.stadtarchiv-digital.de\\\/#\\\/schema\\\/person\\\/623b5f64fcece9c2626f6e2a3c60aa96\"},\"headline\":\"Bubengeschichten vom Godelsberg &#8211; der Lufthof\",\"datePublished\":\"2020-11-20T15:40:02+00:00\",\"dateModified\":\"2024-03-07T10:04:56+00:00\",\"mainEntityOfPage\":{\"@id\":\"https:\\\/\\\/aschaffenburgzweinull.stadtarchiv-digital.de\\\/bubengeschichten-vom-godelsberg-der-lufthof\\\/\"},\"wordCount\":679,\"commentCount\":3,\"keywords\":[\"Kindheit\",\"Godelsberg\",\"Lufthof\",\"Abenteuer\"],\"articleSection\":[\"Highlights\",\"Leben\",\"Pers\u00f6nliches\"],\"inLanguage\":\"de\",\"potentialAction\":[{\"@type\":\"CommentAction\",\"name\":\"Comment\",\"target\":[\"https:\\\/\\\/aschaffenburgzweinull.stadtarchiv-digital.de\\\/bubengeschichten-vom-godelsberg-der-lufthof\\\/#respond\"]}]},{\"@type\":\"WebPage\",\"@id\":\"https:\\\/\\\/aschaffenburgzweinull.stadtarchiv-digital.de\\\/bubengeschichten-vom-godelsberg-der-lufthof\\\/\",\"url\":\"https:\\\/\\\/aschaffenburgzweinull.stadtarchiv-digital.de\\\/bubengeschichten-vom-godelsberg-der-lufthof\\\/\",\"name\":\"Bubengeschichten vom Godelsberg - der Lufthof - Aschaffenburg\",\"isPartOf\":{\"@id\":\"https:\\\/\\\/aschaffenburgzweinull.stadtarchiv-digital.de\\\/#website\"},\"datePublished\":\"2020-11-20T15:40:02+00:00\",\"dateModified\":\"2024-03-07T10:04:56+00:00\",\"author\":{\"@id\":\"https:\\\/\\\/aschaffenburgzweinull.stadtarchiv-digital.de\\\/#\\\/schema\\\/person\\\/623b5f64fcece9c2626f6e2a3c60aa96\"},\"breadcrumb\":{\"@id\":\"https:\\\/\\\/aschaffenburgzweinull.stadtarchiv-digital.de\\\/bubengeschichten-vom-godelsberg-der-lufthof\\\/#breadcrumb\"},\"inLanguage\":\"de\",\"potentialAction\":[{\"@type\":\"ReadAction\",\"target\":[\"https:\\\/\\\/aschaffenburgzweinull.stadtarchiv-digital.de\\\/bubengeschichten-vom-godelsberg-der-lufthof\\\/\"]}]},{\"@type\":\"BreadcrumbList\",\"@id\":\"https:\\\/\\\/aschaffenburgzweinull.stadtarchiv-digital.de\\\/bubengeschichten-vom-godelsberg-der-lufthof\\\/#breadcrumb\",\"itemListElement\":[{\"@type\":\"ListItem\",\"position\":1,\"name\":\"Startseite\",\"item\":\"https:\\\/\\\/aschaffenburgzweinull.stadtarchiv-digital.de\\\/\"},{\"@type\":\"ListItem\",\"position\":2,\"name\":\"Bubengeschichten vom Godelsberg &#8211; der Lufthof\"}]},{\"@type\":\"WebSite\",\"@id\":\"https:\\\/\\\/aschaffenburgzweinull.stadtarchiv-digital.de\\\/#website\",\"url\":\"https:\\\/\\\/aschaffenburgzweinull.stadtarchiv-digital.de\\\/\",\"name\":\"Aschaffenburg\",\"description\":\"2.0\",\"potentialAction\":[{\"@type\":\"SearchAction\",\"target\":{\"@type\":\"EntryPoint\",\"urlTemplate\":\"https:\\\/\\\/aschaffenburgzweinull.stadtarchiv-digital.de\\\/?s={search_term_string}\"},\"query-input\":{\"@type\":\"PropertyValueSpecification\",\"valueRequired\":true,\"valueName\":\"search_term_string\"}}],\"inLanguage\":\"de\"},{\"@type\":\"Person\",\"@id\":\"https:\\\/\\\/aschaffenburgzweinull.stadtarchiv-digital.de\\\/#\\\/schema\\\/person\\\/623b5f64fcece9c2626f6e2a3c60aa96\",\"name\":\"K.M.\",\"url\":\"https:\\\/\\\/aschaffenburgzweinull.stadtarchiv-digital.de\\\/author\\\/k-m\\\/\"}]}<\/script>\n<!-- \/ Yoast SEO plugin. -->","yoast_head_json":{"title":"Bubengeschichten vom Godelsberg - der Lufthof - Aschaffenburg","robots":{"index":"index","follow":"follow","max-snippet":"max-snippet:-1","max-image-preview":"max-image-preview:large","max-video-preview":"max-video-preview:-1"},"canonical":"https:\/\/aschaffenburgzweinull.stadtarchiv-digital.de\/bubengeschichten-vom-godelsberg-der-lufthof\/","og_locale":"de_DE","og_type":"article","og_title":"Bubengeschichten vom Godelsberg - der Lufthof - Aschaffenburg","og_description":"Am Beginn der Schmerlenbacher Stra\u00dfe, also nach dem Zeughaus und dem sich anschlie\u00dfenden oberen Fasaneriew\u00e4ldchen mit dem sog. &#8222;Luginsland&#8220; (Ausblick unterhalb des Zeughauses Richtung Johannesberg \/ Kugelberg) in Richtung Schellenm\u00fchle [&hellip;]","og_url":"https:\/\/aschaffenburgzweinull.stadtarchiv-digital.de\/bubengeschichten-vom-godelsberg-der-lufthof\/","og_site_name":"Aschaffenburg","article_published_time":"2020-11-20T15:40:02+00:00","article_modified_time":"2024-03-07T10:04:56+00:00","og_image":[{"width":379,"height":70,"url":"https:\/\/aschaffenburgzweinull.stadtarchiv-digital.de\/wp-content\/uploads\/2020\/07\/Logo-Stadtarchiv-Aschaffenburg.png","type":"image\/png"}],"author":"K.M.","twitter_card":"summary_large_image","twitter_misc":{"Verfasst von":"K.M.","Gesch\u00e4tzte Lesezeit":"3\u00a0Minuten"},"schema":{"@context":"https:\/\/schema.org","@graph":[{"@type":"Article","@id":"https:\/\/aschaffenburgzweinull.stadtarchiv-digital.de\/bubengeschichten-vom-godelsberg-der-lufthof\/#article","isPartOf":{"@id":"https:\/\/aschaffenburgzweinull.stadtarchiv-digital.de\/bubengeschichten-vom-godelsberg-der-lufthof\/"},"author":{"name":"K.M.","@id":"https:\/\/aschaffenburgzweinull.stadtarchiv-digital.de\/#\/schema\/person\/623b5f64fcece9c2626f6e2a3c60aa96"},"headline":"Bubengeschichten vom Godelsberg &#8211; der Lufthof","datePublished":"2020-11-20T15:40:02+00:00","dateModified":"2024-03-07T10:04:56+00:00","mainEntityOfPage":{"@id":"https:\/\/aschaffenburgzweinull.stadtarchiv-digital.de\/bubengeschichten-vom-godelsberg-der-lufthof\/"},"wordCount":679,"commentCount":3,"keywords":["Kindheit","Godelsberg","Lufthof","Abenteuer"],"articleSection":["Highlights","Leben","Pers\u00f6nliches"],"inLanguage":"de","potentialAction":[{"@type":"CommentAction","name":"Comment","target":["https:\/\/aschaffenburgzweinull.stadtarchiv-digital.de\/bubengeschichten-vom-godelsberg-der-lufthof\/#respond"]}]},{"@type":"WebPage","@id":"https:\/\/aschaffenburgzweinull.stadtarchiv-digital.de\/bubengeschichten-vom-godelsberg-der-lufthof\/","url":"https:\/\/aschaffenburgzweinull.stadtarchiv-digital.de\/bubengeschichten-vom-godelsberg-der-lufthof\/","name":"Bubengeschichten vom Godelsberg - der Lufthof - Aschaffenburg","isPartOf":{"@id":"https:\/\/aschaffenburgzweinull.stadtarchiv-digital.de\/#website"},"datePublished":"2020-11-20T15:40:02+00:00","dateModified":"2024-03-07T10:04:56+00:00","author":{"@id":"https:\/\/aschaffenburgzweinull.stadtarchiv-digital.de\/#\/schema\/person\/623b5f64fcece9c2626f6e2a3c60aa96"},"breadcrumb":{"@id":"https:\/\/aschaffenburgzweinull.stadtarchiv-digital.de\/bubengeschichten-vom-godelsberg-der-lufthof\/#breadcrumb"},"inLanguage":"de","potentialAction":[{"@type":"ReadAction","target":["https:\/\/aschaffenburgzweinull.stadtarchiv-digital.de\/bubengeschichten-vom-godelsberg-der-lufthof\/"]}]},{"@type":"BreadcrumbList","@id":"https:\/\/aschaffenburgzweinull.stadtarchiv-digital.de\/bubengeschichten-vom-godelsberg-der-lufthof\/#breadcrumb","itemListElement":[{"@type":"ListItem","position":1,"name":"Startseite","item":"https:\/\/aschaffenburgzweinull.stadtarchiv-digital.de\/"},{"@type":"ListItem","position":2,"name":"Bubengeschichten vom Godelsberg &#8211; der Lufthof"}]},{"@type":"WebSite","@id":"https:\/\/aschaffenburgzweinull.stadtarchiv-digital.de\/#website","url":"https:\/\/aschaffenburgzweinull.stadtarchiv-digital.de\/","name":"Aschaffenburg","description":"2.0","potentialAction":[{"@type":"SearchAction","target":{"@type":"EntryPoint","urlTemplate":"https:\/\/aschaffenburgzweinull.stadtarchiv-digital.de\/?s={search_term_string}"},"query-input":{"@type":"PropertyValueSpecification","valueRequired":true,"valueName":"search_term_string"}}],"inLanguage":"de"},{"@type":"Person","@id":"https:\/\/aschaffenburgzweinull.stadtarchiv-digital.de\/#\/schema\/person\/623b5f64fcece9c2626f6e2a3c60aa96","name":"K.M.","url":"https:\/\/aschaffenburgzweinull.stadtarchiv-digital.de\/author\/k-m\/"}]}},"_links":{"self":[{"href":"https:\/\/aschaffenburgzweinull.stadtarchiv-digital.de\/data\/wp\/v2\/posts\/1063","targetHints":{"allow":["GET"]}}],"collection":[{"href":"https:\/\/aschaffenburgzweinull.stadtarchiv-digital.de\/data\/wp\/v2\/posts"}],"about":[{"href":"https:\/\/aschaffenburgzweinull.stadtarchiv-digital.de\/data\/wp\/v2\/types\/post"}],"author":[{"embeddable":true,"href":"https:\/\/aschaffenburgzweinull.stadtarchiv-digital.de\/data\/wp\/v2\/users\/39"}],"replies":[{"embeddable":true,"href":"https:\/\/aschaffenburgzweinull.stadtarchiv-digital.de\/data\/wp\/v2\/comments?post=1063"}],"version-history":[{"count":12,"href":"https:\/\/aschaffenburgzweinull.stadtarchiv-digital.de\/data\/wp\/v2\/posts\/1063\/revisions"}],"predecessor-version":[{"id":1119,"href":"https:\/\/aschaffenburgzweinull.stadtarchiv-digital.de\/data\/wp\/v2\/posts\/1063\/revisions\/1119"}],"wp:attachment":[{"href":"https:\/\/aschaffenburgzweinull.stadtarchiv-digital.de\/data\/wp\/v2\/media?parent=1063"}],"wp:term":[{"taxonomy":"category","embeddable":true,"href":"https:\/\/aschaffenburgzweinull.stadtarchiv-digital.de\/data\/wp\/v2\/categories?post=1063"},{"taxonomy":"post_tag","embeddable":true,"href":"https:\/\/aschaffenburgzweinull.stadtarchiv-digital.de\/data\/wp\/v2\/tags?post=1063"},{"taxonomy":"format","embeddable":true,"href":"https:\/\/aschaffenburgzweinull.stadtarchiv-digital.de\/data\/wp\/v2\/post-format?post=1063"},{"taxonomy":"content","embeddable":true,"href":"https:\/\/aschaffenburgzweinull.stadtarchiv-digital.de\/data\/wp\/v2\/post-content?post=1063"}],"curies":[{"name":"wp","href":"https:\/\/api.w.org\/{rel}","templated":true}]}}